{"id":6426,"date":"2025-04-14T11:35:35","date_gmt":"2025-04-14T11:35:35","guid":{"rendered":"https:\/\/did-dev.net\/mineddte\/?p=6426"},"modified":"2025-04-29T16:39:32","modified_gmt":"2025-04-29T16:39:32","slug":"ebony-2024-la-meilleure-production-sur-le-changement-climatique-et-la-transition-ecologique-primee","status":"publish","type":"post","link":"https:\/\/did-dev.net\/mineddte\/ebony-2024-la-meilleure-production-sur-le-changement-climatique-et-la-transition-ecologique-primee\/","title":{"rendered":"EBONY 2024 : LA MEILLEURE PRODUCTION SUR LE CHANGEMENT CLIMATIQUE ET LA TRANSITION ECOLOGIQUE PRIMEE"},"content":{"rendered":"<div class=\"xdj266r x11i5rnm xat24cr x1mh8g0r x1vvkbs x126k92a\">\n<div dir=\"auto\" style=\"text-align: justify;\"><span style=\"font-family: verdana, geneva, sans-serif;\">Monsieur Germain Gabo, journaliste au quotidien Fraternit\u00e9 Matin, re\u00e7oit le prix sp\u00e9cial de la meilleure production sur le changement climatique et la transition \u00e9cologique. C\u2019\u00e9tait au cours de la 26\u00e8me \u00e9dition de la nuit des Ebony organis\u00e9e par l\u2019Union Nationale des Journalistes de C\u00f4te d\u2019Ivoire (UNJCI) r\u00e9compensant les meilleurs journalistes du pays, le 12 avril 2025 \u00e0 Yamoussoukro.<\/span><\/div>\n<div dir=\"auto\"><\/div>\n<div dir=\"auto\" style=\"text-align: justify;\"><span style=\"font-family: verdana, geneva, sans-serif;\">Le prix a \u00e9t\u00e9 remis par le Dr Elis\u00e9e Napari Y\u00e9o, Directeur de Cabinet Adjoint du Ministre de l\u2019Environnement, du D\u00e9veloppement et de la Transition Ecologique.<\/span><\/div>\n<div dir=\"auto\"><\/div>\n<\/div>\n<div class=\"x11i5rnm xat24cr x1mh8g0r x1vvkbs xtlvy1s x126k92a\" style=\"text-align: justify;\">\n<div dir=\"auto\"><span style=\"font-family: verdana, geneva, sans-serif;\">Ce prix sp\u00e9cial, instaur\u00e9 par le Minist\u00e8re de l\u2019Environnement, du D\u00e9veloppement et de la Transition Ecologique en collaboration avec Expertise France, vise \u00e0 mettre en lumi\u00e8re le r\u00f4le crucial des m\u00e9dias dans la sensibilisation et l\u2019accompagnement de la transition \u00e9cologique. Il r\u00e9compense les productions journalistiques qui abordent les th\u00e9matiques des changements climatiques avec pertinence, rigueur et cr\u00e9ativit\u00e9.<\/span><\/div>\n<\/div>\n<div class=\"x11i5rnm xat24cr x1mh8g0r x1vvkbs xtlvy1s x126k92a\">\n<div dir=\"auto\"><\/div>\n<div dir=\"auto\" style=\"text-align: justify;\"><span style=\"font-family: verdana, geneva, sans-serif;\">Par ailleurs, le super prix Ebony 2024, la plus haute distinction, est revenu \u00e0 Monsieur Faustin Ehouman Journaliste au quotidien Fraternit\u00e9 Matin.<\/span><\/div>\n<\/div>\n","protected":false},"excerpt":{"rendered":"<p>Monsieur Germain Gabo, journaliste au quotidien Fraternit\u00e9 Matin, re\u00e7oit le prix sp\u00e9cial de la meilleure production sur le changement climatique et la transition \u00e9cologique. C\u2019\u00e9tait au cours de la 26\u00e8me [&hellip;]<\/p>\n","protected":false},"author":1,"featured_media":6428,"comment_status":"closed","ping_status":"closed","sticky":false,"template":"","format":"standard","meta":{"_lmt_disableupdate":"no","_lmt_disable":"","pgc_sgb_lightbox_settings":""},"categories":[58],"tags":[],"post_folder":[],"modified_by":"MINEDD","_links":{"self":[{"href":"https:\/\/did-dev.net\/mineddte\/wp-json\/wp\/v2\/posts\/6426"}],"collection":[{"href":"https:\/\/did-dev.net\/mineddte\/wp-json\/wp\/v2\/posts"}],"about":[{"href":"https:\/\/did-dev.net\/mineddte\/wp-json\/wp\/v2\/types\/post"}],"author":[{"embeddable":true,"href":"https:\/\/did-dev.net\/mineddte\/wp-json\/wp\/v2\/users\/1"}],"replies":[{"embeddable":true,"href":"https:\/\/did-dev.net\/mineddte\/wp-json\/wp\/v2\/comments?post=6426"}],"version-history":[{"count":2,"href":"https:\/\/did-dev.net\/mineddte\/wp-json\/wp\/v2\/posts\/6426\/revisions"}],"predecessor-version":[{"id":6434,"href":"https:\/\/did-dev.net\/mineddte\/wp-json\/wp\/v2\/posts\/6426\/revisions\/6434"}],"wp:featuredmedia":[{"embeddable":true,"href":"https:\/\/did-dev.net\/mineddte\/wp-json\/wp\/v2\/media\/6428"}],"wp:attachment":[{"href":"https:\/\/did-dev.net\/mineddte\/wp-json\/wp\/v2\/media?parent=6426"}],"wp:term":[{"taxonomy":"category","embeddable":true,"href":"https:\/\/did-dev.net\/mineddte\/wp-json\/wp\/v2\/categories?post=6426"},{"taxonomy":"post_tag","embeddable":true,"href":"https:\/\/did-dev.net\/mineddte\/wp-json\/wp\/v2\/tags?post=6426"},{"taxonomy":"post_folder","embeddable":true,"href":"https:\/\/did-dev.net\/mineddte\/wp-json\/wp\/v2\/post_folder?post=6426"}],"curies":[{"name":"wp","href":"https:\/\/api.w.org\/{rel}","templated":true}]}}