{"id":6423,"date":"2025-04-10T09:33:27","date_gmt":"2025-04-10T09:33:27","guid":{"rendered":"https:\/\/did-dev.net\/mineddte\/?p=6423"},"modified":"2025-04-29T16:39:23","modified_gmt":"2025-04-29T16:39:23","slug":"changement-climatique-le-gouvernement-ivoirien-ambitionne-dintensifier-ses-actions-pour-attenuer-les-effets-du-changement-climatique","status":"publish","type":"post","link":"https:\/\/did-dev.net\/mineddte\/changement-climatique-le-gouvernement-ivoirien-ambitionne-dintensifier-ses-actions-pour-attenuer-les-effets-du-changement-climatique\/","title":{"rendered":"CHANGEMENT CLIMATIQUE\u00a0: LE GOUVERNEMENT IVOIRIEN AMBITIONNE D\u2019INTENSIFIER SES ACTIONS POUR ATTENUER LES EFFETS DU CHANGEMENT CLIMATIQUE"},"content":{"rendered":"<p style=\"text-align: justify;\"><span style=\"font-family: verdana, geneva, sans-serif;\">Le gouvernement ivoirien ambitionne d&#8217;intensifier ses actions pour att\u00e9nuer les effets du changement climatique, a d\u00e9clar\u00e9 le Directeur de Cabinet du Ministre de l&#8217;Environnement, du D\u00e9veloppement Durable et de la Transition Ecologique, Parfait Kouadio.<\/span><\/p>\n<p style=\"text-align: justify;\"><span style=\"font-family: verdana, geneva, sans-serif;\">Il pr\u00e9sidait l&#8217;ouverture officielle de l&#8217;atelier de formulation des mesures d&#8217;att\u00e9nuation et d&#8217;adaptation des Contributions d\u00e9termin\u00e9es au Niveau national (CDN) de troisi\u00e8me g\u00e9n\u00e9ration (CDN3.0), le lundi 07 avril 2025 \u00e0 Grand-Bassam.<\/span><\/p>\n<p style=\"text-align: justify;\"><span style=\"font-family: verdana, geneva, sans-serif;\">\u00ab Nous allons faire plus d&#8217;efforts, parce que la question du changement climatique touche tous les secteurs : agriculture, transport, \u00e9nergie \u00bb, a assur\u00e9 Parfait Kouadio.<\/span><\/p>\n<p style=\"text-align: justify;\"><span style=\"font-family: verdana, geneva, sans-serif;\">En rappelant que la premi\u00e8re version des CDN fixait un objectif de r\u00e9duction des Gaz \u00e0 Effet de Serre (GES) de 28,45%, r\u00e9vis\u00e9 \u00e0 30,41% dans la version 2.0, il a annonc\u00e9 qu&#8217;avec la CDN 3.0, la barre sera encore relev\u00e9e, en coh\u00e9rence avec les engagements internationaux de la C\u00f4te d&#8217;Ivoire.<\/span><\/p>\n<p style=\"text-align: justify;\"><span style=\"font-family: verdana, geneva, sans-serif;\">Pour la repr\u00e9sentante r\u00e9sidente du Programme des Nations unies pour le D\u00e9veloppement (PNUD), Blerta Cela, la r\u00e9vision des CDN 3.0 est aussi une opportunit\u00e9 strat\u00e9gique pour contribuer pleinement au Plan national de D\u00e9veloppement 2026\u20132030, ainsi qu&#8217;aux Objectifs de D\u00e9veloppement durable (ODD).<\/span><\/p>\n<p style=\"text-align: justify;\"><span style=\"font-family: verdana, geneva, sans-serif;\">&#8220;Je salue, \u00e0 ce titre, l&#8217;engagement r\u00e9solu du gouvernement d&#8217;int\u00e9grer les ODD dans le futur PND. Du c\u00f4t\u00e9 du PNUD, \u00e0 travers l&#8217;initiative Climate Promise, nous sommes fiers d&#8217;\u00eatre partenaires de cette dynamique&#8221;, a-t-elle dit.<\/span><\/p>\n<p style=\"text-align: justify;\"><span style=\"font-family: verdana, geneva, sans-serif;\">En plus d&#8217;affirmer que le PNUD a d\u00e9velopp\u00e9 plusieurs outils techniques, l&#8217;un pour assurer l&#8217;alignement des CDN avec les ODD et le PND, l&#8217;autre pour \u00e9valuer la qualit\u00e9 des CDN et en faire des instruments strat\u00e9giques de d\u00e9veloppement durable, Blerta Cela a annonc\u00e9 que le PNUD mettra \u00e0 disposition une \u00e9quipe d&#8217;experts pour accompagner la consolidation des r\u00e9sultats issus des groupes de travail, et construire ensemble un narratif solide pour porter la vision climatique ivoirienne \u00e0 l&#8217;horizon 2030 et au-del\u00e0.<\/span><\/p>\n<p style=\"text-align: justify;\"><span style=\"font-family: verdana, geneva, sans-serif;\">La repr\u00e9sentante de la D\u00e9l\u00e9gation de l&#8217;Union europ\u00e9enne, Laura Desmoulin, a rassur\u00e9 que l&#8217;UE reste mobilis\u00e9e aux c\u00f4t\u00e9s du gouvernement ivoirien pour relever le d\u00e9fi climatique&#8221;.<\/span><\/p>\n<p style=\"text-align: justify;\"><span style=\"font-family: verdana, geneva, sans-serif;\">C&#8217;est pourquoi, elle a relev\u00e9 que &#8220;en soutien \u00e0 la lutte contre le changement climatique, l&#8217;Union europ\u00e9enne d\u00e9ploie sa strat\u00e9gie Global Gateway, qui vise \u00e0 construire des partenariats internationaux solides et r\u00e9silients&#8221;.<\/span><\/p>\n<p style=\"text-align: justify;\"><span style=\"font-family: verdana, geneva, sans-serif;\">Selon elle, cette strat\u00e9gie met l&#8217;accent sur le d\u00e9veloppement d&#8217;infrastructures durables et de projets visant \u00e0 renforcer les connexions dans des domaines cl\u00e9s comme l&#8217;\u00e9nergie, le num\u00e9rique et le transport.<\/span><\/p>\n<p style=\"text-align: justify;\"><span style=\"font-family: verdana, geneva, sans-serif;\">Pour rappel, l&#8217;atelier s&#8217;inscrit dans le cadre du projet Transition Bas Carbone mis en \u0153uvre par Expertise France et financ\u00e9 par l&#8217;UE \u00e0 hauteur de 3,8 milliards FCFA.<\/span><\/p>\n","protected":false},"excerpt":{"rendered":"<p>Le gouvernement ivoirien ambitionne d&#8217;intensifier ses actions pour att\u00e9nuer les effets du changement climatique, a d\u00e9clar\u00e9 le Directeur de Cabinet du Ministre de l&#8217;Environnement, du D\u00e9veloppement Durable et de la [&hellip;]<\/p>\n","protected":false},"author":1,"featured_media":6424,"comment_status":"closed","ping_status":"closed","sticky":false,"template":"","format":"standard","meta":{"_lmt_disableupdate":"no","_lmt_disable":"","pgc_sgb_lightbox_settings":""},"categories":[58],"tags":[],"post_folder":[],"modified_by":"MINEDD","_links":{"self":[{"href":"https:\/\/did-dev.net\/mineddte\/wp-json\/wp\/v2\/posts\/6423"}],"collection":[{"href":"https:\/\/did-dev.net\/mineddte\/wp-json\/wp\/v2\/posts"}],"about":[{"href":"https:\/\/did-dev.net\/mineddte\/wp-json\/wp\/v2\/types\/post"}],"author":[{"embeddable":true,"href":"https:\/\/did-dev.net\/mineddte\/wp-json\/wp\/v2\/users\/1"}],"replies":[{"embeddable":true,"href":"https:\/\/did-dev.net\/mineddte\/wp-json\/wp\/v2\/comments?post=6423"}],"version-history":[{"count":1,"href":"https:\/\/did-dev.net\/mineddte\/wp-json\/wp\/v2\/posts\/6423\/revisions"}],"predecessor-version":[{"id":6425,"href":"https:\/\/did-dev.net\/mineddte\/wp-json\/wp\/v2\/posts\/6423\/revisions\/6425"}],"wp:featuredmedia":[{"embeddable":true,"href":"https:\/\/did-dev.net\/mineddte\/wp-json\/wp\/v2\/media\/6424"}],"wp:attachment":[{"href":"https:\/\/did-dev.net\/mineddte\/wp-json\/wp\/v2\/media?parent=6423"}],"wp:term":[{"taxonomy":"category","embeddable":true,"href":"https:\/\/did-dev.net\/mineddte\/wp-json\/wp\/v2\/categories?post=6423"},{"taxonomy":"post_tag","embeddable":true,"href":"https:\/\/did-dev.net\/mineddte\/wp-json\/wp\/v2\/tags?post=6423"},{"taxonomy":"post_folder","embeddable":true,"href":"https:\/\/did-dev.net\/mineddte\/wp-json\/wp\/v2\/post_folder?post=6423"}],"curies":[{"name":"wp","href":"https:\/\/api.w.org\/{rel}","templated":true}]}}