{"id":6365,"date":"2025-04-10T18:31:47","date_gmt":"2025-04-10T18:31:47","guid":{"rendered":"https:\/\/did-dev.net\/mineddte\/?p=6365"},"modified":"2025-04-16T11:21:01","modified_gmt":"2025-04-16T11:21:01","slug":"quinzaine-nationale-de-lenvironnement-du-developpement-durable-et-de-la-transition-ecologique-le-ministre-assahore-lance-ledition-2025-sous-le-sceau-de-lecoresponsabilite","status":"publish","type":"post","link":"https:\/\/did-dev.net\/mineddte\/quinzaine-nationale-de-lenvironnement-du-developpement-durable-et-de-la-transition-ecologique-le-ministre-assahore-lance-ledition-2025-sous-le-sceau-de-lecoresponsabilite\/","title":{"rendered":"QUINZAINE NATIONALE DE L\u2019ENVIRONNEMENT, DU DEVELOPPEMENT DURABLE ET DE LA TRANSITION ECOLOGIQUE : LE MINISTRE ASSAHORE LANCE L\u2019EDITION 2025 SOUS LE SCEAU DE L\u2019ECORESPONSABILITE"},"content":{"rendered":"<p style=\"text-align: justify;\"><span style=\"font-family: verdana, geneva, sans-serif;\">Le Ministre Assahor\u00e9 Konan Jacques a proc\u00e9d\u00e9 au lancement des activit\u00e9s la Quinzaine Nationale de l\u2019Environnement, du D\u00e9veloppement Durable et de la Transition Ecologique (QNEDDTE), \u00e9dition 2025 plac\u00e9e sous le th\u00e8me <em><strong>\u00ab Je suis un citoyen \u00e9coresponsable \u00bb<\/strong><\/em>. C\u2019\u00e9tait le jeudi 10 avril 2025, au cours d\u2019une c\u00e9r\u00e9monie de pr\u00e9sentation des grandes articulations de cette activit\u00e9, \u00e0 Bingerville, dans la r\u00e9serve de \u00e0 Dahlia Fleurs.<\/span><\/p>\n<p style=\"text-align: justify;\"><span style=\"font-family: verdana, geneva, sans-serif;\">Du 03 au 17 juin 2025, le Minist\u00e8re de l\u2019Environnement, du D\u00e9veloppement Durable et de la Transition Ecologique, en collaboration avec ses Partenaires au D\u00e9veloppement, les collectivit\u00e9s territoriales, le Secteur Priv\u00e9 et la Soci\u00e9t\u00e9 Civile, entend accentuer l\u2019information et la sensibilisation aupr\u00e8s des populations et des industriels en faveur de la protection de la faune, de la flore, des terres et des oc\u00e9ans.<\/span><\/p>\n<p style=\"text-align: justify;\"><span style=\"font-family: verdana, geneva, sans-serif;\">Selon le Ministre, la quinzaine sera tant \u00e0 Abidjan qu\u2019\u00e0 l\u2019int\u00e9rieur du pays pour sensibiliser les populations et toutes les couches socioprofessionnelles sur les enjeux socio-\u00e9conomiques afin de susciter une prise de conscience globale sur la question de la r\u00e9silience et des syst\u00e8mes de production face aux changements climatiques.<\/span><\/p>\n<p style=\"text-align: justify;\"><span style=\"font-family: verdana, geneva, sans-serif;\">Dans son annonce, il a cit\u00e9 les grandes activit\u00e9s \u00e9clat\u00e9es qui meubleront la QNEDDTE. On note ainsi, la Journ\u00e9e Internationale Z\u00e9ro D\u00e9chet c\u00e9l\u00e9br\u00e9e le 30 mars ; la Journ\u00e9e Mondiale de l\u2019Environnement, le 05 juin ; la Journ\u00e9e Mondiale des Oc\u00e9ans, le 09 juin ; la Journ\u00e9e Internationale de la Biodiversit\u00e9, le 12 juin et la Journ\u00e9e Mondiale de Lutte contre la D\u00e9sertification et la S\u00e8cheresse, le 17 juin. Un exercice de simulation du PLAN POLLUMAR aura lieu \u00e0 Abidjan. Ce plan est une r\u00e9ponse du Gouvernement en cas de pollution de grande envergure par les hydrocarbures en mer ou en lagune et dans les zones c\u00f4ti\u00e8res.<\/span><\/p>\n<p style=\"text-align: justify;\"><span style=\"font-family: verdana, geneva, sans-serif;\">Divers panels et des \u00e9missions radio et t\u00e9l\u00e9 pour r\u00e9fl\u00e9chir sur la probl\u00e9matique de la protection de la nature, sur les innovations et technologies vertes, des s\u00e9ances d\u2019informations et de communication sur les progr\u00e8s r\u00e9alis\u00e9s, les actions en cours et \u00e0 venir en mati\u00e8re de protection environnementale et de promotion du d\u00e9veloppement durable animeront la quinzaine.<\/span><\/p>\n<p style=\"text-align: justify;\"><span style=\"font-family: verdana, geneva, sans-serif;\">La r\u00e9alisation de ces activit\u00e9s ne saura se faire sans les populations. C\u2019est pourquoi le Ministre Assahor\u00e9 les a invit\u00e9s \u00e0 \u00ab prendre part aux diff\u00e9rentes activit\u00e9s de la QNEDDTE par leur participation massive. \u00bb, a-t-il conclu.<\/span><\/p>\n<p style=\"text-align: justify;\"><span style=\"font-family: verdana, geneva, sans-serif;\">Il faut noter que la Quinzaine Nationale de l\u2019Environnement, du D\u00e9veloppement Durable et de la Transition Ecologique (QNEDDTE) est un \u00e9v\u00e9nement annuel visant \u00e0 sensibiliser les populations sur les enjeux environnementaux et \u00e0 promouvoir des actions concr\u00e8tes pour la protection de l&#8217;environnement.<\/span><\/p>\n","protected":false},"excerpt":{"rendered":"<p>Le Ministre Assahor\u00e9 Konan Jacques a proc\u00e9d\u00e9 au lancement des activit\u00e9s la Quinzaine Nationale de l\u2019Environnement, du D\u00e9veloppement Durable et de la Transition Ecologique (QNEDDTE), \u00e9dition 2025 plac\u00e9e sous le [&hellip;]<\/p>\n","protected":false},"author":1,"featured_media":6370,"comment_status":"closed","ping_status":"closed","sticky":false,"template":"","format":"standard","meta":{"_lmt_disableupdate":"no","_lmt_disable":"","pgc_sgb_lightbox_settings":""},"categories":[58],"tags":[],"post_folder":[],"modified_by":"MINEDD","_links":{"self":[{"href":"https:\/\/did-dev.net\/mineddte\/wp-json\/wp\/v2\/posts\/6365"}],"collection":[{"href":"https:\/\/did-dev.net\/mineddte\/wp-json\/wp\/v2\/posts"}],"about":[{"href":"https:\/\/did-dev.net\/mineddte\/wp-json\/wp\/v2\/types\/post"}],"author":[{"embeddable":true,"href":"https:\/\/did-dev.net\/mineddte\/wp-json\/wp\/v2\/users\/1"}],"replies":[{"embeddable":true,"href":"https:\/\/did-dev.net\/mineddte\/wp-json\/wp\/v2\/comments?post=6365"}],"version-history":[{"count":1,"href":"https:\/\/did-dev.net\/mineddte\/wp-json\/wp\/v2\/posts\/6365\/revisions"}],"predecessor-version":[{"id":6418,"href":"https:\/\/did-dev.net\/mineddte\/wp-json\/wp\/v2\/posts\/6365\/revisions\/6418"}],"wp:featuredmedia":[{"embeddable":true,"href":"https:\/\/did-dev.net\/mineddte\/wp-json\/wp\/v2\/media\/6370"}],"wp:attachment":[{"href":"https:\/\/did-dev.net\/mineddte\/wp-json\/wp\/v2\/media?parent=6365"}],"wp:term":[{"taxonomy":"category","embeddable":true,"href":"https:\/\/did-dev.net\/mineddte\/wp-json\/wp\/v2\/categories?post=6365"},{"taxonomy":"post_tag","embeddable":true,"href":"https:\/\/did-dev.net\/mineddte\/wp-json\/wp\/v2\/tags?post=6365"},{"taxonomy":"post_folder","embeddable":true,"href":"https:\/\/did-dev.net\/mineddte\/wp-json\/wp\/v2\/post_folder?post=6365"}],"curies":[{"name":"wp","href":"https:\/\/api.w.org\/{rel}","templated":true}]}}