{"id":6364,"date":"2025-04-09T21:42:32","date_gmt":"2025-04-09T21:42:32","guid":{"rendered":"https:\/\/did-dev.net\/mineddte\/?p=6364"},"modified":"2025-05-09T15:02:13","modified_gmt":"2025-05-09T15:02:13","slug":"lutte-contre-le-changement-climatique-le-ministre-assahore-vise-un-partenariat-avec-luniversite-nangui-abrogoua","status":"publish","type":"post","link":"https:\/\/did-dev.net\/mineddte\/lutte-contre-le-changement-climatique-le-ministre-assahore-vise-un-partenariat-avec-luniversite-nangui-abrogoua\/","title":{"rendered":"LUTTE CONTRE LE CHANGEMENT CLIMATIQUE : LE MINISTRE ASSAHORE VISE UN PARTENARIAT AVEC L\u2019UNIVERSITE NANGUI ABROGOUA"},"content":{"rendered":"<p style=\"text-align: justify;\"><span style=\"font-family: verdana, geneva, sans-serif;\"><em>\u00ab Pour construire une C\u00f4te d\u2019Ivoire verte, r\u00e9siliente et fid\u00e8le \u00e0 ses engagements, nous avons besoin de votre savoir, nous avons besoin de la jeunesse et de l\u2019universit\u00e9 \u00bb<\/em>, a d\u00e9clar\u00e9 le Ministre de l\u2019Environnement, du D\u00e9veloppement Durable et de la Transition \u00c9cologique, M. Assahor\u00e9 Konan Jacques, lors d\u2019une conf\u00e9rence qu\u2019il a anim\u00e9e sur le th\u00e8me <strong><em>\u00ab Politique environnementale du gouvernement : innovations, d\u00e9fis et perspectives pour un d\u00e9veloppement durable \u00bb.<\/em><\/strong><\/span><\/p>\n<p style=\"text-align: justify;\"><span style=\"font-family: verdana, geneva, sans-serif;\">Cette rencontre s\u2019est tenue le mercredi 9 avril 2025 dans l\u2019amphith\u00e9\u00e2tre Professeur A\u00efdara Daouda de l\u2019Universit\u00e9 Nangui Abrogoua (UNA), en pr\u00e9sence d\u2019enseignants, de chercheurs et d\u2019\u00e9tudiants venus nombreux.<\/span><\/p>\n<p style=\"text-align: justify;\"><span style=\"font-family: verdana, geneva, sans-serif;\">Son objectif \u00e9tait, d\u2019une part de sensibiliser la communaut\u00e9 universitaire aux enjeux li\u00e9s au d\u00e9veloppement durable, et d\u2019autre part, encourager une implication plus active des chercheurs et des \u00e9tudiants dans la mise en \u0153uvre des politiques environnementales nationales.<\/span><\/p>\n<p style=\"text-align: justify;\"><span style=\"font-family: verdana, geneva, sans-serif;\">Dans son intervention, le Ministre Assahor\u00e9 a rappel\u00e9 les grands d\u00e9fis auxquels la C\u00f4te d\u2019Ivoire fait face : changement climatique, d\u00e9forestation, pollution, gestion des ressources naturelles. Il a soulign\u00e9 que ces menaces appellent des r\u00e9ponses concert\u00e9es et innovantes, \u00e0 travers une approche qui concilie croissance \u00e9conomique, pr\u00e9servation de l\u2019environnement et am\u00e9lioration du bien-\u00eatre des populations.<\/span><\/p>\n<p style=\"text-align: justify;\"><span style=\"font-family: verdana, geneva, sans-serif;\">Par ailleurs, il a annonc\u00e9 la volont\u00e9 de son d\u00e9partement minist\u00e9riel de signer une convention de partenariat avec l\u2019UNA, en vue de formaliser une collaboration durable autour de la recherche, de l\u2019innovation et de l\u2019action environnementale.<\/span><\/p>\n<p style=\"text-align: justify;\"><span style=\"font-family: verdana, geneva, sans-serif;\">Mme V\u00e9ronique Yobou\u00e9, Pr\u00e9sidente de l\u2019Universit\u00e9 Nangui Abrogoua, et M. Ars\u00e8ne Kob\u00e9a, Directeur de Cabinet repr\u00e9sentant le Ministre de l\u2019Enseignement Sup\u00e9rieur et de la Recherche Scientifique, ont pris la parole successivement pour saluer cette initiative. Ils ont ainsi rappel\u00e9 le r\u00f4le que doivent jouer les universit\u00e9s dans la r\u00e9flexion sur les politiques publiques, en particulier celles touchant au climat, \u00e0 la biodiversit\u00e9 et \u00e0 la transition \u00e9cologique.<\/span><\/p>\n<p style=\"text-align: justify;\"><span style=\"font-family: verdana, geneva, sans-serif;\">La rencontre a \u00e9galement \u00e9t\u00e9 enrichie par plusieurs communications. Parmi celles-ci, le Professeur Kouadio Georges, Conseiller Technique, a pr\u00e9sent\u00e9 les grandes innovations contenues dans le nouveau Code de l\u2019Environnement. Quant au Dr N\u2019tain Jeanne, Directrice G\u00e9n\u00e9rale de l\u2019Environnement, elle a ax\u00e9 son intervention sur les strat\u00e9gies de lutte contre la perte de la biodiversit\u00e9, tandis que Mme Rachel Douayoua, Secr\u00e9taire Technique du Bureau March\u00e9 Carbone, a abord\u00e9 les d\u00e9fis li\u00e9s aux changements climatiques et les perspectives de solutions.<\/span><\/p>\n","protected":false},"excerpt":{"rendered":"<p>\u00ab Pour construire une C\u00f4te d\u2019Ivoire verte, r\u00e9siliente et fid\u00e8le \u00e0 ses engagements, nous avons besoin de votre savoir, nous avons besoin de la jeunesse et de l\u2019universit\u00e9 \u00bb, a [&hellip;]<\/p>\n","protected":false},"author":1,"featured_media":6367,"comment_status":"closed","ping_status":"closed","sticky":false,"template":"","format":"standard","meta":{"_lmt_disableupdate":"no","_lmt_disable":"","pgc_sgb_lightbox_settings":""},"categories":[58],"tags":[],"post_folder":[],"modified_by":"MINEDD","_links":{"self":[{"href":"https:\/\/did-dev.net\/mineddte\/wp-json\/wp\/v2\/posts\/6364"}],"collection":[{"href":"https:\/\/did-dev.net\/mineddte\/wp-json\/wp\/v2\/posts"}],"about":[{"href":"https:\/\/did-dev.net\/mineddte\/wp-json\/wp\/v2\/types\/post"}],"author":[{"embeddable":true,"href":"https:\/\/did-dev.net\/mineddte\/wp-json\/wp\/v2\/users\/1"}],"replies":[{"embeddable":true,"href":"https:\/\/did-dev.net\/mineddte\/wp-json\/wp\/v2\/comments?post=6364"}],"version-history":[{"count":1,"href":"https:\/\/did-dev.net\/mineddte\/wp-json\/wp\/v2\/posts\/6364\/revisions"}],"predecessor-version":[{"id":6419,"href":"https:\/\/did-dev.net\/mineddte\/wp-json\/wp\/v2\/posts\/6364\/revisions\/6419"}],"wp:featuredmedia":[{"embeddable":true,"href":"https:\/\/did-dev.net\/mineddte\/wp-json\/wp\/v2\/media\/6367"}],"wp:attachment":[{"href":"https:\/\/did-dev.net\/mineddte\/wp-json\/wp\/v2\/media?parent=6364"}],"wp:term":[{"taxonomy":"category","embeddable":true,"href":"https:\/\/did-dev.net\/mineddte\/wp-json\/wp\/v2\/categories?post=6364"},{"taxonomy":"post_tag","embeddable":true,"href":"https:\/\/did-dev.net\/mineddte\/wp-json\/wp\/v2\/tags?post=6364"},{"taxonomy":"post_folder","embeddable":true,"href":"https:\/\/did-dev.net\/mineddte\/wp-json\/wp\/v2\/post_folder?post=6364"}],"curies":[{"name":"wp","href":"https:\/\/api.w.org\/{rel}","templated":true}]}}