{"id":6314,"date":"2025-04-04T11:56:37","date_gmt":"2025-04-04T11:56:37","guid":{"rendered":"https:\/\/did-dev.net\/mineddte\/?p=6314"},"modified":"2025-04-11T15:32:05","modified_gmt":"2025-04-11T15:32:05","slug":"parc-national-de-la-comoe-le-ministre-assahore-simpregne-des-realites-du-terrain","status":"publish","type":"post","link":"https:\/\/did-dev.net\/mineddte\/parc-national-de-la-comoe-le-ministre-assahore-simpregne-des-realites-du-terrain\/","title":{"rendered":"PARC NATIONAL DE LA COMOE: LE MINISTRE ASSAHORE S&#8217;IMPREGNE DES REALITES DU TERRAIN"},"content":{"rendered":"<p style=\"text-align: justify;\"><span style=\"font-family: verdana, geneva, sans-serif;\">Le Ministre de l\u2019Environnement, du D\u00e9veloppement Durable et de la Transition Ecologique, Monsieur Assahor\u00e9 Konan Jacques , a effectu\u00e9, ce jeudi 03 avril 2025, une visite de terrain dans Parc National de la Como\u00e9 pour \u00e9valuer son \u00e9tat de conservation et les installations. C\u2019\u00e9tait en compagnie des membres de son Cabinet minist\u00e9riel, du Directeur G\u00e9n\u00e9ral de l\u2019Office Ivoirien des Parcs et R\u00e9serves (OIPR) et des autorit\u00e9s locales.<\/span><\/p>\n<p style=\"text-align: justify;\"><span style=\"font-family: verdana, geneva, sans-serif;\">Cette aire prot\u00e9g\u00e9e d\u2019une superficie de 1 149 450 hectares, est la plus vaste de C\u00f4te d\u2019Ivoire et offre des paysages alternant savanes, for\u00eats galeries et zones humides.<\/span><\/p>\n<p style=\"text-align: justify;\"><span style=\"font-family: verdana, geneva, sans-serif;\">\u00c0 la fin de la visite, le Ministre a f\u00e9licit\u00e9 ses collaborateurs pour la qualit\u00e9 du travail abattu dans le maintien de la qualit\u00e9 de conservation de ce <em><strong>\u00ab sanctuaire de biodiversit\u00e9\u00bb<\/strong><\/em>, tout en soulignant son r\u00f4le cl\u00e9 dans la r\u00e9gulation de la pluviom\u00e9trie et la pr\u00e9servation de la biodiversit\u00e9.<\/span><\/p>\n<p style=\"text-align: justify;\"><span style=\"font-family: verdana, geneva, sans-serif;\">Il a r\u00e9affirm\u00e9 la priorit\u00e9 strat\u00e9gique accord\u00e9e \u00e0 la protection des for\u00eats et des parcs, dans un contexte mondial de lutte contre le changement climatique.<\/span><\/p>\n","protected":false},"excerpt":{"rendered":"<p>Le Ministre de l\u2019Environnement, du D\u00e9veloppement Durable et de la Transition Ecologique, Monsieur Assahor\u00e9 Konan Jacques , a effectu\u00e9, ce jeudi 03 avril 2025, une visite de terrain dans Parc [&hellip;]<\/p>\n","protected":false},"author":1,"featured_media":6355,"comment_status":"closed","ping_status":"closed","sticky":false,"template":"","format":"standard","meta":{"_lmt_disableupdate":"no","_lmt_disable":"","pgc_sgb_lightbox_settings":""},"categories":[58],"tags":[],"post_folder":[],"modified_by":"MINEDD","_links":{"self":[{"href":"https:\/\/did-dev.net\/mineddte\/wp-json\/wp\/v2\/posts\/6314"}],"collection":[{"href":"https:\/\/did-dev.net\/mineddte\/wp-json\/wp\/v2\/posts"}],"about":[{"href":"https:\/\/did-dev.net\/mineddte\/wp-json\/wp\/v2\/types\/post"}],"author":[{"embeddable":true,"href":"https:\/\/did-dev.net\/mineddte\/wp-json\/wp\/v2\/users\/1"}],"replies":[{"embeddable":true,"href":"https:\/\/did-dev.net\/mineddte\/wp-json\/wp\/v2\/comments?post=6314"}],"version-history":[{"count":2,"href":"https:\/\/did-dev.net\/mineddte\/wp-json\/wp\/v2\/posts\/6314\/revisions"}],"predecessor-version":[{"id":6422,"href":"https:\/\/did-dev.net\/mineddte\/wp-json\/wp\/v2\/posts\/6314\/revisions\/6422"}],"wp:featuredmedia":[{"embeddable":true,"href":"https:\/\/did-dev.net\/mineddte\/wp-json\/wp\/v2\/media\/6355"}],"wp:attachment":[{"href":"https:\/\/did-dev.net\/mineddte\/wp-json\/wp\/v2\/media?parent=6314"}],"wp:term":[{"taxonomy":"category","embeddable":true,"href":"https:\/\/did-dev.net\/mineddte\/wp-json\/wp\/v2\/categories?post=6314"},{"taxonomy":"post_tag","embeddable":true,"href":"https:\/\/did-dev.net\/mineddte\/wp-json\/wp\/v2\/tags?post=6314"},{"taxonomy":"post_folder","embeddable":true,"href":"https:\/\/did-dev.net\/mineddte\/wp-json\/wp\/v2\/post_folder?post=6314"}],"curies":[{"name":"wp","href":"https:\/\/api.w.org\/{rel}","templated":true}]}}