{"id":6295,"date":"2025-04-02T17:44:27","date_gmt":"2025-04-02T17:44:27","guid":{"rendered":"https:\/\/did-dev.net\/mineddte\/?p=6295"},"modified":"2025-04-11T12:30:23","modified_gmt":"2025-04-11T12:30:23","slug":"journee-internationale-du-zero-dechet-le-ministere-promeut-le-recyclage-des-dechets","status":"publish","type":"post","link":"https:\/\/did-dev.net\/mineddte\/journee-internationale-du-zero-dechet-le-ministere-promeut-le-recyclage-des-dechets\/","title":{"rendered":"JOURNEE INTERNATIONALE DU ZERO DECHET : LE MINISTERE PROMEUT LE RECYCLAGE DES DECHETS"},"content":{"rendered":"<p style=\"text-align: justify;\"><span style=\"font-family: verdana, geneva, sans-serif;\">Le Minist\u00e8re de l&#8217;Environnement et du D\u00e9veloppement Durable, et de la Transition Ecologique (MINEDDTE), \u00e0 travers la Direction des D\u00e9chets Industriels et Substances Chimiques (DDISC), organise des expositions d\u2019\u0153uvres d\u2019art r\u00e9alis\u00e9es \u00e0 partir de d\u00e9chets issus de la mode et du textile, du 02 au 04 avril 2025, au Plateau Cit\u00e9 Administration Tour A.<\/span><\/p>\n<p style=\"text-align: justify;\"><span style=\"font-family: verdana, geneva, sans-serif;\">Le lancement de cette activit\u00e9 a \u00e9t\u00e9 pr\u00e9sid\u00e9 par le Prof Kouadio Georges, Conseiller Technique, repr\u00e9sentant le Ministre de l&#8217;Environnement, du D\u00e9veloppement Durable et de la Transition \u00c9cologique, le mercredi 02 avril 2025, \u00e0 la salle de conf\u00e9rence du MINEDDTE, sise Plateau.<\/span><\/p>\n<p style=\"text-align: justify;\"><span style=\"font-family: verdana, geneva, sans-serif;\">Ces expositions d\u2019\u0153uvres d\u2019art s\u2019inscrivent dans le cadre de la Journ\u00e9e Internationale du z\u00e9ro d\u00e9chet, \u00e9dition 2025 c\u00e9l\u00e9br\u00e9e autour du th\u00e8me <strong>\u00ab Vers le z\u00e9ro d\u00e9chet dans la mode et le textile \u00bb<\/strong>. Elles visent \u00e0 promouvoir l\u2019\u00e9conomie circulaire en d\u00e9montrant comment donner une seconde vie aux d\u00e9chets textiles.<\/span><\/p>\n<p style=\"text-align: justify;\"><span style=\"font-family: verdana, geneva, sans-serif;\">Le Prof Kouadio Georges a indiqu\u00e9 que le secteur des d\u00e9chets contribue de mani\u00e8re significative \u00e0 la triple crise plan\u00e9taire des changements climatiques, de la perte de biodiversit\u00e9, de la d\u00e9gradation de la nature et de la pollution.<\/span><\/p>\n<p style=\"text-align: justify;\"><span style=\"font-family: verdana, geneva, sans-serif;\">Face \u00e0 ce constat, il a appel\u00e9 \u00e0 un changement syst\u00e9mique par le biais d&#8217;une production et d&#8217;une consommation durables et de solutions circulaires. \u00ab J\u2019encourage tout un chacun \u00e0 adopter des attitudes et comportements \u00e9cocitoyens \u00e0 travers les initiatives z\u00e9ro d\u00e9chet, pour un environnement sain, vivable et propice \u00e0 des actions de d\u00e9veloppement durables \u00bb, a-t-il indiqu\u00e9.<\/span><\/p>\n<p style=\"text-align: justify;\"><span style=\"font-family: verdana, geneva, sans-serif;\">Pour rappel, la Journ\u00e9e Internationale du Z\u00e9ro D\u00e9chet est c\u00e9l\u00e9br\u00e9e le 30 mars de chaque ann\u00e9e depuis la soixante-dix-septi\u00e8me session de l\u2019Assembl\u00e9e g\u00e9n\u00e9rale des Nations Unies du 14 d\u00e9cembre 2022, en r\u00e9ponse \u00e0 la probl\u00e9matique li\u00e9e \u00e0 la gestion des d\u00e9chets et leur impact sur l\u2019environnement. Elle souligne l&#8217;importance de renforcer la gestion des d\u00e9chets \u00e0 l&#8217;\u00e9chelle mondiale ainsi que la n\u00e9cessit\u00e9 de promouvoir des modes de consommation et de production durables.<\/span><\/p>\n","protected":false},"excerpt":{"rendered":"<p>Le Minist\u00e8re de l&#8217;Environnement et du D\u00e9veloppement Durable, et de la Transition Ecologique (MINEDDTE), \u00e0 travers la Direction des D\u00e9chets Industriels et Substances Chimiques (DDISC), organise des expositions d\u2019\u0153uvres d\u2019art [&hellip;]<\/p>\n","protected":false},"author":1,"featured_media":6296,"comment_status":"closed","ping_status":"closed","sticky":false,"template":"","format":"standard","meta":{"_lmt_disableupdate":"no","_lmt_disable":"","pgc_sgb_lightbox_settings":""},"categories":[58],"tags":[],"post_folder":[59],"modified_by":"MINEDD","_links":{"self":[{"href":"https:\/\/did-dev.net\/mineddte\/wp-json\/wp\/v2\/posts\/6295"}],"collection":[{"href":"https:\/\/did-dev.net\/mineddte\/wp-json\/wp\/v2\/posts"}],"about":[{"href":"https:\/\/did-dev.net\/mineddte\/wp-json\/wp\/v2\/types\/post"}],"author":[{"embeddable":true,"href":"https:\/\/did-dev.net\/mineddte\/wp-json\/wp\/v2\/users\/1"}],"replies":[{"embeddable":true,"href":"https:\/\/did-dev.net\/mineddte\/wp-json\/wp\/v2\/comments?post=6295"}],"version-history":[{"count":1,"href":"https:\/\/did-dev.net\/mineddte\/wp-json\/wp\/v2\/posts\/6295\/revisions"}],"predecessor-version":[{"id":6312,"href":"https:\/\/did-dev.net\/mineddte\/wp-json\/wp\/v2\/posts\/6295\/revisions\/6312"}],"wp:featuredmedia":[{"embeddable":true,"href":"https:\/\/did-dev.net\/mineddte\/wp-json\/wp\/v2\/media\/6296"}],"wp:attachment":[{"href":"https:\/\/did-dev.net\/mineddte\/wp-json\/wp\/v2\/media?parent=6295"}],"wp:term":[{"taxonomy":"category","embeddable":true,"href":"https:\/\/did-dev.net\/mineddte\/wp-json\/wp\/v2\/categories?post=6295"},{"taxonomy":"post_tag","embeddable":true,"href":"https:\/\/did-dev.net\/mineddte\/wp-json\/wp\/v2\/tags?post=6295"},{"taxonomy":"post_folder","embeddable":true,"href":"https:\/\/did-dev.net\/mineddte\/wp-json\/wp\/v2\/post_folder?post=6295"}],"curies":[{"name":"wp","href":"https:\/\/api.w.org\/{rel}","templated":true}]}}