{"id":6258,"date":"2025-03-24T19:27:40","date_gmt":"2025-03-24T19:27:40","guid":{"rendered":"https:\/\/did-dev.net\/mineddte\/?p=6258"},"modified":"2025-04-11T12:30:00","modified_gmt":"2025-04-11T12:30:00","slug":"changement-climatique-le-ministre-assahore-fait-adopter-un-projet-de-loi","status":"publish","type":"post","link":"https:\/\/did-dev.net\/mineddte\/changement-climatique-le-ministre-assahore-fait-adopter-un-projet-de-loi\/","title":{"rendered":"CHANGEMENT CLIMATIQUE\u00a0: LE MINISTRE ASSAHORE FAIT ADOPTER UN PROJET DE LOI"},"content":{"rendered":"<p style=\"text-align: justify;\"><span style=\"font-family: verdana, geneva, sans-serif;\">Le Ministre de l\u2019Environnement, du D\u00e9veloppement Durable et de la Transition Ecologique, Monsieur Assahor\u00e9 Konan Jacques, a pr\u00e9sent\u00e9 le projet de loi relatif \u00e0 la lutte contre les Changements Climatiques \u00e0 la Commission de la Recherche, de la Science, de la Technologie et de l\u2019Environnement (CRSTE) de l\u2019Assembl\u00e9e Nationale, le lundi 24 mars 2025.<\/span><\/p>\n<p style=\"text-align: justify;\"><span style=\"font-family: verdana, geneva, sans-serif;\">Ce projet de loi introduit dans le dispositif juridique ivoirien des r\u00e8gles et des institutions conformes aux accords et trait\u00e9s internationaux ratifi\u00e9s par la C\u00f4te d&#8217;Ivoire.<\/span><\/p>\n<p style=\"text-align: justify;\"><span style=\"font-family: verdana, geneva, sans-serif;\">Subdivis\u00e9 en huit (08) titres, il propose des mesures visant \u00e0 am\u00e9liorer la gouvernance climatique, \u00e0 accro\u00eetre la participation et la r\u00e9silience des populations, \u00e0 r\u00e9duire les \u00e9missions des gaz \u00e0 effet de serre, \u00e0 mobiliser la finance climatique \u00e0 travers la participation du pays aux m\u00e9canismes de March\u00e9 et non March\u00e9 carbone et au suivi-\u00e9valuation de toutes les initiatives.<\/span><\/p>\n<p style=\"text-align: justify;\"><span style=\"font-family: verdana, geneva, sans-serif;\">Il met en place une structure de concertation et d&#8217;orientation sur la lutte contre les changements climatiques et une structure technique et op\u00e9rationnelle charg\u00e9e du pilotage de l&#8217;action climatique et des march\u00e9s carbone.<\/span><\/p>\n<p style=\"text-align: justify;\"><span style=\"font-family: verdana, geneva, sans-serif;\">Il d\u00e9finit \u00e9galement les infractions et les sanctions administratives et p\u00e9nales applicables en cas de violation des dispositions de ladite loi.<\/span><\/p>\n<p style=\"text-align: justify;\"><span style=\"font-family: verdana, geneva, sans-serif;\">Le projet a \u00e9t\u00e9 adopt\u00e9 \u00e0 l\u2019unanimit\u00e9 des membres de la Commission pr\u00e9sents.<\/span><\/p>\n","protected":false},"excerpt":{"rendered":"<p>Le Ministre de l\u2019Environnement, du D\u00e9veloppement Durable et de la Transition Ecologique, Monsieur Assahor\u00e9 Konan Jacques, a pr\u00e9sent\u00e9 le projet de loi relatif \u00e0 la lutte contre les Changements Climatiques [&hellip;]<\/p>\n","protected":false},"author":1,"featured_media":6259,"comment_status":"closed","ping_status":"closed","sticky":false,"template":"","format":"standard","meta":{"_lmt_disableupdate":"no","_lmt_disable":"","pgc_sgb_lightbox_settings":""},"categories":[58],"tags":[],"post_folder":[59],"modified_by":"MINEDD","_links":{"self":[{"href":"https:\/\/did-dev.net\/mineddte\/wp-json\/wp\/v2\/posts\/6258"}],"collection":[{"href":"https:\/\/did-dev.net\/mineddte\/wp-json\/wp\/v2\/posts"}],"about":[{"href":"https:\/\/did-dev.net\/mineddte\/wp-json\/wp\/v2\/types\/post"}],"author":[{"embeddable":true,"href":"https:\/\/did-dev.net\/mineddte\/wp-json\/wp\/v2\/users\/1"}],"replies":[{"embeddable":true,"href":"https:\/\/did-dev.net\/mineddte\/wp-json\/wp\/v2\/comments?post=6258"}],"version-history":[{"count":1,"href":"https:\/\/did-dev.net\/mineddte\/wp-json\/wp\/v2\/posts\/6258\/revisions"}],"predecessor-version":[{"id":6285,"href":"https:\/\/did-dev.net\/mineddte\/wp-json\/wp\/v2\/posts\/6258\/revisions\/6285"}],"wp:featuredmedia":[{"embeddable":true,"href":"https:\/\/did-dev.net\/mineddte\/wp-json\/wp\/v2\/media\/6259"}],"wp:attachment":[{"href":"https:\/\/did-dev.net\/mineddte\/wp-json\/wp\/v2\/media?parent=6258"}],"wp:term":[{"taxonomy":"category","embeddable":true,"href":"https:\/\/did-dev.net\/mineddte\/wp-json\/wp\/v2\/categories?post=6258"},{"taxonomy":"post_tag","embeddable":true,"href":"https:\/\/did-dev.net\/mineddte\/wp-json\/wp\/v2\/tags?post=6258"},{"taxonomy":"post_folder","embeddable":true,"href":"https:\/\/did-dev.net\/mineddte\/wp-json\/wp\/v2\/post_folder?post=6258"}],"curies":[{"name":"wp","href":"https:\/\/api.w.org\/{rel}","templated":true}]}}