{"id":6231,"date":"2025-03-20T20:15:18","date_gmt":"2025-03-20T20:15:18","guid":{"rendered":"https:\/\/did-dev.net\/mineddte\/?p=6231"},"modified":"2025-04-03T12:01:12","modified_gmt":"2025-04-03T12:01:12","slug":"atelier-bilan-du-plan-dactions-2024-et-perspectives-2025","status":"publish","type":"post","link":"https:\/\/did-dev.net\/mineddte\/atelier-bilan-du-plan-dactions-2024-et-perspectives-2025\/","title":{"rendered":"ATELIER BILAN DU PLAN D\u2019ACTIONS 2024 ET PERSPECTIVES 2025"},"content":{"rendered":"<p style=\"text-align: justify;\"><span style=\"font-family: verdana, geneva, sans-serif;\">Le Minist\u00e8re de l\u2019Environnement, du D\u00e9veloppement Durable et de la Transition \u00c9cologique a organis\u00e9, \u00e0 travers la Direction des \u00c9tudes, de la Planification et des Statistiques (DEPS), un atelier bilan de la Matrice d\u2019Actions 2024 du Plan Strat\u00e9gique de D\u00e9veloppement Durable (PSD) 2024-2026 et de validation du plan d\u2019actions 2025. C\u2019\u00e9tait le jeudi 20 mars 2025, \u00e0 Cocody.<\/span><\/p>\n<p style=\"text-align: justify;\"><span style=\"font-family: verdana, geneva, sans-serif;\">Le Ministre Assahor\u00e9 Konan Jacques a exprim\u00e9 sa satisfaction quant aux avanc\u00e9es significatives r\u00e9alis\u00e9es au cours de l\u2019ann\u00e9e 2024, notamment l\u2019adoption du Code de l\u2019Environnement et renforcement du cadre r\u00e9glementaire ; la cr\u00e9ation du Bureau du March\u00e9 Carbone et de la Commission de Lutte contre les Changements Climatiques ; le d\u00e9ploiement de 90 initiatives d\u2019adaptation et de 180 projets d\u2019att\u00e9nuation des effets du changement climatique.<\/span><\/p>\n<p style=\"text-align: justify;\"><span style=\"font-family: verdana, geneva, sans-serif;\">L\u2019ann\u00e9e 2025 a \u00e9t\u00e9 plac\u00e9e sous le sceau du respect des normes environnements environnementales \u00e0 travers l\u2019application stricte du Code de l\u2019Environnement. A cet effet, le renforcement des contr\u00f4les environnementaux; l\u2019op\u00e9rationnalisation de la Police de l\u2019Environnement ; la vulgarisation du Code de l\u2019Environnement aupr\u00e8s des populations et la mise en place d\u2019un prix annuel r\u00e9compensant les meilleurs acteurs du d\u00e9veloppement durable sont les actions prioritaires au titre de l\u2019ann\u00e9e 2025.<\/span><\/p>\n","protected":false},"excerpt":{"rendered":"<p>Le Minist\u00e8re de l\u2019Environnement, du D\u00e9veloppement Durable et de la Transition \u00c9cologique a organis\u00e9, \u00e0 travers la Direction des \u00c9tudes, de la Planification et des Statistiques (DEPS), un atelier bilan [&hellip;]<\/p>\n","protected":false},"author":1,"featured_media":6248,"comment_status":"closed","ping_status":"closed","sticky":false,"template":"","format":"standard","meta":{"_lmt_disableupdate":"no","_lmt_disable":"","pgc_sgb_lightbox_settings":""},"categories":[58],"tags":[],"post_folder":[59],"modified_by":"MINEDD","_links":{"self":[{"href":"https:\/\/did-dev.net\/mineddte\/wp-json\/wp\/v2\/posts\/6231"}],"collection":[{"href":"https:\/\/did-dev.net\/mineddte\/wp-json\/wp\/v2\/posts"}],"about":[{"href":"https:\/\/did-dev.net\/mineddte\/wp-json\/wp\/v2\/types\/post"}],"author":[{"embeddable":true,"href":"https:\/\/did-dev.net\/mineddte\/wp-json\/wp\/v2\/users\/1"}],"replies":[{"embeddable":true,"href":"https:\/\/did-dev.net\/mineddte\/wp-json\/wp\/v2\/comments?post=6231"}],"version-history":[{"count":1,"href":"https:\/\/did-dev.net\/mineddte\/wp-json\/wp\/v2\/posts\/6231\/revisions"}],"predecessor-version":[{"id":6249,"href":"https:\/\/did-dev.net\/mineddte\/wp-json\/wp\/v2\/posts\/6231\/revisions\/6249"}],"wp:featuredmedia":[{"embeddable":true,"href":"https:\/\/did-dev.net\/mineddte\/wp-json\/wp\/v2\/media\/6248"}],"wp:attachment":[{"href":"https:\/\/did-dev.net\/mineddte\/wp-json\/wp\/v2\/media?parent=6231"}],"wp:term":[{"taxonomy":"category","embeddable":true,"href":"https:\/\/did-dev.net\/mineddte\/wp-json\/wp\/v2\/categories?post=6231"},{"taxonomy":"post_tag","embeddable":true,"href":"https:\/\/did-dev.net\/mineddte\/wp-json\/wp\/v2\/tags?post=6231"},{"taxonomy":"post_folder","embeddable":true,"href":"https:\/\/did-dev.net\/mineddte\/wp-json\/wp\/v2\/post_folder?post=6231"}],"curies":[{"name":"wp","href":"https:\/\/api.w.org\/{rel}","templated":true}]}}