{"id":6199,"date":"2025-03-20T09:54:49","date_gmt":"2025-03-20T09:54:49","guid":{"rendered":"https:\/\/did-dev.net\/mineddte\/?p=6199"},"modified":"2025-03-25T09:23:29","modified_gmt":"2025-03-25T09:23:29","slug":"table-ronde-sur-le-changement-climatique-le-ministre-assahore-appelle-au-renforcement-du-cadre-strategique-et-financier","status":"publish","type":"post","link":"https:\/\/did-dev.net\/mineddte\/table-ronde-sur-le-changement-climatique-le-ministre-assahore-appelle-au-renforcement-du-cadre-strategique-et-financier\/","title":{"rendered":"TABLE RONDE SUR LE CHANGEMENT CLIMATIQUE: LE MINISTRE ASSAHORE APPELLE AU RENFORCEMENT DU CADRE STRATEGIQUE ET FINANCIER"},"content":{"rendered":"<p style=\"text-align: justify;\"><span style=\"font-family: verdana, geneva, sans-serif;\">Le Ministre de l&#8217;Environnement, du D\u00e9veloppement Durable et de la Transition \u00c9cologique, Monsieur Assahor\u00e9 Konan Jacques, a pr\u00e9sid\u00e9 la table ronde de discussions sur le th\u00e8me : <strong>\u00ab Impact des changements climatiques sur l\u2019\u00e9conomie ivoirienne \u00bb<\/strong> organis\u00e9e en collaboration avec Bloomfield Intelligence, le mardi 18 mars 2025, \u00e0 Noom H\u00f4tel Abidjan.<\/span><\/p>\n<p style=\"text-align: justify;\"><span style=\"font-family: verdana, geneva, sans-serif;\">Face aux nombreux d\u00e9fis climatique auxquels la C\u00f4te d\u2019Ivoire, le Minist\u00e8re de l\u2019Environnement, du D\u00e9veloppement Durable et de la Transition Ecologique, en collaboration avec le Minist\u00e8re des Finances et du Budget, a mandat\u00e9 le Cabinet Bloomfield Intelligence afin de r\u00e9aliser une \u00e9tude pour examiner l&#8217;impact des changements climatiques sur les diff\u00e9rents secteurs \u00e9conomiques, en identifiant les vuln\u00e9rabilit\u00e9s sp\u00e9cifiques et en proposant des strat\u00e9gies d\u2019adaptation appropri\u00e9es.<\/span><\/p>\n<p style=\"text-align: justify;\"><span style=\"font-family: verdana, geneva, sans-serif;\">Cette table ronde visait \u00e0 pr\u00e9senter les r\u00e9sultats de ladite \u00e9tude et \u00e0 mettre \u00e0 disposition des parties prenantes un rapport final, int\u00e9grant les recommandations.<\/span><\/p>\n<p style=\"text-align: justify;\"><span style=\"font-family: verdana, geneva, sans-serif;\">Dans son intervention, le Ministre Assahor\u00e9 Konan Jacques a indiqu\u00e9 que cette assise permettra d&#8217;identifier les leviers d&#8217;action prioritaires, de renforcer le cadre strat\u00e9gique et financier et d&#8217;impliquer davantage tous les acteurs, en particulier le secteur priv\u00e9.<\/span><\/p>\n<p style=\"text-align: justify;\"><span style=\"font-family: verdana, geneva, sans-serif;\">\u00ab Grace \u00e0 cette \u00e9tude, nous disposons d\u2019\u00e9l\u00e9ments factuels qui guideront nos discussions. Mais nous devons aller plus loin. Cette rencontre doit aboutir \u00e0 des propositions concr\u00e8tes et applicables pour faire de l\u2019action climatique un moteur de d\u00e9veloppement. \u00bb, a-t-il soulign\u00e9.<\/span><\/p>\n<p style=\"text-align: justify;\"><span style=\"font-family: verdana, geneva, sans-serif;\">Le Ministre a appel\u00e9 \u00e0 une action collective urgente ; car selon lui, la transition \u00e9cologique repr\u00e9sente une formidable opportunit\u00e9 pour b\u00e2tir une \u00e9conomie plus r\u00e9siliente, plus comp\u00e9titive et plus inclusive.<\/span><\/p>\n<p style=\"text-align: justify;\"><span style=\"font-family: verdana, geneva, sans-serif;\">Selon les r\u00e9sultats de cette \u00e9tude le co\u00fbt \u00e9conomique induit par le changement climatique sur la sant\u00e9 serait entre 1 200 milliards et 2 400 milliards de FCFA d\u2019ici \u00e0 2030 ; l&#8217;\u00e9rosion c\u00f4ti\u00e8re devrait s&#8217;acc\u00e9l\u00e9rer, mettant en p\u00e9ril 60 % de notre littoral et mena\u00e7ant nos infrastructures et les communaut\u00e9s vivantes le long des c\u00f4tes ; le risque d\u2019une perte de 13% du PIB d\u2019ici 2050 et plus de 1,6 millions de la population pourraient basculer dans la pauvret\u00e9 si rien n\u2019est fait.<\/span><\/p>\n","protected":false},"excerpt":{"rendered":"<p>Le Ministre de l&#8217;Environnement, du D\u00e9veloppement Durable et de la Transition \u00c9cologique, Monsieur Assahor\u00e9 Konan Jacques, a pr\u00e9sid\u00e9 la table ronde de discussions sur le th\u00e8me : \u00ab Impact des [&hellip;]<\/p>\n","protected":false},"author":1,"featured_media":6203,"comment_status":"closed","ping_status":"closed","sticky":false,"template":"","format":"standard","meta":{"_lmt_disableupdate":"no","_lmt_disable":"","pgc_sgb_lightbox_settings":""},"categories":[58],"tags":[],"post_folder":[59],"modified_by":"MINEDD","_links":{"self":[{"href":"https:\/\/did-dev.net\/mineddte\/wp-json\/wp\/v2\/posts\/6199"}],"collection":[{"href":"https:\/\/did-dev.net\/mineddte\/wp-json\/wp\/v2\/posts"}],"about":[{"href":"https:\/\/did-dev.net\/mineddte\/wp-json\/wp\/v2\/types\/post"}],"author":[{"embeddable":true,"href":"https:\/\/did-dev.net\/mineddte\/wp-json\/wp\/v2\/users\/1"}],"replies":[{"embeddable":true,"href":"https:\/\/did-dev.net\/mineddte\/wp-json\/wp\/v2\/comments?post=6199"}],"version-history":[{"count":1,"href":"https:\/\/did-dev.net\/mineddte\/wp-json\/wp\/v2\/posts\/6199\/revisions"}],"predecessor-version":[{"id":6204,"href":"https:\/\/did-dev.net\/mineddte\/wp-json\/wp\/v2\/posts\/6199\/revisions\/6204"}],"wp:featuredmedia":[{"embeddable":true,"href":"https:\/\/did-dev.net\/mineddte\/wp-json\/wp\/v2\/media\/6203"}],"wp:attachment":[{"href":"https:\/\/did-dev.net\/mineddte\/wp-json\/wp\/v2\/media?parent=6199"}],"wp:term":[{"taxonomy":"category","embeddable":true,"href":"https:\/\/did-dev.net\/mineddte\/wp-json\/wp\/v2\/categories?post=6199"},{"taxonomy":"post_tag","embeddable":true,"href":"https:\/\/did-dev.net\/mineddte\/wp-json\/wp\/v2\/tags?post=6199"},{"taxonomy":"post_folder","embeddable":true,"href":"https:\/\/did-dev.net\/mineddte\/wp-json\/wp\/v2\/post_folder?post=6199"}],"curies":[{"name":"wp","href":"https:\/\/api.w.org\/{rel}","templated":true}]}}