{"id":6184,"date":"2025-03-13T10:24:44","date_gmt":"2025-03-13T10:24:44","guid":{"rendered":"https:\/\/did-dev.net\/mineddte\/?p=6184"},"modified":"2025-03-21T12:12:26","modified_gmt":"2025-03-21T12:12:26","slug":"protection-de-la-faune-et-la-flore-le-gouvernement-annonce-la-creation-dune-reserve-naturelle-denviron-49-hectares-a-alani-rubino","status":"publish","type":"post","link":"https:\/\/did-dev.net\/mineddte\/protection-de-la-faune-et-la-flore-le-gouvernement-annonce-la-creation-dune-reserve-naturelle-denviron-49-hectares-a-alani-rubino\/","title":{"rendered":"PROTECTION DE LA FAUNE ET LA FLORE\u00a0: LE GOUVERNEMENT ANNONCE LA CREATION D\u2019UNE RESERVE NATURELLE D\u2019ENVIRON 49 HECTARES A ALANI (RUBINO)"},"content":{"rendered":"<p style=\"text-align: justify;\"><span style=\"font-family: verdana, geneva, sans-serif;\">Abidjan, le 12 mars 2025 &#8211; Le Conseil des ministres a adopt\u00e9 un d\u00e9cret portant cr\u00e9ation d\u2019une r\u00e9serve naturelle d&#8217;environ 49 hectares \u00e0 Alani (Rubino), a indiqu\u00e9 le porte-parole du gouvernement, Amadou Coulibaly.<\/span><\/p>\n<p style=\"text-align: justify;\"><span style=\"font-family: verdana, geneva, sans-serif;\">\u00ab Au titre du minist\u00e8re de l&#8217;Environnement, du D\u00e9veloppement durable et de la Transition \u00e9cologique, en liaison avec les minist\u00e8res concern\u00e9es, le Conseil des ministres a adopt\u00e9 un d\u00e9cret portant cr\u00e9ation de la r\u00e9serve naturelle volontaire &#8220;Eden de Agn\u00e9by-Tiassa&#8221;, d&#8217;une superficie d&#8217;environ 49 hectares situ\u00e9e \u00e0 Rubino, dans le domaine rural du village d&#8217;Alani \u00bb, a d\u00e9clar\u00e9 Amadou Coulibaly.<\/span><\/p>\n<p style=\"text-align: justify;\"><span style=\"font-family: verdana, geneva, sans-serif;\">Cette nouvelle aire prot\u00e9g\u00e9e abrite des esp\u00e8ces de flore end\u00e9miques en Afrique de l&#8217;Ouest et des esp\u00e8ces exceptionnelles de faune, de nature, a stimul\u00e9 la recherche scientifique et a impuls\u00e9 le d\u00e9veloppement socio-\u00e9conomique de la localit\u00e9 autour des activit\u00e9s nouvelles telles que l&#8217;\u00e9co-tourisme.<\/span><\/p>\n<p style=\"text-align: justify;\"><span style=\"font-family: verdana, geneva, sans-serif;\">En application de la loi du 11 f\u00e9vrier 2002, relative \u00e0 la cr\u00e9ation, \u00e0 la gestion et au financement des parcs nationaux et r\u00e9serves naturelles, la r\u00e9serve naturelle volontaire Eden de l\u2019Agn\u00e9by-Tiassa int\u00e8gre le r\u00e9seau national des r\u00e9serves naturelles volontaires mis en place aux fins de conserver les \u00e9quilibres dynamiques et les potentialit\u00e9s sp\u00e9cifiques des diff\u00e9rents \u00e9cosyst\u00e8mes du pays.<\/span><\/p>\n","protected":false},"excerpt":{"rendered":"<p>Abidjan, le 12 mars 2025 &#8211; Le Conseil des ministres a adopt\u00e9 un d\u00e9cret portant cr\u00e9ation d\u2019une r\u00e9serve naturelle d&#8217;environ 49 hectares \u00e0 Alani (Rubino), a indiqu\u00e9 le porte-parole du [&hellip;]<\/p>\n","protected":false},"author":1,"featured_media":6185,"comment_status":"closed","ping_status":"closed","sticky":false,"template":"","format":"standard","meta":{"_lmt_disableupdate":"no","_lmt_disable":"","pgc_sgb_lightbox_settings":""},"categories":[58],"tags":[],"post_folder":[59],"modified_by":"MINEDD","_links":{"self":[{"href":"https:\/\/did-dev.net\/mineddte\/wp-json\/wp\/v2\/posts\/6184"}],"collection":[{"href":"https:\/\/did-dev.net\/mineddte\/wp-json\/wp\/v2\/posts"}],"about":[{"href":"https:\/\/did-dev.net\/mineddte\/wp-json\/wp\/v2\/types\/post"}],"author":[{"embeddable":true,"href":"https:\/\/did-dev.net\/mineddte\/wp-json\/wp\/v2\/users\/1"}],"replies":[{"embeddable":true,"href":"https:\/\/did-dev.net\/mineddte\/wp-json\/wp\/v2\/comments?post=6184"}],"version-history":[{"count":1,"href":"https:\/\/did-dev.net\/mineddte\/wp-json\/wp\/v2\/posts\/6184\/revisions"}],"predecessor-version":[{"id":6186,"href":"https:\/\/did-dev.net\/mineddte\/wp-json\/wp\/v2\/posts\/6184\/revisions\/6186"}],"wp:featuredmedia":[{"embeddable":true,"href":"https:\/\/did-dev.net\/mineddte\/wp-json\/wp\/v2\/media\/6185"}],"wp:attachment":[{"href":"https:\/\/did-dev.net\/mineddte\/wp-json\/wp\/v2\/media?parent=6184"}],"wp:term":[{"taxonomy":"category","embeddable":true,"href":"https:\/\/did-dev.net\/mineddte\/wp-json\/wp\/v2\/categories?post=6184"},{"taxonomy":"post_tag","embeddable":true,"href":"https:\/\/did-dev.net\/mineddte\/wp-json\/wp\/v2\/tags?post=6184"},{"taxonomy":"post_folder","embeddable":true,"href":"https:\/\/did-dev.net\/mineddte\/wp-json\/wp\/v2\/post_folder?post=6184"}],"curies":[{"name":"wp","href":"https:\/\/api.w.org\/{rel}","templated":true}]}}