{"id":6009,"date":"2025-03-02T08:30:21","date_gmt":"2025-03-02T08:30:21","guid":{"rendered":"https:\/\/did-dev.net\/mineddte\/?p=6009"},"modified":"2025-03-21T12:11:45","modified_gmt":"2025-03-21T12:11:45","slug":"lutte-contre-les-changements-climatiques-la-fao-accompagne-la-cote-divoire-pour-renforcer-la-transparence-et-lefficacite-de-la-finance-climatique","status":"publish","type":"post","link":"https:\/\/did-dev.net\/mineddte\/lutte-contre-les-changements-climatiques-la-fao-accompagne-la-cote-divoire-pour-renforcer-la-transparence-et-lefficacite-de-la-finance-climatique\/","title":{"rendered":"LUTTE CONTRE LES CHANGEMENTS CLIMATIQUES : LA FAO ACCOMPAGNE LA COTE D\u2019IVOIRE POUR RENFORCER LA TRANSPARENCE ET L&#8217;EFFICACITE DE LA FINANCE CLIMATIQUE"},"content":{"rendered":"<p style=\"text-align: justify;\"><span style=\"font-family: verdana, geneva, sans-serif;\">Un atelier strat\u00e9gique sur le cadre de gouvernance du syst\u00e8me de Mesure, Notification et V\u00e9rification (MNV) et la formation sur l&#8217;outil GACMO pour le chiffrage des Contributions D\u00e9termin\u00e9es au niveau National (CDN) s\u2019est ouvert \u00e0 Grand-Bassam le 24 f\u00e9vrier 2025.<\/span><\/p>\n<p style=\"text-align: justify;\"><span style=\"font-family: verdana, geneva, sans-serif;\">Il \u00a0a \u00e9t\u00e9 organis\u00e9 par le Programme National Changements Climatiques (PNCC) du Minist\u00e8re de l\u2019Environnement, du D\u00e9veloppement Durable et de la Transition Ecologique (MINEDDTE) avec la collaboration de la FAO et d&#8217;autres partenaires techniques dans le cadre de l\u2019Initiative pour la Transparence de l\u2019Action Climatique (ICAT).<\/span><\/p>\n<p style=\"text-align: justify;\"><span style=\"font-family: verdana, geneva, sans-serif;\">Cette rencontre pr\u00e9sid\u00e9e par le Repr\u00e9sentant du Ministre de l\u2019Environnement, du D\u00e9veloppement durable et de la Transition \u00e9cologique permettra \u00a0\u00e0 la C\u00f4te d&#8217;Ivoire de franchir une nouvelle \u00e9tape dans sa lutte contre les changements climatiques.<\/span><\/p>\n<p style=\"text-align: justify;\"><span style=\"font-family: verdana, geneva, sans-serif;\">Cette session a r\u00e9uni des experts nationaux et internationaux, des repr\u00e9sentants gouvernementaux, des partenaires techniques et financiers, ainsi que des acteurs de la soci\u00e9t\u00e9 civile. L&#8217;objectif principal est de renforcer les capacit\u00e9s des parties impliqu\u00e9es en mati\u00e8re de transparence climatique et d&#8217;optimisation des financements d\u00e9di\u00e9s \u00e0 la r\u00e9duction des \u00e9missions de gaz \u00e0 effet de serre (GES).<\/span><\/p>\n<p style=\"text-align: justify;\"><span style=\"font-family: verdana, geneva, sans-serif;\"><strong>Un engagement fort pour la transition \u00e9cologique<\/strong><\/span><\/p>\n<p style=\"text-align: justify;\"><span style=\"font-family: verdana, geneva, sans-serif;\">Selon Dr Lagaud, Conseiller Technique, Secr\u00e9taire ex\u00e9cutif de la Commission Nationale de la Lutte contre les Changements Climatiques (CNLCC) repr\u00e9sentant le Ministre de l&#8217;Environnement, du D\u00e9veloppement Durable et de la Transition \u00c9cologique, dans l\u2019atteinte des objectifs de de r\u00e9duction des Contributions D\u00e9termin\u00e9es au niveau national, la maitrise des flux financiers li\u00e9s au climat intervient comme un aspect crucial.<\/span><\/p>\n<p style=\"text-align: justify;\"><span style=\"font-family: verdana, geneva, sans-serif;\"><em>\u00ab Nous avons fix\u00e9 des objectifs ambitieux dans nos CDN, visant \u00e0 r\u00e9duire nos \u00e9missions de gaz \u00e0 effet de serre de 30,41 % d&#8217;ici 2030. Pour atteindre ces objectifs, il est crucial d&#8217;am\u00e9liorer la gestion et la transparence des flux financiers li\u00e9s au climat, tant au niveau national qu&#8217;international<\/em>.\u00a0\u00bb, a-t-il signifi\u00e9.<\/span><\/p>\n<p style=\"text-align: justify;\"><span style=\"font-family: verdana, geneva, sans-serif;\">Il a poursuivi en indiquant la place d\u2019un syst\u00e8me MNV dans le suivi des flux financiers.<\/span><\/p>\n<p style=\"text-align: justify;\"><span style=\"font-family: verdana, geneva, sans-serif;\"><em>\u00ab\u00a0 En collaboration avec l\u2019Initiative pour la Transparence de l\u2019Action Climatique (ICAT), nous avons entrepris la mise en place d&#8217;un syst\u00e8me de Mesure, Notification et V\u00e9rification (MNV) d\u00e9di\u00e9 \u00e0 la finance climatique. Ce syst\u00e8me permettra de suivre efficacement les fonds allou\u00e9s \u00e0 l&#8217;att\u00e9nuation des \u00e9missions et \u00e0 l&#8217;adaptation aux impacts du changement climatique.<\/em>\u00a0\u00bb, a-t-il expliqu\u00e9.<\/span><\/p>\n<p style=\"text-align: justify;\"><span style=\"font-family: verdana, geneva, sans-serif;\">Le repr\u00e9sentant du ministre a \u00e9galement insist\u00e9 sur la n\u00e9cessit\u00e9 d&#8217;une collaboration \u00e9troite entre les diff\u00e9rents acteurs pour garantir l&#8217;efficacit\u00e9 des flux financiers vis\u00e9s \u00e0 l&#8217;absorption des \u00e9missions et \u00e0 l&#8217;adaptation aux impacts du changement climatique.<\/span><\/p>\n<p style=\"text-align: justify;\"><span style=\"font-family: verdana, geneva, sans-serif;\">Le Coordonnateur du projet ICAT\/UNOPS, M. Mohamed SANOGO a, pour sa part, salu\u00e9 l&#8217;engagement des autorit\u00e9s ivoiriennes dans la mise en place d&#8217;un cadre efficace de gouvernance climatique. Il a rappel\u00e9 que la transparence financi\u00e8re est un levier strat\u00e9gique pour mobiliser davantage de financements internationaux et de r\u00e9pondre aux d\u00e9fis environnementaux.<\/span><\/p>\n<p style=\"text-align: justify;\"><span style=\"font-family: verdana, geneva, sans-serif;\"><em>\u00ab Gr\u00e2ce \u00e0 cette initiative, la C\u00f4te d&#8217;Ivoire ambitionne de renforcer sa cr\u00e9dibilit\u00e9 sur la sc\u00e8ne climatique internationale et d&#8217;attirer de nouveaux investissements pour acc\u00e9l\u00e9rer sa transition vers un d\u00e9veloppement durable et r\u00e9silient. \u00bb,<\/em> a-t-il soulign\u00e9.<\/span><\/p>\n<p style=\"text-align: justify;\"><span style=\"font-family: verdana, geneva, sans-serif;\"><strong>Une dynamique de coop\u00e9ration et de transparence<\/strong><\/span><\/p>\n<p style=\"text-align: justify;\"><span style=\"font-family: verdana, geneva, sans-serif;\">Le repr\u00e9sentant du Repr\u00e9sentant R\u00e9sident de la FAO, Monsieur Gniza a pr\u00e9cis\u00e9 qu\u2019\u00e0 travers le projet SCALA, l\u2019Organisme soutient le PNCC et le projet ICAT pour structurer le syst\u00e8me MNV et renforcer les ambitions climatiques du pays.<\/span><\/p>\n<p style=\"text-align: justify;\"><span style=\"font-family: verdana, geneva, sans-serif;\"><em>\u00ab Le projet SCALA a conduit une \u00e9tude sur l&#8217;\u00e9valuation des syst\u00e8mes MNV en CIV qui a abouti sur des conclusions int\u00e9ressantes parmi lesquels : l\u2019adoption d\u2019un cadre r\u00e9glementaire formel pour institutionnaliser les proc\u00e9dures, en utilisant des instruments juridiques appropri\u00e9s pour assurer la p\u00e9rennit\u00e9 du syst\u00e8me ; L&#8217;appropriation sectorielle des dynamiques li\u00e9es au climat et La mise en place d\u2019un syst\u00e8me permanent de maintien et de mise \u00e0 jour constant des comp\u00e9tences du personnel technique institutionnel.\u00bb<\/em>, a-t-il soutenu.<\/span><\/p>\n<p style=\"text-align: justify;\"><span style=\"font-family: verdana, geneva, sans-serif;\"><strong>Un atelier ax\u00e9 sur la formation et la gouvernance<\/strong><\/span><\/p>\n<p style=\"text-align: justify;\"><span style=\"font-family: verdana, geneva, sans-serif;\">Au cours de cet atelier, les participants b\u00e9n\u00e9ficieront d&#8217;une formation approfondie sur l&#8217;outil GACMO, une m\u00e9thodologie cl\u00e9 pour le chiffrage des CDN, ainsi que sur les m\u00e9thodes de suivi et de v\u00e9rification des financements climatiques re\u00e7us et n\u00e9cessaires.<\/span><\/p>\n<p style=\"text-align: justify;\"><span style=\"font-family: verdana, geneva, sans-serif;\">Les discussions porteront \u00e9galement sur l&#8217;arrangement institutionnel et le cadre de gouvernance du syst\u00e8me MNV en C\u00f4te d&#8217;Ivoire, un dispositif essentiel pour assurer la tra\u00e7abilit\u00e9 et l&#8217;efficacit\u00e9 des investissements climatiques.<\/span><\/p>\n<p style=\"text-align: justify;\"><span style=\"font-family: verdana, geneva, sans-serif;\">Ce programme de formation marque ainsi une avanc\u00e9e majeure dans la mise en \u0153uvre des engagements climatiques du pays et illustre la volont\u00e9 des autorit\u00e9s de promouvoir une gestion rigoureuse et transparente de la finance climatique.<\/span><\/p>\n<p style=\"text-align: justify;\"><span style=\"font-family: verdana, geneva, sans-serif;\">L\u2019atelier a pris fin le \u00a0samedi 1\u1d49\u02b3 mars 2025.<\/span><\/p>\n","protected":false},"excerpt":{"rendered":"<p>Un atelier strat\u00e9gique sur le cadre de gouvernance du syst\u00e8me de Mesure, Notification et V\u00e9rification (MNV) et la formation sur l&#8217;outil GACMO pour le chiffrage des Contributions D\u00e9termin\u00e9es au niveau [&hellip;]<\/p>\n","protected":false},"author":1,"featured_media":6028,"comment_status":"closed","ping_status":"closed","sticky":false,"template":"","format":"standard","meta":{"_lmt_disableupdate":"no","_lmt_disable":"","pgc_sgb_lightbox_settings":""},"categories":[58],"tags":[],"post_folder":[59],"modified_by":"MINEDD","_links":{"self":[{"href":"https:\/\/did-dev.net\/mineddte\/wp-json\/wp\/v2\/posts\/6009"}],"collection":[{"href":"https:\/\/did-dev.net\/mineddte\/wp-json\/wp\/v2\/posts"}],"about":[{"href":"https:\/\/did-dev.net\/mineddte\/wp-json\/wp\/v2\/types\/post"}],"author":[{"embeddable":true,"href":"https:\/\/did-dev.net\/mineddte\/wp-json\/wp\/v2\/users\/1"}],"replies":[{"embeddable":true,"href":"https:\/\/did-dev.net\/mineddte\/wp-json\/wp\/v2\/comments?post=6009"}],"version-history":[{"count":2,"href":"https:\/\/did-dev.net\/mineddte\/wp-json\/wp\/v2\/posts\/6009\/revisions"}],"predecessor-version":[{"id":6230,"href":"https:\/\/did-dev.net\/mineddte\/wp-json\/wp\/v2\/posts\/6009\/revisions\/6230"}],"wp:featuredmedia":[{"embeddable":true,"href":"https:\/\/did-dev.net\/mineddte\/wp-json\/wp\/v2\/media\/6028"}],"wp:attachment":[{"href":"https:\/\/did-dev.net\/mineddte\/wp-json\/wp\/v2\/media?parent=6009"}],"wp:term":[{"taxonomy":"category","embeddable":true,"href":"https:\/\/did-dev.net\/mineddte\/wp-json\/wp\/v2\/categories?post=6009"},{"taxonomy":"post_tag","embeddable":true,"href":"https:\/\/did-dev.net\/mineddte\/wp-json\/wp\/v2\/tags?post=6009"},{"taxonomy":"post_folder","embeddable":true,"href":"https:\/\/did-dev.net\/mineddte\/wp-json\/wp\/v2\/post_folder?post=6009"}],"curies":[{"name":"wp","href":"https:\/\/api.w.org\/{rel}","templated":true}]}}