{"id":5978,"date":"2025-03-06T17:31:00","date_gmt":"2025-03-06T17:31:00","guid":{"rendered":"https:\/\/did-dev.net\/mineddte\/?p=5978"},"modified":"2025-03-11T13:16:49","modified_gmt":"2025-03-11T13:16:49","slug":"lagune-ebrie-le-ministre-evalue-lavancement-des-travaux-de-depollution-a-cocody","status":"publish","type":"post","link":"https:\/\/did-dev.net\/mineddte\/lagune-ebrie-le-ministre-evalue-lavancement-des-travaux-de-depollution-a-cocody\/","title":{"rendered":"LAGUNE EBRIE : LE MINISTRE EVALUE L&#8217;AVANCEMENT DES TRAVAUX DE DEPOLLUTION A COCODY"},"content":{"rendered":"<div class=\"xdj266r x11i5rnm xat24cr x1mh8g0r x1vvkbs x126k92a\">\n<div dir=\"auto\" style=\"text-align: justify;\"><span style=\"font-family: verdana, geneva, sans-serif;\">Le Ministre de l\u2019Environnement, du D\u00e9veloppement durable et de la Transition \u00e9cologique, M. Assahor\u00e9 Konan Jacques, s\u2019est rendu sur le site Orange du Centre Ivoirien Antipollution (CIAPOL), dans la commune de Cocody, pour constater l\u2019\u00e9tat d\u2019avancement des travaux de d\u00e9pollution de la lagune \u00c9bri\u00e9, le jeudi 6 mars 2025.<\/span><\/div>\n<\/div>\n<div class=\"x11i5rnm xat24cr x1mh8g0r x1vvkbs xtlvy1s x126k92a\" style=\"text-align: justify;\">\n<div dir=\"auto\"><span style=\"font-family: verdana, geneva, sans-serif;\">Face \u00e0 la d\u00e9gradation croissante de cet \u00e9cosyst\u00e8me, l\u2019\u00c9tat a renforc\u00e9 les moyens du CIAPOL en lui fournissant des \u00e9quipements adapt\u00e9s, notamment deux bateaux faucardeurs, une barge et une pelleteuse, destin\u00e9s \u00e0 l\u2019enl\u00e8vement des macrod\u00e9chets et des v\u00e9g\u00e9taux aquatiques envahissants.<\/span><\/div>\n<div dir=\"auto\">\u00a0<\/div>\n<\/div>\n<div class=\"x11i5rnm xat24cr x1mh8g0r x1vvkbs xtlvy1s x126k92a\" style=\"text-align: justify;\">\n<div dir=\"auto\"><span style=\"font-family: verdana, geneva, sans-serif;\">\u00c0 ce jour, 200 tonnes de d\u00e9chets ont \u00e9t\u00e9 retir\u00e9es en collaboration avec l\u2019Agence Nationale de Gestion des D\u00e9chets (ANAGED), contribuant ainsi \u00e0 l\u2019am\u00e9lioration de la qualit\u00e9 de l\u2019eau et \u00e0 la r\u00e9duction des nuisances olfactives.<\/span><\/div>\n<\/div>\n<div class=\"x11i5rnm xat24cr x1mh8g0r x1vvkbs xtlvy1s x126k92a\">\n<div dir=\"auto\" style=\"text-align: justify;\"><span style=\"font-family: verdana, geneva, sans-serif;\">Saluant les efforts engag\u00e9s, le Ministre Assahor\u00e9 a soulign\u00e9 l\u2019importance de cette initiative, tout en insistant sur la n\u00e9cessit\u00e9 d\u2019un changement de comportement des populations, dont certaines contribuent \u00e0 la pollution de la lagune en y d\u00e9versant leurs d\u00e9chets de mani\u00e8re anarchique. Il les a \u00e9galement invit\u00e9 \u00e0 \u00eatre \u00e9co-responsables pour assurer la pr\u00e9servation durable de ce cours d\u2019eau.<\/span><\/div>\n<\/div>\n","protected":false},"excerpt":{"rendered":"<p>Le Ministre de l\u2019Environnement, du D\u00e9veloppement durable et de la Transition \u00e9cologique, M. Assahor\u00e9 Konan Jacques, s\u2019est rendu sur le site Orange du Centre Ivoirien Antipollution (CIAPOL), dans la commune [&hellip;]<\/p>\n","protected":false},"author":1,"featured_media":6017,"comment_status":"closed","ping_status":"closed","sticky":false,"template":"","format":"standard","meta":{"_lmt_disableupdate":"no","_lmt_disable":"","pgc_sgb_lightbox_settings":""},"categories":[58],"tags":[],"post_folder":[59],"modified_by":"MINEDD","_links":{"self":[{"href":"https:\/\/did-dev.net\/mineddte\/wp-json\/wp\/v2\/posts\/5978"}],"collection":[{"href":"https:\/\/did-dev.net\/mineddte\/wp-json\/wp\/v2\/posts"}],"about":[{"href":"https:\/\/did-dev.net\/mineddte\/wp-json\/wp\/v2\/types\/post"}],"author":[{"embeddable":true,"href":"https:\/\/did-dev.net\/mineddte\/wp-json\/wp\/v2\/users\/1"}],"replies":[{"embeddable":true,"href":"https:\/\/did-dev.net\/mineddte\/wp-json\/wp\/v2\/comments?post=5978"}],"version-history":[{"count":2,"href":"https:\/\/did-dev.net\/mineddte\/wp-json\/wp\/v2\/posts\/5978\/revisions"}],"predecessor-version":[{"id":6037,"href":"https:\/\/did-dev.net\/mineddte\/wp-json\/wp\/v2\/posts\/5978\/revisions\/6037"}],"wp:featuredmedia":[{"embeddable":true,"href":"https:\/\/did-dev.net\/mineddte\/wp-json\/wp\/v2\/media\/6017"}],"wp:attachment":[{"href":"https:\/\/did-dev.net\/mineddte\/wp-json\/wp\/v2\/media?parent=5978"}],"wp:term":[{"taxonomy":"category","embeddable":true,"href":"https:\/\/did-dev.net\/mineddte\/wp-json\/wp\/v2\/categories?post=5978"},{"taxonomy":"post_tag","embeddable":true,"href":"https:\/\/did-dev.net\/mineddte\/wp-json\/wp\/v2\/tags?post=5978"},{"taxonomy":"post_folder","embeddable":true,"href":"https:\/\/did-dev.net\/mineddte\/wp-json\/wp\/v2\/post_folder?post=5978"}],"curies":[{"name":"wp","href":"https:\/\/api.w.org\/{rel}","templated":true}]}}