{"id":5965,"date":"2025-02-23T08:53:05","date_gmt":"2025-02-23T08:53:05","guid":{"rendered":"https:\/\/did-dev.net\/mineddte\/?p=5965"},"modified":"2025-03-07T16:43:06","modified_gmt":"2025-03-07T16:43:06","slug":"journees-de-lecologie-et-des-changements-climatiques-le-ministre-assahore-lance-la-7eme-edition-a-dimbokro","status":"publish","type":"post","link":"https:\/\/did-dev.net\/mineddte\/journees-de-lecologie-et-des-changements-climatiques-le-ministre-assahore-lance-la-7eme-edition-a-dimbokro\/","title":{"rendered":"JOURNEES DE L&#8217;\u00c9COLOGIE ET DES CHANGEMENTS CLIMATIQUES : LE MINISTRE ASSAHORE LANCE LA 7EME EDITION A DIMBOKRO"},"content":{"rendered":"<p style=\"text-align: justify;\"><span style=\"font-family: verdana, geneva, sans-serif;\">Le Ministre de l\u2019Environnement, du D\u00e9veloppement Durable et de la Transition Ecologique a proc\u00e9d\u00e9 \u00e0 l\u2019ouverture de la 7e \u00e9dition des Journ\u00e9es de l&#8217;\u00c9cologie et des Changements Climatiques (JFAC) \u00e0 Dimbokro le samedi 22 f\u00e9vrier 2025. Ces journ\u00e9es sont un rendez-vous annuel d\u2019\u00e9changes avec les collectivit\u00e9s territoriales et les populations \u00e0 l\u2019effet de se rapprocher des communaut\u00e9s.<\/span><\/p>\n<p style=\"text-align: justify;\"><span style=\"font-family: verdana, geneva, sans-serif;\">Dans ce contexte, M. Assahor\u00e9 a encourag\u00e9, dans son discours, les populations de Dimbokro \u00e0 adopter des solutions et des alternatives qui visent la transition \u00e9cologique et la gestion des ressources naturelles dans leur r\u00e9gion : \u00ab Nos modes de vie sont s\u00e9rieusement affect\u00e9s par les effets n\u00e9gatifs du changement climatique d\u00fb \u00e0 l&#8217;action de l&#8217;homme sur la nature, compromettant ainsi l&#8217;avenir de l&#8217;humanit\u00e9 tout enti\u00e8re. Il nous faut par cons\u00e9quent agir ensemble pour inverser cette tendance n\u00e9gative \u00bb, a-t-il soulign\u00e9.<\/span><\/p>\n<p style=\"text-align: justify;\"><span style=\"font-family: verdana, geneva, sans-serif;\">Affirmant que les JFAC s&#8217;inscrivent dans la vision du Pr\u00e9sident de la R\u00e9publique qui est de faire de la C\u00f4te d&#8217;Ivoire \u00ab un leader en mati\u00e8re de lutte contre le changement climatique \u00bb, le Ministre a pr\u00e9cis\u00e9 que le changement climatique, dont les effets sont de plus en plus visibles, repr\u00e9sente une menace grave pour le d\u00e9veloppement de la C\u00f4te d\u2019Ivoire.<\/span><\/p>\n<p style=\"text-align: justify;\"><span style=\"font-family: verdana, geneva, sans-serif;\">En effet, apr\u00e8s plus d&#8217;une d\u00e9cennie de croissance, des secteurs \u00e9conomiques cl\u00e9s comme le cacao et l&#8217;\u00e9nergie risqueraient de s&#8217;essouffler si des mesures urgentes pour rem\u00e9dier au changement climatique ne sont pas prises, d&#8217;apr\u00e8s les conclusions du rapport de la Banque mondiale sur le climat et le d\u00e9veloppement en C\u00f4te d\u2019Ivoire (CCDR) publi\u00e9 en 2023. Il souligne que les impacts climatiques pourraient faire baisser le PIB r\u00e9el jusqu&#8217;\u00e0 13 % d&#8217;ici 2050 et emp\u00eacher 1,63 millions de personnes d&#8217;\u00e9chapper \u00e0 la pauvret\u00e9.<\/span><\/p>\n<p style=\"text-align: justify;\"><span style=\"font-family: verdana, geneva, sans-serif;\">C\u2019est pourquoi, M. Assahor\u00e9 a \u00e9galement expliqu\u00e9 que la C\u00f4te d&#8217;Ivoire est particuli\u00e8rement vuln\u00e9rable aux impacts du changement climatique, mentionnant des p\u00e9riodes caniculaires, de longues p\u00e9riodes de s\u00e9cheresse, des inondations et la d\u00e9gradation des sols, qui menacent la s\u00e9curit\u00e9 alimentaire. Il a sp\u00e9cifiquement cit\u00e9 le d\u00e9partement de Dimbokro, autrefois prosp\u00e8re gr\u00e2ce \u00e0 la culture du caf\u00e9 et du cacao, qui est particuli\u00e8rement touch\u00e9 par ce ph\u00e9nom\u00e8ne en termes de d\u00e9placement de la boucle du cacao.<\/span><\/p>\n<p style=\"text-align: justify;\"><span style=\"font-family: verdana, geneva, sans-serif;\">Face \u00e0 cette situation, il a appel\u00e9 \u00e0 un changement de relation avec la nature, affirmant \u00ab Nous devons faire la paix avec la nature. Faire la paix avec la nature, c&#8217;est arr\u00eater de poser tous les actes qui contribuent au d\u00e9r\u00e8glement climatique \u00bb.<\/span><\/p>\n<p style=\"text-align: justify;\"><span style=\"font-family: verdana, geneva, sans-serif;\">Pour permettre aux populations de Dimbokro de s\u2019inscrire dans cette dynamique, le Ministre Assahor\u00e9 Konan Jacques a remis 1000 foyers \u00e9cologiques aux femmes. C&#8217;est le Maire de la Commune Adama Coulibaly, par ailleurs Ministre des Finances et du Budget qui a r\u00e9ceptionn\u00e9 lesdits foyers.<\/span><\/p>\n<p style=\"text-align: justify;\"><span style=\"font-family: verdana, geneva, sans-serif;\">Il faut noter que plusieurs personnalit\u00e9s parmi lesquelles la Ministre Gouverneur de la r\u00e9gion des Lacs, Raymonde Goudou Koffi, la repr\u00e9sentante r\u00e9sidente du PNUD, Blerta Cela ont pris part \u00e0 cette activit\u00e9 qui a \u00e9t\u00e9 l\u2019occasion de faire un planting de 5 000 esp\u00e8ces d\u2019arbres.<\/span><\/p>\n","protected":false},"excerpt":{"rendered":"<p>Le Ministre de l\u2019Environnement, du D\u00e9veloppement Durable et de la Transition Ecologique a proc\u00e9d\u00e9 \u00e0 l\u2019ouverture de la 7e \u00e9dition des Journ\u00e9es de l&#8217;\u00c9cologie et des Changements Climatiques (JFAC) \u00e0 [&hellip;]<\/p>\n","protected":false},"author":1,"featured_media":5966,"comment_status":"closed","ping_status":"closed","sticky":false,"template":"","format":"standard","meta":{"_lmt_disableupdate":"no","_lmt_disable":"","pgc_sgb_lightbox_settings":""},"categories":[58],"tags":[],"post_folder":[59],"modified_by":"MINEDD","_links":{"self":[{"href":"https:\/\/did-dev.net\/mineddte\/wp-json\/wp\/v2\/posts\/5965"}],"collection":[{"href":"https:\/\/did-dev.net\/mineddte\/wp-json\/wp\/v2\/posts"}],"about":[{"href":"https:\/\/did-dev.net\/mineddte\/wp-json\/wp\/v2\/types\/post"}],"author":[{"embeddable":true,"href":"https:\/\/did-dev.net\/mineddte\/wp-json\/wp\/v2\/users\/1"}],"replies":[{"embeddable":true,"href":"https:\/\/did-dev.net\/mineddte\/wp-json\/wp\/v2\/comments?post=5965"}],"version-history":[{"count":2,"href":"https:\/\/did-dev.net\/mineddte\/wp-json\/wp\/v2\/posts\/5965\/revisions"}],"predecessor-version":[{"id":6008,"href":"https:\/\/did-dev.net\/mineddte\/wp-json\/wp\/v2\/posts\/5965\/revisions\/6008"}],"wp:featuredmedia":[{"embeddable":true,"href":"https:\/\/did-dev.net\/mineddte\/wp-json\/wp\/v2\/media\/5966"}],"wp:attachment":[{"href":"https:\/\/did-dev.net\/mineddte\/wp-json\/wp\/v2\/media?parent=5965"}],"wp:term":[{"taxonomy":"category","embeddable":true,"href":"https:\/\/did-dev.net\/mineddte\/wp-json\/wp\/v2\/categories?post=5965"},{"taxonomy":"post_tag","embeddable":true,"href":"https:\/\/did-dev.net\/mineddte\/wp-json\/wp\/v2\/tags?post=5965"},{"taxonomy":"post_folder","embeddable":true,"href":"https:\/\/did-dev.net\/mineddte\/wp-json\/wp\/v2\/post_folder?post=5965"}],"curies":[{"name":"wp","href":"https:\/\/api.w.org\/{rel}","templated":true}]}}