{"id":5964,"date":"2025-02-26T09:03:45","date_gmt":"2025-02-26T09:03:45","guid":{"rendered":"https:\/\/did-dev.net\/mineddte\/?p=5964"},"modified":"2025-03-07T16:43:23","modified_gmt":"2025-03-07T16:43:23","slug":"bilan-des-cop-sur-lenvironnement-satisfait-des-acquis-le-ministre-lance-la-version-des-cdn-3-0","status":"publish","type":"post","link":"https:\/\/did-dev.net\/mineddte\/bilan-des-cop-sur-lenvironnement-satisfait-des-acquis-le-ministre-lance-la-version-des-cdn-3-0\/","title":{"rendered":"BILAN DES COP SUR L\u2019ENVIRONNEMENT\u00a0: SATISFAIT DES ACQUIS, LE MINISTRE LANCE LA VERSION DES CDN 3.0"},"content":{"rendered":"<p style=\"text-align: justify;\"><span style=\"font-family: verdana, geneva, sans-serif;\">Devant un public compos\u00e9 de repr\u00e9sentants des institutions de la R\u00e9publique, des Diplomates, des collectivit\u00e9s territoriales, du secteur priv\u00e9, des partenaires techniques et financiers, ainsi que des organisations de la soci\u00e9t\u00e9 civile, le Ministre de l&#8217;Environnement, du D\u00e9veloppement Durable et de la Transition \u00c9cologique, M. Assahor\u00e9 Konan Jacques a officiellement lanc\u00e9 le processus de r\u00e9vision des Contributions D\u00e9termin\u00e9es au niveau National (CDN 3.0) de la C\u00f4te d&#8217;Ivoire, le 25 f\u00e9vrier 2025, \u00e0 la salle de conf\u00e9rences de la Conf\u00e9d\u00e9ration G\u00e9n\u00e9rale des Entreprises de C\u00f4te d\u2019Ivoire (CGECI), sise au Plateau<\/span><\/p>\n<p style=\"text-align: justify;\"><span style=\"font-family: verdana, geneva, sans-serif;\">Cette initiative s&#8217;inscrit dans le cadre des pr\u00e9paratifs pour la participation du pays \u00e0 la COP30, pr\u00e9vue en novembre prochain \u00e0 Bel\u00e9m, au Br\u00e9sil.<\/span><\/p>\n<p style=\"text-align: justify;\"><span style=\"font-family: verdana, geneva, sans-serif;\">Le Ministre Assahor\u00e9 a d&#8217;abord salu\u00e9 le bilan des participations de la C\u00f4te d&#8217;Ivoire aux r\u00e9centes conf\u00e9rences internationales sur l\u2019environnement : la COP29 sur le climat, la COP16 sur la biodiversit\u00e9 et la COP16 sur la d\u00e9sertification et la s\u00e9cheresse.<\/span><\/p>\n<p style=\"text-align: justify;\"><span style=\"font-family: verdana, geneva, sans-serif;\">Il a ensuite f\u00e9licit\u00e9 l&#8217;engagement actif de la d\u00e9l\u00e9gation ivoirienne, conduite respectivement par le Vice-Pr\u00e9sident de la R\u00e9publique et le Pr\u00e9sident du CESEC, et a remerci\u00e9 tous les participants pour leur d\u00e9vouement et leur perspicacit\u00e9.<\/span><\/p>\n<p style=\"text-align: justify;\"><span style=\"font-family: verdana, geneva, sans-serif;\">Les acquis majeurs de ces participations incluent la mobilisation des financements et le renforcement des partenariats strat\u00e9giques. A ce sujet, M Assahor\u00e9 a d\u00e9clar\u00e9 :<\/span><\/p>\n<p style=\"text-align: justify;\"><span style=\"font-family: verdana, geneva, sans-serif;\">\u00ab Mes chers points focaux, f\u00e9licitations pour le travail abattu qui d\u00e9montre votre comp\u00e9tence et votre savoir-faire pour les \u00e9v\u00e8nements d\u2019envergure internationale.<\/span><\/p>\n<p style=\"text-align: justify;\"><span style=\"font-family: verdana, geneva, sans-serif;\">Ces bilans que vous venez de nous pr\u00e9senter feront l\u2019objet d\u2019un suivi trimestriel afin de capitaliser nos participations aux COP et rendre compte au Gouvernement \u00bb.<\/span><\/p>\n<p style=\"text-align: justify;\"><span style=\"font-family: verdana, geneva, sans-serif;\">Les pr\u00e9paratifs pour une participation inclusive de la C\u00f4te d\u2019Ivoire \u00e0 la COP30 \u00e9taient au c\u0153ur de son intervention. Ainsi, a-t-il d\u00e9voil\u00e9 les grandes orientations suivantes :<\/span><\/p>\n<p style=\"text-align: justify;\"><span style=\"font-family: verdana, geneva, sans-serif;\">\u00ab Notre pays pr\u00e9voit plusieurs actions cl\u00e9s pour am\u00e9liorer notre participation : partager nos exp\u00e9riences en agriculture durable, gestion des ressources en eau et protection des \u00e9cosyst\u00e8mes, renforcer les partenariats avec d&#8217;autres pays, ONG et secteur priv\u00e9 pour acc\u00e9l\u00e9rer l\u2019adaptation et l\u2019att\u00e9nuation des effets du changement climatique, et pr\u00e9senter des engagements concrets pour la r\u00e9duction des \u00e9missions de gaz \u00e0 effet de serre et le renforcement de la r\u00e9silience des communaut\u00e9s \u00bb, a indiqu\u00e9 M. Assahor\u00e9.<\/span><\/p>\n<p style=\"text-align: justify;\"><span style=\"font-family: verdana, geneva, sans-serif;\">La r\u00e9vision des CDN 3.0 est une priorit\u00e9 pour le gouvernement, conform\u00e9ment aux engagements pris dans le cadre de l&#8217;Accord de Paris en 2015. Le Ministre a soulign\u00e9 que ces nouveaux engagements viseront une r\u00e9duction plus ambitieuse des \u00e9missions de gaz \u00e0 effet de serre, d\u00e9passant les pr\u00e9c\u00e9dentes cibles de 30,41 %, ainsi que le renforcement des strat\u00e9gies d\u2019adaptation, en tenant compte des secteurs les plus vuln\u00e9rables.<\/span><\/p>\n<p style=\"text-align: justify;\"><span style=\"font-family: verdana, geneva, sans-serif;\">Il a enfin insist\u00e9 sur l\u2019importance d\u2019une approche int\u00e9gr\u00e9e, prenant en compte des enjeux tels que le genre, la transition juste, la biodiversit\u00e9 et l\u2019\u00e9conomie bleue.<\/span><\/p>\n","protected":false},"excerpt":{"rendered":"<p>Devant un public compos\u00e9 de repr\u00e9sentants des institutions de la R\u00e9publique, des Diplomates, des collectivit\u00e9s territoriales, du secteur priv\u00e9, des partenaires techniques et financiers, ainsi que des organisations de la [&hellip;]<\/p>\n","protected":false},"author":1,"featured_media":5967,"comment_status":"closed","ping_status":"closed","sticky":false,"template":"","format":"standard","meta":{"_lmt_disableupdate":"no","_lmt_disable":"","pgc_sgb_lightbox_settings":""},"categories":[58],"tags":[],"post_folder":[59],"modified_by":"MINEDD","_links":{"self":[{"href":"https:\/\/did-dev.net\/mineddte\/wp-json\/wp\/v2\/posts\/5964"}],"collection":[{"href":"https:\/\/did-dev.net\/mineddte\/wp-json\/wp\/v2\/posts"}],"about":[{"href":"https:\/\/did-dev.net\/mineddte\/wp-json\/wp\/v2\/types\/post"}],"author":[{"embeddable":true,"href":"https:\/\/did-dev.net\/mineddte\/wp-json\/wp\/v2\/users\/1"}],"replies":[{"embeddable":true,"href":"https:\/\/did-dev.net\/mineddte\/wp-json\/wp\/v2\/comments?post=5964"}],"version-history":[{"count":1,"href":"https:\/\/did-dev.net\/mineddte\/wp-json\/wp\/v2\/posts\/5964\/revisions"}],"predecessor-version":[{"id":5969,"href":"https:\/\/did-dev.net\/mineddte\/wp-json\/wp\/v2\/posts\/5964\/revisions\/5969"}],"wp:featuredmedia":[{"embeddable":true,"href":"https:\/\/did-dev.net\/mineddte\/wp-json\/wp\/v2\/media\/5967"}],"wp:attachment":[{"href":"https:\/\/did-dev.net\/mineddte\/wp-json\/wp\/v2\/media?parent=5964"}],"wp:term":[{"taxonomy":"category","embeddable":true,"href":"https:\/\/did-dev.net\/mineddte\/wp-json\/wp\/v2\/categories?post=5964"},{"taxonomy":"post_tag","embeddable":true,"href":"https:\/\/did-dev.net\/mineddte\/wp-json\/wp\/v2\/tags?post=5964"},{"taxonomy":"post_folder","embeddable":true,"href":"https:\/\/did-dev.net\/mineddte\/wp-json\/wp\/v2\/post_folder?post=5964"}],"curies":[{"name":"wp","href":"https:\/\/api.w.org\/{rel}","templated":true}]}}