{"id":5958,"date":"2025-02-12T19:39:53","date_gmt":"2025-02-12T19:39:53","guid":{"rendered":"https:\/\/did-dev.net\/mineddte\/?p=5958"},"modified":"2025-03-03T08:50:15","modified_gmt":"2025-03-03T08:50:15","slug":"developpement-durable-le-ministere-en-charge-de-lenvironnement-veut-ancrer-les-bonnes-pratiques-dans-tout-le-corps-social-ivoirien","status":"publish","type":"post","link":"https:\/\/did-dev.net\/mineddte\/developpement-durable-le-ministere-en-charge-de-lenvironnement-veut-ancrer-les-bonnes-pratiques-dans-tout-le-corps-social-ivoirien\/","title":{"rendered":"DEVELOPPEMENT DURABLE : LE MINISTERE EN CHARGE DE L\u2019ENVIRONNEMENT VEUT ANCRER LES BONNES PRATIQUES DANS TOUT LE CORPS SOCIAL IVOIRIEN"},"content":{"rendered":"<p style=\"text-align: justify;\"><span style=\"font-family: verdana, geneva, sans-serif;\">Le Ministre de l\u2019Environnement, du D\u00e9veloppement Durable et de la Transition Ecologique, monsieur Assahor\u00e9 Konan Jacques, a pr\u00e9sid\u00e9 la c\u00e9r\u00e9monie de lancement du processus de l\u2019installation des Comit\u00e9s du D\u00e9veloppement Durable, le mercredi 12 f\u00e9vrier 2025, \u00e0 Abidjan, Plateau.<\/span><\/p>\n<p style=\"text-align: justify;\"><span style=\"font-family: verdana, geneva, sans-serif;\">Cette c\u00e9r\u00e9monie visait \u00e0 doter toutes les organisations (le secteur public, le secteur priv\u00e9, les collectivit\u00e9s territoriales, les organisations de la soci\u00e9t\u00e9 civile) de Comit\u00e9 de D\u00e9veloppement Durable (CDD).<\/span><\/p>\n<p style=\"text-align: justify;\"><span style=\"font-family: verdana, geneva, sans-serif;\">Les Comit\u00e9s de D\u00e9veloppement Durable (CDD) sont des organes de la Commission Nationale de D\u00e9veloppement Durable qui permettent d\u2019int\u00e9grer les exigences du D\u00e9veloppement Durable dans les plans et programmes des organisations qui les h\u00e9bergent. Leur installation vise \u00e0 faire de chaque citoyen, un acteur responsable qui contribue \u00e0 l\u2019harmonie entre la qualit\u00e9 de l\u2019environnement, le dynamisme \u00e9conomique et l\u2019\u00e9quit\u00e9 sociale pour une soci\u00e9t\u00e9 \u00e9panouie.<\/span><\/p>\n<p style=\"text-align: justify;\"><span style=\"font-family: verdana, geneva, sans-serif;\">Selon le Ministre Assahor\u00e9, la crise environnementale que le monde entier conna\u00eet aujourd\u2019hui a pour cause principale les modes de production et de consommation non durables. <\/span><span style=\"font-family: verdana, geneva, sans-serif;\">Pour faire \u00e0 cette crise, il a appel\u00e9 au changement de comportement et, \u00e0 l\u2019\u00e9volution des usages et pratiques \u00e0 l\u2019\u00e9chelle collective et individuelle pour une transition \u00e9cologique v\u00e9ritable \u00e0 travers les CDD.<\/span><\/p>\n<p style=\"text-align: justify;\"><span style=\"font-family: verdana, geneva, sans-serif;\">\u00ab Le d\u00e9veloppement durable ne saurait \u00eatre une simple d\u00e9claration d\u2019intention. Il exige des actions concr\u00e8tes, une gouvernance rigoureuse et une participation active de toutes les parties prenantes. \u00bb, a indiqu\u00e9 le Ministre Assahor\u00e9.<\/span><\/p>\n<p style=\"text-align: justify;\"><span style=\"font-family: verdana, geneva, sans-serif;\">Pour Mme AMARI V\u00e9ronique, Secr\u00e9taire Permanente de la Commission Nationale de D\u00e9veloppement Durable, les Comit\u00e9s de D\u00e9veloppement Durable joueront un r\u00f4le crucial dans la mise en \u0153uvre de strat\u00e9gies en sensibilisant, informant, \u00e9duquant et formant les populations en vue de constituer une masse critique d\u2019acteurs appliquant les \u00e9co-gestes, notamment ceux li\u00e9s \u00e0 la r\u00e9duction du gaspillage de l\u2019eau et de l\u2019\u00e9lectricit\u00e9.<\/span><\/p>\n<p style=\"text-align: justify;\"><span style=\"font-family: verdana, geneva, sans-serif;\">La c\u00e9r\u00e9monie a \u00e9t\u00e9 marqu\u00e9e la pr\u00e9sence de plusieurs repr\u00e9sentants d\u2019institutions de la r\u00e9publique, des minist\u00e8res techniques, des partenaires techniques et financiers, des collectivit\u00e9s locales, de la soci\u00e9t\u00e9 civile et des ONG.<\/span><\/p>\n","protected":false},"excerpt":{"rendered":"<p>Le Ministre de l\u2019Environnement, du D\u00e9veloppement Durable et de la Transition Ecologique, monsieur Assahor\u00e9 Konan Jacques, a pr\u00e9sid\u00e9 la c\u00e9r\u00e9monie de lancement du processus de l\u2019installation des Comit\u00e9s du D\u00e9veloppement [&hellip;]<\/p>\n","protected":false},"author":1,"featured_media":5959,"comment_status":"closed","ping_status":"closed","sticky":false,"template":"","format":"standard","meta":{"_lmt_disableupdate":"no","_lmt_disable":"","pgc_sgb_lightbox_settings":""},"categories":[58],"tags":[],"post_folder":[59],"modified_by":"MINEDD","_links":{"self":[{"href":"https:\/\/did-dev.net\/mineddte\/wp-json\/wp\/v2\/posts\/5958"}],"collection":[{"href":"https:\/\/did-dev.net\/mineddte\/wp-json\/wp\/v2\/posts"}],"about":[{"href":"https:\/\/did-dev.net\/mineddte\/wp-json\/wp\/v2\/types\/post"}],"author":[{"embeddable":true,"href":"https:\/\/did-dev.net\/mineddte\/wp-json\/wp\/v2\/users\/1"}],"replies":[{"embeddable":true,"href":"https:\/\/did-dev.net\/mineddte\/wp-json\/wp\/v2\/comments?post=5958"}],"version-history":[{"count":1,"href":"https:\/\/did-dev.net\/mineddte\/wp-json\/wp\/v2\/posts\/5958\/revisions"}],"predecessor-version":[{"id":5961,"href":"https:\/\/did-dev.net\/mineddte\/wp-json\/wp\/v2\/posts\/5958\/revisions\/5961"}],"wp:featuredmedia":[{"embeddable":true,"href":"https:\/\/did-dev.net\/mineddte\/wp-json\/wp\/v2\/media\/5959"}],"wp:attachment":[{"href":"https:\/\/did-dev.net\/mineddte\/wp-json\/wp\/v2\/media?parent=5958"}],"wp:term":[{"taxonomy":"category","embeddable":true,"href":"https:\/\/did-dev.net\/mineddte\/wp-json\/wp\/v2\/categories?post=5958"},{"taxonomy":"post_tag","embeddable":true,"href":"https:\/\/did-dev.net\/mineddte\/wp-json\/wp\/v2\/tags?post=5958"},{"taxonomy":"post_folder","embeddable":true,"href":"https:\/\/did-dev.net\/mineddte\/wp-json\/wp\/v2\/post_folder?post=5958"}],"curies":[{"name":"wp","href":"https:\/\/api.w.org\/{rel}","templated":true}]}}