{"id":5957,"date":"2025-02-07T09:46:06","date_gmt":"2025-02-07T09:46:06","guid":{"rendered":"https:\/\/did-dev.net\/mineddte\/?p=5957"},"modified":"2025-03-03T08:50:55","modified_gmt":"2025-03-03T08:50:55","slug":"protection-de-lenvironnement-les-prefets-mobilises-pour-une-action-locale-renforce","status":"publish","type":"post","link":"https:\/\/did-dev.net\/mineddte\/protection-de-lenvironnement-les-prefets-mobilises-pour-une-action-locale-renforce\/","title":{"rendered":"PROTECTION DE L\u2019ENVIRONNEMENT\u00a0: LES PREFETS MOBILISES POUR UNE ACTION LOCALE RENFORCE"},"content":{"rendered":"<p style=\"text-align: justify;\"><span style=\"font-family: verdana, geneva, sans-serif;\">Le ministre de l\u2019Environnement, du D\u00e9veloppement Durable et de la Transition \u00c9cologique, M. Assahor\u00e9 Konan Jacques, a pr\u00e9sid\u00e9 un atelier de sensibilisation et d\u2019information \u00e0 l\u2019intention du corps pr\u00e9fectoral, le jeudi 6 f\u00e9vrier 2025, au Novotel Abidjan \u2013 Plateau.<\/span><\/p>\n<p style=\"text-align: justify;\"><span style=\"font-family: verdana, geneva, sans-serif;\">Cette rencontre, qui fait suite \u00e0 celle d\u2019avril 2024 \u00e0 Bouak\u00e9, s\u2019inscrit dans le cadre des efforts du gouvernement visant \u00e0 renforcer l\u2019application du nouveau Code de l\u2019Environnement et \u00e0 mobiliser les autorit\u00e9s locales face aux d\u00e9fis environnementaux croissants.<\/span><\/p>\n<p style=\"text-align: justify;\"><span style=\"font-family: verdana, geneva, sans-serif;\">La C\u00f4te d&#8217;Ivoire subit de plein fouet les effets du changement climatique, malgr\u00e9 ses faibles \u00e9missions de gaz \u00e0 effet de serre. Selon le rapport national sur le climat, si rien n\u2019est fait, les pertes \u00e9conomiques pourraient atteindre 770 milliards de FCFA d\u2019ici 2040, et la production de cacao chuter de 15 %, mena\u00e7ant ainsi l\u2019\u00e9conomie nationale.<\/span><\/p>\n<p style=\"text-align: justify;\"><span style=\"font-family: verdana, geneva, sans-serif;\">Dans son allocution, le ministre Assahor\u00e9 a insist\u00e9 sur le r\u00f4le cl\u00e9 des pr\u00e9fets dans la mise en \u0153uvre des politiques environnementales et dans la sensibilisation des populations :<\/span><\/p>\n<p style=\"text-align: justify;\"><span style=\"font-family: verdana, geneva, sans-serif;\">\u00ab Le Gouvernement de la C\u00f4te d\u2019Ivoire fait des efforts consid\u00e9rables pour la pr\u00e9servation de notre environnement et le bien-\u00eatre des populations. (\u2026) Il nous a plu de vous solliciter, en votre qualit\u00e9 de repr\u00e9sentants de l\u2019\u00c9tat, pour vous pr\u00e9senter la situation de notre environnement et vous inviter \u00e0 poursuivre, avec plus d\u2019ardeur, la sensibilisation de nos populations sur les enjeux environnementaux et climatiques. \u00bb, a-t-il indiqu\u00e9.<\/span><\/p>\n<p style=\"text-align: justify;\"><span style=\"font-family: verdana, geneva, sans-serif;\">\u00c0 l\u2019instar de la communaut\u00e9 climatique mondiale, la C\u00f4te d\u2019Ivoire renforce ses ambitions climatiques \u00e0 travers la pr\u00e9paration des nouvelles Contributions D\u00e9termin\u00e9es au niveau National (CDN 3.0), appuy\u00e9es par la mise en \u0153uvre d\u2019actions de sensibilisation et d\u2019\u00e9ducation environnementale rigoureuses. Le ministre Assahor\u00e9 a ainsi invit\u00e9 l\u2019ensemble des autorit\u00e9s pr\u00e9fectorales \u00e0 contribuer activement \u00e0 la r\u00e9ussite de ce processus afin de r\u00e9duire l\u2019empreinte carbone du pays et de renforcer la r\u00e9silience des populations face aux effets des changements climatiques.<\/span><\/p>\n<p style=\"text-align: justify;\"><span style=\"font-family: verdana, geneva, sans-serif;\">L\u2019atelier s\u2019est conclu par une session de questions-r\u00e9ponses, offrant aux pr\u00e9fets l\u2019opportunit\u00e9 d\u2019exprimer leurs pr\u00e9occupations et de partager les d\u00e9fis rencontr\u00e9s dans la mise en \u0153uvre des politiques environnementales \u00e0 l&#8217;\u00e9chelle locale.<\/span><\/p>\n<p style=\"text-align: justify;\"><span style=\"font-family: verdana, geneva, sans-serif;\">\u00c0 l\u2019issue de cette rencontre, les pr\u00e9fets se sont engag\u00e9s \u00e0 \u00eatre des relais de la politique environnementale du gouvernement, en intensifiant la sensibilisation des populations et en veillant \u00e0 l\u2019efficacit\u00e9 des actions.<\/span><\/p>\n","protected":false},"excerpt":{"rendered":"<p>Le ministre de l\u2019Environnement, du D\u00e9veloppement Durable et de la Transition \u00c9cologique, M. Assahor\u00e9 Konan Jacques, a pr\u00e9sid\u00e9 un atelier de sensibilisation et d\u2019information \u00e0 l\u2019intention du corps pr\u00e9fectoral, le [&hellip;]<\/p>\n","protected":false},"author":1,"featured_media":5960,"comment_status":"closed","ping_status":"closed","sticky":false,"template":"","format":"standard","meta":{"_lmt_disableupdate":"no","_lmt_disable":"","pgc_sgb_lightbox_settings":""},"categories":[58],"tags":[],"post_folder":[59],"modified_by":"MINEDD","_links":{"self":[{"href":"https:\/\/did-dev.net\/mineddte\/wp-json\/wp\/v2\/posts\/5957"}],"collection":[{"href":"https:\/\/did-dev.net\/mineddte\/wp-json\/wp\/v2\/posts"}],"about":[{"href":"https:\/\/did-dev.net\/mineddte\/wp-json\/wp\/v2\/types\/post"}],"author":[{"embeddable":true,"href":"https:\/\/did-dev.net\/mineddte\/wp-json\/wp\/v2\/users\/1"}],"replies":[{"embeddable":true,"href":"https:\/\/did-dev.net\/mineddte\/wp-json\/wp\/v2\/comments?post=5957"}],"version-history":[{"count":1,"href":"https:\/\/did-dev.net\/mineddte\/wp-json\/wp\/v2\/posts\/5957\/revisions"}],"predecessor-version":[{"id":5962,"href":"https:\/\/did-dev.net\/mineddte\/wp-json\/wp\/v2\/posts\/5957\/revisions\/5962"}],"wp:featuredmedia":[{"embeddable":true,"href":"https:\/\/did-dev.net\/mineddte\/wp-json\/wp\/v2\/media\/5960"}],"wp:attachment":[{"href":"https:\/\/did-dev.net\/mineddte\/wp-json\/wp\/v2\/media?parent=5957"}],"wp:term":[{"taxonomy":"category","embeddable":true,"href":"https:\/\/did-dev.net\/mineddte\/wp-json\/wp\/v2\/categories?post=5957"},{"taxonomy":"post_tag","embeddable":true,"href":"https:\/\/did-dev.net\/mineddte\/wp-json\/wp\/v2\/tags?post=5957"},{"taxonomy":"post_folder","embeddable":true,"href":"https:\/\/did-dev.net\/mineddte\/wp-json\/wp\/v2\/post_folder?post=5957"}],"curies":[{"name":"wp","href":"https:\/\/api.w.org\/{rel}","templated":true}]}}