{"id":5951,"date":"2025-02-12T07:19:35","date_gmt":"2025-02-12T07:19:35","guid":{"rendered":"https:\/\/did-dev.net\/mineddte\/?p=5951"},"modified":"2025-02-13T09:45:06","modified_gmt":"2025-02-13T09:45:06","slug":"lancement-des-ivoire-eco-awards-le-prix-qui-recompense-les-acteurs-de-developpement-durable","status":"publish","type":"post","link":"https:\/\/did-dev.net\/mineddte\/lancement-des-ivoire-eco-awards-le-prix-qui-recompense-les-acteurs-de-developpement-durable\/","title":{"rendered":"LANCEMENT DES \u00ab IVOIRE ECO AWARDS \u00bb : LE PRIX QUI RECOMPENSE LES ACTEURS DE DEVELOPPEMENT DURABLE"},"content":{"rendered":"<p style=\"text-align: justify;\"><span style=\"font-family: verdana, geneva, sans-serif;\">Le Minist\u00e8re de l\u2019Environnement, du D\u00e9veloppement Durable et de la Transition \u00c9cologique a annonc\u00e9 l\u2019instauration des \u00ab <em><strong>Ivoire Eco Awards<\/strong> <\/em>\u00bb, une initiative visant \u00e0 r\u00e9compenser les acteurs exemplaires de d\u00e9veloppement durable en C\u00f4te d&#8217;Ivoire et \u00e0 valoriser leurs efforts en mati\u00e8re de mise en \u0153uvre des solutions concr\u00e8tes face aux d\u00e9fis environnementaux. L&#8217;\u00e9v\u00e9nement de lancement s&#8217;est tenu le mardi 11 f\u00e9vrier 2025, \u00e0 l&#8217;espace Latrille Events d&#8217;Abidjan, r\u00e9unissant de nombreux invit\u00e9s et acteurs cl\u00e9s.<\/span><\/p>\n<p style=\"text-align: justify;\"><span style=\"font-family: verdana, geneva, sans-serif;\">Lors de son discours, le Ministre a soulign\u00e9 l&#8217;urgence des d\u00e9fis \u00e9cologiques actuels, tels que les changements climatiques, la pollution et la d\u00e9forestation, qui menacent notre bien-\u00eatre et celui des g\u00e9n\u00e9rations futures. Il a rappel\u00e9 que la C\u00f4te d&#8217;Ivoire, autrefois riche de sa biodiversit\u00e9, fait face aujourd&#8217;hui \u00e0 une recrudescence des agressions environnementales.<\/span><\/p>\n<p style=\"text-align: justify;\"><span style=\"font-family: verdana, geneva, sans-serif;\"><em>\u00ab Les changements climatiques ont un impact terrible sur notre vie, sur notre soci\u00e9t\u00e9 et nous avons organis\u00e9 ce prix pour amener tous les acteurs, tous ce qu&#8217;on appelle les acteurs du d\u00e9veloppement durable, c&#8217;est-\u00e0-dire les acteurs \u00e9tatiques, le priv\u00e9, le secteur priv\u00e9, les collectivit\u00e9s territoriales et l&#8217;organisation de la soci\u00e9t\u00e9 civile \u00e0 s&#8217;impliquer dans les actions men\u00e9es par l&#8217;\u00c9tat pour prot\u00e9ger notre environnement et promouvoir le d\u00e9veloppement durable \u00bb<\/em>, a-t-il d\u00e9clar\u00e9.<\/span><\/p>\n<p style=\"text-align: justify;\"><span style=\"font-family: verdana, geneva, sans-serif;\">Les \u00ab Ivoire Eco Awards \u00bb visent plusieurs objectifs sp\u00e9cifiques, notamment sensibiliser les acteurs sur les enjeux de la protection de l\u2019environnement et de la durabilit\u00e9, encourager les pratiques de gestion durable des ressources naturelles, favoriser l\u2019innovation et la cr\u00e9ativit\u00e9 dans les projets \u00e9cologiques, promouvoir les bonnes pratiques et la coop\u00e9ration entre diff\u00e9rents acteurs, accompagner les acteurs dans leur d\u00e9marche de transition \u00e9cologique, et r\u00e9compenser les meilleurs acteurs de d\u00e9veloppement durable.<\/span><\/p>\n<p style=\"text-align: justify;\"><span style=\"font-family: verdana, geneva, sans-serif;\">Les cibles de ce prix incluent le secteur priv\u00e9, les collectivit\u00e9s locales, les organisations de la soci\u00e9t\u00e9 civile, les structures administratives publiques, les institutions \u00e9ducatives, les m\u00e9dias, les acteurs du secteur agricole, ainsi que les innovateurs et entrepreneurs.<\/span><\/p>\n<p style=\"text-align: justify;\"><span style=\"font-family: verdana, geneva, sans-serif;\">Le Ministre a insist\u00e9 sur le fait que le concours ne doit pas \u00eatre \u00e9valu\u00e9 sur les montants, mais doit viser les b\u00e9n\u00e9fices environnementaux, comme la cr\u00e9ation de communes vertes et l&#8217;int\u00e9gration de pratiques durables dans les entreprises et les organisations de la soci\u00e9t\u00e9 civile. Il en a profit\u00e9 pour lancer un appel \u00e0 l\u2019adoption de comportements \u00e9co-citoyens dans les habitudes quotidiennes et professionnelles de chaque citoyen.<\/span><\/p>\n<p style=\"text-align: justify;\"><span style=\"font-family: verdana, geneva, sans-serif;\"><em>\u00ab L&#8217;\u00c9tat seul ne peut pas tout faire, il faut que chacun, \u00e0 quelques niveaux de responsabilit\u00e9 qu&#8217;il se situe, se comporte en \u00e9co-citoyen, c&#8217;est-\u00e0-dire qu&#8217;il pose des actes qui prot\u00e8gent l&#8217;environnement \u00bb,<\/em> a affirm\u00e9 Monsieur Assahor\u00e9.<\/span><\/p>\n<p style=\"text-align: justify;\"><span style=\"font-family: verdana, geneva, sans-serif;\">Il faut noter que Le prix \u00ab Ivoire Eco Awards \u00bb encourage une prise de conscience collective et des pratiques durables pour un d\u00e9veloppement harmonieux. La remise aura lieu en juin, apr\u00e8s une p\u00e9riode de souscription et d&#8217;\u00e9valuation des candidatures en mai. Une campagne de sensibilisation et de communication sera mise en place pour inciter les diff\u00e9rents acteurs \u00e0 participer au concours.<\/span><\/p>\n","protected":false},"excerpt":{"rendered":"<p>Le Minist\u00e8re de l\u2019Environnement, du D\u00e9veloppement Durable et de la Transition \u00c9cologique a annonc\u00e9 l\u2019instauration des \u00ab Ivoire Eco Awards \u00bb, une initiative visant \u00e0 r\u00e9compenser les acteurs exemplaires de [&hellip;]<\/p>\n","protected":false},"author":1,"featured_media":5952,"comment_status":"closed","ping_status":"closed","sticky":false,"template":"","format":"standard","meta":{"_lmt_disableupdate":"no","_lmt_disable":"","pgc_sgb_lightbox_settings":""},"categories":[58],"tags":[],"post_folder":[59],"modified_by":"MINEDD","_links":{"self":[{"href":"https:\/\/did-dev.net\/mineddte\/wp-json\/wp\/v2\/posts\/5951"}],"collection":[{"href":"https:\/\/did-dev.net\/mineddte\/wp-json\/wp\/v2\/posts"}],"about":[{"href":"https:\/\/did-dev.net\/mineddte\/wp-json\/wp\/v2\/types\/post"}],"author":[{"embeddable":true,"href":"https:\/\/did-dev.net\/mineddte\/wp-json\/wp\/v2\/users\/1"}],"replies":[{"embeddable":true,"href":"https:\/\/did-dev.net\/mineddte\/wp-json\/wp\/v2\/comments?post=5951"}],"version-history":[{"count":1,"href":"https:\/\/did-dev.net\/mineddte\/wp-json\/wp\/v2\/posts\/5951\/revisions"}],"predecessor-version":[{"id":5954,"href":"https:\/\/did-dev.net\/mineddte\/wp-json\/wp\/v2\/posts\/5951\/revisions\/5954"}],"wp:featuredmedia":[{"embeddable":true,"href":"https:\/\/did-dev.net\/mineddte\/wp-json\/wp\/v2\/media\/5952"}],"wp:attachment":[{"href":"https:\/\/did-dev.net\/mineddte\/wp-json\/wp\/v2\/media?parent=5951"}],"wp:term":[{"taxonomy":"category","embeddable":true,"href":"https:\/\/did-dev.net\/mineddte\/wp-json\/wp\/v2\/categories?post=5951"},{"taxonomy":"post_tag","embeddable":true,"href":"https:\/\/did-dev.net\/mineddte\/wp-json\/wp\/v2\/tags?post=5951"},{"taxonomy":"post_folder","embeddable":true,"href":"https:\/\/did-dev.net\/mineddte\/wp-json\/wp\/v2\/post_folder?post=5951"}],"curies":[{"name":"wp","href":"https:\/\/api.w.org\/{rel}","templated":true}]}}