{"id":5950,"date":"2025-02-07T20:30:07","date_gmt":"2025-02-07T20:30:07","guid":{"rendered":"https:\/\/did-dev.net\/mineddte\/?p=5950"},"modified":"2025-03-03T08:49:52","modified_gmt":"2025-03-03T08:49:52","slug":"rentree-solennelle-le-ministre-assahore-decline-les-priorites-de-lannee-2025","status":"publish","type":"post","link":"https:\/\/did-dev.net\/mineddte\/rentree-solennelle-le-ministre-assahore-decline-les-priorites-de-lannee-2025\/","title":{"rendered":"RENTREE SOLENNELLE : LE MINISTRE ASSAHORE DECLINE LES PRIORITES DE L\u2019ANNEE 2025"},"content":{"rendered":"<p style=\"text-align: justify;\"><span style=\"font-family: verdana, geneva, sans-serif;\"><em>\u00ab Je voudrais vous engager \u00e0 la d\u00e9finition d\u2019actions concr\u00e8tes pour la mise en \u0153uvre effective de la note d\u2019orientation de l\u2019ann\u00e9e 2025, plac\u00e9e sous le sceau du respect des normes environnementales, \u00e0 travers l\u2019application stricte du code de l\u2019environnement de 2023 \u00bb,<\/em> d\u00e9clarait le Ministre de l\u2019Environnement, du D\u00e9veloppement Durable et de la Transition Ecologique, Monsieur Assahor\u00e9 Konan Jacques, face \u00e0 ses collaborateurs. C\u2019\u00e9tait ce vendredi 7 f\u00e9vrier 2025, \u00e0 l\u2019occasion de la c\u00e9r\u00e9monie de la rentr\u00e9e solennelle de son d\u00e9partement minist\u00e9riel, au Parc National du Banco.<\/span><\/p>\n<p style=\"text-align: justify;\"><span style=\"font-family: verdana, geneva, sans-serif;\">Ce moment privil\u00e9gi\u00e9 pour le Ministre, de dresser le bilan des activit\u00e9s de l\u2019ann\u00e9e pr\u00e9c\u00e9dente et de d\u00e9cliner les priorit\u00e9s de 2025, a \u00e9t\u00e9 l\u2019occasion de pr\u00e9senter ses v\u0153ux de nouvel an et de remettre la note d&#8217;orientation \u00e0 ses collaborateurs.<\/span><\/p>\n<p style=\"text-align: justify;\"><span style=\"font-family: verdana, geneva, sans-serif;\">Dans son allocution, Assahor\u00e9 Konan Jacques a exprim\u00e9 sa satisfaction au regard des r\u00e9sultats obtenus au cours de l\u2019ann\u00e9e 2024, parmi lesquels on peut citer : l\u2019\u00e9laboration d\u2019un plan strat\u00e9gique de d\u00e9veloppement 2024-2026, l\u2019adoption en Conseil des Ministres de la Loi sur les changements climatiques, le d\u00e9cret sur les r\u00e8gles et proc\u00e9dures des \u00e9valuations environnementales et sociales ; la cr\u00e9ation de la Commission Nationale de Lutte contre les Changements Climatiques ; l&#8217;\u00e9laboration d&#8217;un portefeuille projet ; la cr\u00e9ation du Bureau March\u00e9 Carbone ; l\u2019accr\u00e9ditation de 41 cabinets sp\u00e9cialis\u00e9s et 3 experts ind\u00e9pendants pour renforcer l\u2019\u00e9valuation environnementale ; la r\u00e9alisation de 4 484 inspections pour 3 463 installations class\u00e9es ; la cr\u00e9ation de la R\u00e9serve Naturelle Volontaire &#8211; Corridor \u00c9cologique de Ta\u00ef ; le paiement de 60 millions FCFA \u00e0 508 b\u00e9n\u00e9ficiaires pour la r\u00e9duction des \u00e9missions ; 313 activit\u00e9s g\u00e9n\u00e9ratrices de revenus r\u00e9alis\u00e9es dans le cadre du WACA, et le d\u00e9but des travaux de stabilisation du cordon sableux de Grand Lahou.<\/span><\/p>\n<p style=\"text-align: justify;\"><span style=\"font-family: verdana, geneva, sans-serif;\">Nonobstant ces r\u00e9alisations, des d\u00e9fis persistent, notamment le r\u00e9tr\u00e9cissement de la Lagune Ebri\u00e9 caus\u00e9 par les remblayages sauvages ; la mortalit\u00e9 brusque de poissons dans plusieurs cours d\u2019eau du pays due \u00e0 la pollution et la pollution de l\u2019air par les envol\u00e9es de poussi\u00e8res dues \u00e0 l\u2019activit\u00e9 des cimenteries situ\u00e9es pour certaines au c\u0153ur de zones habit\u00e9es.<\/span><\/p>\n<p style=\"text-align: justify;\"><span style=\"font-family: verdana, geneva, sans-serif;\">\u00ab Face \u00e0 cette probl\u00e9matique environnementale qui se pr\u00e9sente \u00e0 nous, il importe de poursuivre nos efforts, dans une dynamique anticipative \u00bb, a-t-il indiqu\u00e9.<\/span><\/p>\n<p style=\"text-align: justify;\"><span style=\"font-family: verdana, geneva, sans-serif;\">Toutefois, il a soulign\u00e9 que l\u2019ann\u00e9e 2025 doit \u00eatre celle du respect des normes environnementales et de la promotion de l\u2019\u00e9cocitoyennet\u00e9. Avec des priorit\u00e9s claires, le Ministre a appel\u00e9 ses collaborateurs \u00e0 une mobilisation totale afin de garantir un environnement sain aux populations.<\/span><\/p>\n<p style=\"text-align: justify;\"><span style=\"font-family: verdana, geneva, sans-serif;\">Prenant la parole au nom du personnel du MINEDDTE, Monsieur Parfait Kouadio, Directeur de Cabinet, a salu\u00e9 le Ministre pour sa vision strat\u00e9gique manag\u00e9riale qui a permis au Minist\u00e8re d\u2019enregistrer des r\u00e9sultats probants. Aussi a-t-il r\u00e9it\u00e9r\u00e9 l\u2019engagement du personnel \u00e0 accompagner le Ministre dans la r\u00e9alisation de ses objectifs.<\/span><\/p>\n<p style=\"text-align: justify;\"><span style=\"font-family: verdana, geneva, sans-serif;\">\u00ab Je reste conscient, et avec moi tous vos collaborateurs ici pr\u00e9sents, du caract\u00e8re perfectible des performances r\u00e9alis\u00e9es. Aussi voudrais-je, tout en saluant l\u2019abn\u00e9gation et le sens des responsabilit\u00e9s de la plupart de vos collaborateurs, vous r\u00e9it\u00e9rer notre disponibilit\u00e9 \u00e0 \u0153uvrer \u00e0 vos c\u00f4t\u00e9s, comme par le pass\u00e9, pour l\u2019atteinte de nos nouveaux objectifs \u00bb, a-t-il rassur\u00e9.<\/span><\/p>\n<p style=\"text-align: justify;\"><span style=\"font-family: verdana, geneva, sans-serif;\">Monsieur Parfait Kouadio a clos ses propos en adressant, au nom de tout le personnel du Minist\u00e8re en charge de l\u2019Environnement, ses v\u0153ux de sant\u00e9, de prosp\u00e9rit\u00e9, de bonheur et de succ\u00e8s au Ministre.<\/span><\/p>\n<p style=\"text-align: justify;\"><span style=\"font-family: verdana, geneva, sans-serif;\">Plusieurs partenaires techniques et financiers ont pris part \u00e0 la c\u00e9r\u00e9monie pour marquer leur soutien aux actions du Minist\u00e8re.<\/span><\/p>\n","protected":false},"excerpt":{"rendered":"<p>\u00ab Je voudrais vous engager \u00e0 la d\u00e9finition d\u2019actions concr\u00e8tes pour la mise en \u0153uvre effective de la note d\u2019orientation de l\u2019ann\u00e9e 2025, plac\u00e9e sous le sceau du respect des [&hellip;]<\/p>\n","protected":false},"author":1,"featured_media":5953,"comment_status":"closed","ping_status":"closed","sticky":false,"template":"","format":"standard","meta":{"_lmt_disableupdate":"no","_lmt_disable":"","pgc_sgb_lightbox_settings":""},"categories":[58],"tags":[],"post_folder":[59],"modified_by":"MINEDD","_links":{"self":[{"href":"https:\/\/did-dev.net\/mineddte\/wp-json\/wp\/v2\/posts\/5950"}],"collection":[{"href":"https:\/\/did-dev.net\/mineddte\/wp-json\/wp\/v2\/posts"}],"about":[{"href":"https:\/\/did-dev.net\/mineddte\/wp-json\/wp\/v2\/types\/post"}],"author":[{"embeddable":true,"href":"https:\/\/did-dev.net\/mineddte\/wp-json\/wp\/v2\/users\/1"}],"replies":[{"embeddable":true,"href":"https:\/\/did-dev.net\/mineddte\/wp-json\/wp\/v2\/comments?post=5950"}],"version-history":[{"count":1,"href":"https:\/\/did-dev.net\/mineddte\/wp-json\/wp\/v2\/posts\/5950\/revisions"}],"predecessor-version":[{"id":5955,"href":"https:\/\/did-dev.net\/mineddte\/wp-json\/wp\/v2\/posts\/5950\/revisions\/5955"}],"wp:featuredmedia":[{"embeddable":true,"href":"https:\/\/did-dev.net\/mineddte\/wp-json\/wp\/v2\/media\/5953"}],"wp:attachment":[{"href":"https:\/\/did-dev.net\/mineddte\/wp-json\/wp\/v2\/media?parent=5950"}],"wp:term":[{"taxonomy":"category","embeddable":true,"href":"https:\/\/did-dev.net\/mineddte\/wp-json\/wp\/v2\/categories?post=5950"},{"taxonomy":"post_tag","embeddable":true,"href":"https:\/\/did-dev.net\/mineddte\/wp-json\/wp\/v2\/tags?post=5950"},{"taxonomy":"post_folder","embeddable":true,"href":"https:\/\/did-dev.net\/mineddte\/wp-json\/wp\/v2\/post_folder?post=5950"}],"curies":[{"name":"wp","href":"https:\/\/api.w.org\/{rel}","templated":true}]}}