{"id":5942,"date":"2025-02-07T00:46:38","date_gmt":"2025-02-07T00:46:38","guid":{"rendered":"https:\/\/did-dev.net\/mineddte\/?p=5942"},"modified":"2025-02-12T12:29:07","modified_gmt":"2025-02-12T12:29:07","slug":"avis-a-manifestation-dinteret-recrutement-dune-firme-pour-lelaboration-dune-note-conceptuelle-de-projet-bien-detaillee-de-projet-de-gestion-de-dechets-medicaux-et","status":"publish","type":"post","link":"https:\/\/did-dev.net\/mineddte\/avis-a-manifestation-dinteret-recrutement-dune-firme-pour-lelaboration-dune-note-conceptuelle-de-projet-bien-detaillee-de-projet-de-gestion-de-dechets-medicaux-et\/","title":{"rendered":"AVIS A MANIFESTATION D\u2019INTERET : RECRUTEMENT D\u2019UNE FIRME POUR L\u2019ELABORATION D\u2019UNE NOTE CONCEPTUELLE DE PROJET BIEN DETAILLEE DE PROJET DE GESTION DE DECHETS MEDICAUX ET PHARMACEUTIQUES A SOUMETTRE AU FONDS VERT POUR LE CLIMAT ET LA FORMATION DE TRENTE (30) ACTEURS NATIONAUX SUR LA FORMULATION DE PROJET CLIMAT"},"content":{"rendered":"<p style=\"text-align: justify;\"><span style=\"color: #ff0000; font-family: verdana, geneva, sans-serif;\">PROROGATION DATE DE CLOTURE POUR LA RECEPTION DES SOUMISSIONS<\/span><\/p>\n<p style=\"text-align: justify;\"><span style=\"color: #ff0000; font-family: verdana, geneva, sans-serif;\">La date de cl\u00f4ture initiale du 10 F\u00e9vrier 2025 est prorog\u00e9e au 24 F\u00e9vrier 2025<\/span><\/p>\n<p style=\"text-align: justify;\"><span style=\"font-family: verdana, geneva, sans-serif;\">Date de l\u2019avis : 20 Janvier 2025<\/span><\/p>\n<p style=\"text-align: justify;\"><span style=\"font-family: verdana, geneva, sans-serif;\">Secteur : Changements climatiques<\/span><\/p>\n<p style=\"text-align: justify;\"><span style=\"font-family: verdana, geneva, sans-serif;\">PROJET N\u00b0 : G-CI-EBA-ZZZ-001<\/span><\/p>\n<p style=\"text-align: justify;\"><span style=\"font-family: verdana, geneva, sans-serif;\">AMI N\u00b0 : 6<\/span><\/p>\n<p style=\"text-align: justify;\"><span style=\"font-family: verdana, geneva, sans-serif;\">PROJET DE PREPARATION DE LA COTE D\u2019IVOIRE A LA DECARBONISATION DE LA GESTION DES DECHETS SOLIDES, MEDICAUX ET PHARMACEUTIQUES (DMP) POUR L\u2019ATTEINTE DES OBJECTIFS D\u2019ATTENUATION DES CONFORMEMENT AUX CDN ET A L\u2019OBJECTIF 2050 DE L\u2019ACCORD DE PARIS<\/span><\/p>\n<ol style=\"text-align: justify;\">\n<li><span style=\"font-family: verdana, geneva, sans-serif;\">Le Gouvernement de la R\u00e9publique de C\u00f4te d\u2019Ivoire, repr\u00e9sent\u00e9 par le Minist\u00e8re de l\u2019Environnement, du D\u00e9veloppement Durable et de la Transition Ecologique (MINEDDTE), a re\u00e7u un don du Fonds pour les Changements Climatiques en Afrique (FCCA) administr\u00e9 par la Banque Africaine de D\u00e9veloppement (BAD), d\u2019un montant de 377 300 USD affect\u00e9s au projet de pr\u00e9paration de la C\u00f4te d\u2019Ivoire a la d\u00e9carbonisation de la gestion des D\u00e9chets solides, M\u00e9dicaux et pharmaceutiques (DMP) pour l\u2019atteinte des objectifs d\u2019att\u00e9nuation des conform\u00e9ment aux CDN et a l\u2019objectif 2050 de l\u2019accord de Paris. Le projet a l\u2019intention d\u2019utiliser une partie de ces fonds pour effectuer les paiements autoris\u00e9s au titre du contrat pour le <strong>\u00ab recrutement d\u2019une firme pour l\u2019\u00e9laboration d\u2019une note conceptuelle de projet bien d\u00e9taill\u00e9e de projet de gestion de D\u00e9chets M\u00e9dicaux et Pharmaceutiques \u00e0 soumettre au Fonds Vert pour le Climat et la formation de trente (30) acteurs nationaux sur la formulation de projet climat \u00bb. <\/strong><\/span><\/li>\n<li><span style=\"font-family: verdana, geneva, sans-serif;\">L\u2019objectif de cet AMI est de recruter une firme, qui aura la responsabilit\u00e9 de former 30 acteurs nationaux et mobiliser des ressources aupr\u00e8s du Fonds Vert pour le Climat \u00e0 travers l\u2019\u00e9laboration d\u2019une note conceptuelle de projet de gestion des D\u00e9chets M\u00e9dicaux et Pharmaceutiques.<\/span><\/li>\n<li><span style=\"font-family: verdana, geneva, sans-serif;\">Les services pr\u00e9vus au titre de ce contrat sont les suivants :<\/span><\/li>\n<\/ol>\n<ul style=\"text-align: justify;\">\n<li><span style=\"font-family: verdana, geneva, sans-serif;\">\u00c9laborer et pr\u00e9senter une m\u00e9thodologie d\u00e9taill\u00e9e et un plan de travail pour la mission par une revue documentaire et des sources disponibles ;<\/span><\/li>\n<li><span style=\"font-family: verdana, geneva, sans-serif;\">Travailler \u00e0 \u00e9tablir un lien coh\u00e9rent entre tous les documents, initiatives et projets existants au niveau national, pour identifier les d\u00e9ficits afin d\u2019\u00e9laborer une note conceptuelle pertinente et efficace pour une meilleure mobilisation de financements ;<\/span><\/li>\n<li><span style=\"font-family: verdana, geneva, sans-serif;\">Produire un projet de rapport de pr\u00e9faisabilit\u00e9 pour la note conceptuelle de projet bas\u00e9 sur les consultations, recherches et analyses effectu\u00e9es ;<\/span><\/li>\n<li><span style=\"font-family: verdana, geneva, sans-serif;\">\u00c9laborer la note conceptuelle de projet en utilisant le Template du Fonds Vert pour le Climat (FVC) avec toutes les annexes requises (prendre en compte les notions de la th\u00e9orie du changement et du genre, s\u2019assurer que les indicateurs du cadre logique r\u00e9pondent pleinement au cadre d&#8217;indicateurs du FVC ;<\/span><\/li>\n<li><span style=\"font-family: verdana, geneva, sans-serif;\">\u00c9laborer un document de requ\u00eate de fonds de pr\u00e9paration (PPF) en utilisant les mod\u00e8les du FVC avec toutes les annexes requises) ;<\/span><\/li>\n<li><span style=\"font-family: verdana, geneva, sans-serif;\">En coordination avec l\u2019\u00e9quipe du projet, entreprendre les consultations n\u00e9cessaires avec les parties prenantes cl\u00e9s du secteur des d\u00e9chets (solides et DMP), Partenaires Techniques et Financiers et les experts comp\u00e9tents pour obtenir des commentaires \/ suggestions et les int\u00e9grer dans le document (note conceptuelle de projet climat d\u00e9chets) \u00e0 \u00e9laborer ;<\/span><\/li>\n<li><span style=\"font-family: verdana, geneva, sans-serif;\">Dispenser une formation structur\u00e9e en diff\u00e9rents modules pour les trente (30) acteurs qui accompagneront la firme dans le processus de formulation de la note conceptuelle \u00e0 soumettre au FVC ;<\/span><\/li>\n<li><span style=\"font-family: verdana, geneva, sans-serif;\">Participer et animer les ateliers de formation et de validation de la note conceptuelle.<\/span><\/li>\n<\/ul>\n<p style=\"text-align: justify;\"><span style=\"font-family: verdana, geneva, sans-serif;\">N.B :\u00a0 \u27a2 La note conceptuelle, le document programme\/projet, les rapports de pr\u00e9faisabilit\u00e9, et la requ\u00eate de fonds de pr\u00e9paration et tous les documents et annexes requis pour les diff\u00e9rentes soumissions au guichet climat identifi\u00e9 seront en Anglais. Par ailleurs, les versions finales de l\u2019ensemble des livrables soumises \u00e0 l\u2019appr\u00e9ciation et \u00e0 la validation des parties prenantes cl\u00e9s seront r\u00e9dig\u00e9es en fran\u00e7ais.<\/span><\/p>\n<p style=\"text-align: justify;\"><span style=\"font-family: verdana, geneva, sans-serif;\">La firme et l\u2019\u00e9quipe projet assureront le contr\u00f4le-qualit\u00e9 sur tous les produits de la mission, en consultation avec les experts consultants du Fonds pour les Changements Climatiques en Afrique (FCCA) de la BAD.<\/span><\/p>\n<ol style=\"text-align: justify;\" start=\"4\">\n<li><span style=\"font-family: verdana, geneva, sans-serif;\">Le Minist\u00e8re de l\u2019Environnement, du D\u00e9veloppement Durable et de la Transition Ecologique (MINEDDTE) \u00e0 travers le Programme National Changement climatique (PNCC), invite les Consultants (Firmes) \u00e0 pr\u00e9senter leur candidature en vue de fournir les services d\u00e9crits ci-dessus. Les Consultants (Firmes) int\u00e9ress\u00e9s doivent produire les informations sur leur capacit\u00e9 et exp\u00e9rience d\u00e9montrant qu\u2019ils sont qualifi\u00e9s pour les prestations dans le cadre de projet en lien avec les changements climatiques notamment par la production des brochures de pr\u00e9sentation du cabinet, les r\u00e9f\u00e9rences concernant l\u2019ex\u00e9cution de missions similaires (ann\u00e9es de r\u00e9alisation, co\u00fbts, clients et adresse\/t\u00e9l\u00e9phone etc.).<\/span><\/li>\n<\/ol>\n<p style=\"text-align: justify;\"><span style=\"font-family: verdana, geneva, sans-serif;\"><strong>A ce titre, ils justifieront qu\u2019ils poss\u00e8dent des r\u00e9f\u00e9rences de prestations r\u00e9centes et similaires en fournissant les fiches projet accompagn\u00e9es des attestations de bonne ex\u00e9cution.<\/strong><\/span><\/p>\n<p style=\"text-align: justify;\"><span style=\"font-family: verdana, geneva, sans-serif;\">Les consultants peuvent se mettre en association pour augmenter leurs chances de qualification, auquel cas, la manifestation d\u2019int\u00e9r\u00eat doit inclure une copie de l\u2019accord de groupement conclu par l\u2019ensemble de ses membres ou une lettre d\u2019intention de constituer un groupement.<\/span><\/p>\n<ol style=\"text-align: justify;\" start=\"5\">\n<li><span style=\"font-family: verdana, geneva, sans-serif;\">Les crit\u00e8res d\u2019\u00e9ligibilit\u00e9, l\u2019\u00e9tablissement de la liste restreinte et la proc\u00e9dure de s\u00e9lection seront conformes au Cadre de passation des march\u00e9s des op\u00e9rations financ\u00e9es par le Groupe de la Banque Africaine de D\u00e9veloppement, \u00e9dition d\u2019Octobre 2015, qui est disponible sur le site web de la Banque \u00e0 l\u2019adresse : <a href=\"http:\/\/www.afdb.org\">http:\/\/www.afdb.org<\/a>.<\/span><\/li>\n<\/ol>\n<p style=\"text-align: justify;\"><span style=\"font-family: verdana, geneva, sans-serif;\">Les Consultants (Firmes) seront class\u00e9s suivant leur qualification sur la base des r\u00e9f\u00e9rences fournies et jug\u00e9es acceptables.<\/span><\/p>\n<ol style=\"text-align: justify;\" start=\"6\">\n<li><span style=\"font-family: verdana, geneva, sans-serif;\">La proc\u00e9dure de s\u00e9lection retenue sera la m\u00e9thode de S\u00e9lection Fond\u00e9e sur la Qualit\u00e9 et le Co\u00fbt (SFQC).<\/span><\/li>\n<li><span style=\"font-family: verdana, geneva, sans-serif;\">La dur\u00e9e de la mission est de <strong>soixante (60) jours ouvrables<\/strong> y compris la p\u00e9riode de r\u00e9daction et de soumission de la proposition compl\u00e8te du projet climat-d\u00e9chets, \u00e0 compter de la date de signature du contrat.<\/span><\/li>\n<li><span style=\"font-family: verdana, geneva, sans-serif;\">Les Consultants (Firmes) int\u00e9ress\u00e9es peuvent obtenir des informations suppl\u00e9mentaires \u00e0 l&#8217;adresse mentionn\u00e9e ci-dessous aux heures d\u2019ouverture de bureaux suivantes <strong>: du lundi au vendredi de 07 heures 30 minutes \u00e0 12 heures 30 minutes et de 13 heures 30 minutes \u00e0 16 heures 30 minutes (jours ouvrables et heure locale)<\/strong>.<\/span><\/li>\n<li><span style=\"font-family: verdana, geneva, sans-serif;\">Les expressions d&#8217;int\u00e9r\u00eat doivent \u00eatre d\u00e9pos\u00e9es ou transmises par courriel, en <strong>trois (03) exemplaires dont un (01) original<\/strong> \u00e0 l&#8217;adresse mentionn\u00e9e ci-dessous au plus tard <strong>le lundi 24 f\u00e9vrier 2025 \u00e0 10 heures 00 minute (heure locale).<\/strong> Elles devront porter express\u00e9ment la mention \u00ab Manifestation d\u2019int\u00e9r\u00eat pour le Recrutement d\u2019une firme pour l\u2019\u00e9laboration d\u2019une note conceptuelle de projet bien d\u00e9taill\u00e9e de projet de gestion de D\u00e9chets M\u00e9dicaux et Pharmaceutiques \u00e0 soumettre au Fonds Vert pour le Climat et la formation de trente (30) acteurs nationaux sur la formulation de projet climat \u00bb, et \u00eatre soumises en FRAN\u00c7AIS, \u00e0 : Unit\u00e9 de Gestion du Programme National Changement Climatique (UG-PNCC)<\/span><\/li>\n<\/ol>\n<p style=\"text-align: justify;\"><span style=\"font-family: verdana, geneva, sans-serif;\">\u00c0 l&#8217;attention de Madame la coordonnatrice du Projet DMP Sise \u00e0 Abidjan, Riviera Palmeraie, cit\u00e9 du bonheur non loin de la SODECI<\/span><\/p>\n<p style=\"text-align: justify;\"><span style=\"font-family: verdana, geneva, sans-serif;\">Tel : +225 27 20 22 69 09 \/+225 07 59 50 11 19\/ +225 07 09 49 52 97<\/span><\/p>\n<p style=\"text-align: justify;\"><span style=\"font-family: verdana, geneva, sans-serif;\">E-mail : <a href=\"mailto:leaticiaamon12@gmail.com\">leaticiaamon12@gmail.com<\/a> et <a href=\"mailto:projetdmp2023@gmail.com\">projetdmp2023@gmail.com<\/a> et <a href=\"mailto:civ.climate@gmail.com\">civ.climate@gmail.com<\/a><\/span><\/p>\n<p style=\"text-align: justify;\"><span style=\"font-family: verdana, geneva, sans-serif;\">Note : cet avis est \u00e9mis pour la prorogation de la date de cl\u00f4ture de r\u00e9ception des soumissions.<\/span><\/p>\n<ol start=\"10\">\n<li style=\"text-align: justify;\"><span style=\"font-family: verdana, geneva, sans-serif;\">Il est \u00e0 noter que l\u2019int\u00e9r\u00eat manifest\u00e9 par un Consultant (firme) n\u2019implique aucune obligation de la part de la Banque de l\u2019inclure sur la liste restreinte.<\/span><\/li>\n<\/ol>\n","protected":false},"excerpt":{"rendered":"<p>PROROGATION DATE DE CLOTURE POUR LA RECEPTION DES SOUMISSIONS La date de cl\u00f4ture initiale du 10 F\u00e9vrier 2025 est prorog\u00e9e au 24 F\u00e9vrier 2025 Date de l\u2019avis : 20 Janvier [&hellip;]<\/p>\n","protected":false},"author":1,"featured_media":5943,"comment_status":"closed","ping_status":"closed","sticky":false,"template":"","format":"standard","meta":{"_lmt_disableupdate":"no","_lmt_disable":"","pgc_sgb_lightbox_settings":""},"categories":[58],"tags":[],"post_folder":[59],"modified_by":"MINEDD","_links":{"self":[{"href":"https:\/\/did-dev.net\/mineddte\/wp-json\/wp\/v2\/posts\/5942"}],"collection":[{"href":"https:\/\/did-dev.net\/mineddte\/wp-json\/wp\/v2\/posts"}],"about":[{"href":"https:\/\/did-dev.net\/mineddte\/wp-json\/wp\/v2\/types\/post"}],"author":[{"embeddable":true,"href":"https:\/\/did-dev.net\/mineddte\/wp-json\/wp\/v2\/users\/1"}],"replies":[{"embeddable":true,"href":"https:\/\/did-dev.net\/mineddte\/wp-json\/wp\/v2\/comments?post=5942"}],"version-history":[{"count":1,"href":"https:\/\/did-dev.net\/mineddte\/wp-json\/wp\/v2\/posts\/5942\/revisions"}],"predecessor-version":[{"id":5944,"href":"https:\/\/did-dev.net\/mineddte\/wp-json\/wp\/v2\/posts\/5942\/revisions\/5944"}],"wp:featuredmedia":[{"embeddable":true,"href":"https:\/\/did-dev.net\/mineddte\/wp-json\/wp\/v2\/media\/5943"}],"wp:attachment":[{"href":"https:\/\/did-dev.net\/mineddte\/wp-json\/wp\/v2\/media?parent=5942"}],"wp:term":[{"taxonomy":"category","embeddable":true,"href":"https:\/\/did-dev.net\/mineddte\/wp-json\/wp\/v2\/categories?post=5942"},{"taxonomy":"post_tag","embeddable":true,"href":"https:\/\/did-dev.net\/mineddte\/wp-json\/wp\/v2\/tags?post=5942"},{"taxonomy":"post_folder","embeddable":true,"href":"https:\/\/did-dev.net\/mineddte\/wp-json\/wp\/v2\/post_folder?post=5942"}],"curies":[{"name":"wp","href":"https:\/\/api.w.org\/{rel}","templated":true}]}}