{"id":5938,"date":"2025-02-01T08:26:15","date_gmt":"2025-02-01T08:26:15","guid":{"rendered":"https:\/\/did-dev.net\/mineddte\/?p=5938"},"modified":"2025-02-12T12:28:49","modified_gmt":"2025-02-12T12:28:49","slug":"preservation-de-lenvironnement-le-ministre-assahore-resolument-engagement-dans-la-lutte-contre-les-changements-climatiques","status":"publish","type":"post","link":"https:\/\/did-dev.net\/mineddte\/preservation-de-lenvironnement-le-ministre-assahore-resolument-engagement-dans-la-lutte-contre-les-changements-climatiques\/","title":{"rendered":"PRESERVATION DE L\u2019ENVIRONNEMENT : LE MINISTRE ASSAHORE RESOLUMENT ENGAGEMENT DANS LA LUTTE CONTRE LES CHANGEMENTS CLIMATIQUES"},"content":{"rendered":"<p style=\"text-align: justify;\"><span style=\"font-family: verdana, geneva, sans-serif;\">Le Ministre de l\u2019Environnement, du D\u00e9veloppement Durable et de la Transition \u00c9cologique, Assahor\u00e9 Konan Jacques, a effectu\u00e9 une visite, du 30 au 31 janvier 2025, dans la r\u00e9gion de San Pedro, zone du projet PRE.<\/span><\/p>\n<p style=\"text-align: justify;\"><span style=\"font-family: verdana, geneva, sans-serif;\">Elle s\u2019inscrit dans le cadre du projet de Paiement des R\u00e9ductions d\u2019Emissions autour du Parc National de Ta\u00ef (PRE), initi\u00e9 par le pays avec le soutien du Fonds Carbone de la Banque Mondiale. Ce projet vise la conservation, la restauration et la gestion des for\u00eats \u00e0 travers le paiement de services environnementaux des communaut\u00e9s locales et des acteurs r\u00e9gionaux.<\/span><\/p>\n<p style=\"text-align: justify;\"><span style=\"font-family: verdana, geneva, sans-serif;\">Plusieurs repr\u00e9sentants issus de la Banque Mondiale, du Fonds Carbone, des observateurs des pays REDD+, des Nations Unies, du secteur priv\u00e9, de la soci\u00e9t\u00e9 civile, les chefs coutumiers et les b\u00e9n\u00e9ficiaires du projet ont pris part \u00e0 cette activit\u00e9.<\/span><\/p>\n<p style=\"text-align: justify;\"><span style=\"font-family: verdana, geneva, sans-serif;\">L\u2019objectif de cette visite \u00e9tait de d\u00e9couvrir les initiatives de projet forestiers financ\u00e9s par le Fonds Carbone de la Banque Mondiale, notamment les activit\u00e9s r\u00e9mun\u00e9r\u00e9es r\u00e9cemment dans le cadre du projet PRE, en reconnaissance des efforts fournis pour lutter contre le changement climatique\u00a0; d\u2019appr\u00e9cier les r\u00e9sultats dudit projet et de renforcer l\u2019engagement des parties prenantes en faveur de la conservation et du d\u00e9veloppement durable.<\/span><\/p>\n<p style=\"text-align: justify;\"><span style=\"font-family: verdana, geneva, sans-serif;\">Ce sont entre autres le domaine rural de la sous-pr\u00e9fecture de Gabiadji, la for\u00eat class\u00e9e de Rapides Grah, et le point E du Parc National de Ta\u00ef qui ont \u00e9t\u00e9 sillonn\u00e9s par le Ministre Assahor\u00e9 et la mission de la Banque Mondiale o\u00f9 ils ont pu rencontrer les b\u00e9n\u00e9ficiaires directs engag\u00e9s dans les activit\u00e9s de r\u00e9duction des \u00e9missions.<\/span><\/p>\n<p style=\"text-align: justify;\"><span style=\"font-family: verdana, geneva, sans-serif;\">Monsieur Assahor\u00e9 Konan Jacques a exprim\u00e9 gratitude au Fonds Carbone de la Banque Mondiale pour son appui technique et financier qui a permis \u00e0 la C\u00f4te d\u2019Ivoire, \u00e0 travers les initiatives comme PRE, de se positionner parmi les acteurs de premier plan dans la lutte contre le changement climatique.<\/span><\/p>\n<p style=\"text-align: justify;\"><span style=\"font-family: verdana, geneva, sans-serif;\">Il n\u2019a pas manqu\u00e9 de f\u00e9liciter les b\u00e9n\u00e9ficiaires pour leur engagement en faveur du climat et la reforestation, tout en les invitant \u00e0 se faire \u00e9tablir leurs pi\u00e8ces d\u2019identit\u00e9s, une des conditions cl\u00e9s pour b\u00e9n\u00e9ficier des retomb\u00e9s du projet. En effet pour b\u00e9n\u00e9ficier des paiements, il faut se faire enregistrer pendant les appels \u00e0 manifestation d\u2019int\u00e9r\u00eats aupr\u00e8s des diff\u00e9rents Services pertinents\u00a0; faire v\u00e9rifier la r\u00e9alisation effective de son activit\u00e9 et disposer de papiers d\u2019identit\u00e9 prouvant son identit\u00e9 et permettant le paiement.<\/span><\/p>\n<p style=\"text-align: justify;\"><span style=\"font-family: verdana, geneva, sans-serif;\"><em>\u00ab\u00a0Je lance un appel \u00e0 toutes les parties prenantes ici pr\u00e9sentes pour une mobilisation des b\u00e9n\u00e9ficiaires directs ne disposant pas de pi\u00e8ce d\u2019identit\u00e9 \u00e0 s\u2019en faire d\u00e9livrer.\u00a0\u00bb,<\/em> a-t-il d\u00e9clar\u00e9.<\/span><\/p>\n<p style=\"text-align: justify;\"><span style=\"font-family: verdana, geneva, sans-serif;\">Mme Marie-Chantal UWANYILIGIRA, Directrice des op\u00e9rations de la Banque Mondiale pour la C\u00f4te d\u2019Ivoire, s\u2019est f\u00e9licit\u00e9e de ces avanc\u00e9es notables, fruits de la collaboration de son institution avec la C\u00f4te d\u2019Ivoire.<\/span><\/p>\n<p style=\"text-align: justify;\"><span style=\"font-family: verdana, geneva, sans-serif;\">A ce jour, 508 b\u00e9n\u00e9ficiaires directs ont \u00e9t\u00e9 pay\u00e9s par transfert mobile, pour une valeur d\u2019environ 60 millions de FCFA et 12 b\u00e9n\u00e9ficiaires indirects par virement bancaire pour un montant d\u2019environ 05 milliards de FCFA.<\/span><\/p>\n<p style=\"text-align: justify;\"><span style=\"font-family: verdana, geneva, sans-serif;\">En marge de cette activit\u00e9, le Ministre Assahor\u00e9 Konan Jacques est pass\u00e9 dans certaines installations class\u00e9es sensibles de par leurs activit\u00e9s, le 31 janvier, dans la zone portuaire de San Pedro, en pr\u00e9sence des autorit\u00e9s locales. Objectif, sensibiliser\u00a0sur le nouveau Code de l\u2019Environnement\u00a0et sur le respect scrupuleux des normes environnementales conform\u00e9ment \u00e0 sa vision de l\u2019ann\u00e9e 2025.<\/span><\/p>\n<p style=\"text-align: justify;\"><span style=\"font-family: verdana, geneva, sans-serif;\">Deux secteurs d\u2019activit\u00e9s ont fait l\u2019objet de cette visite, notamment deux (02) cimenteries (SOCIM et CIMAF) et trois (03) scieries (SMCI, AI et ITB).<\/span><\/p>\n<p style=\"text-align: justify;\"><span style=\"font-family: verdana, geneva, sans-serif;\">Il les a invit\u00e9 \u00e0 se conformer aux normes environnementales pour sauvegarde la sant\u00e9 et le cadre de vie des populations.<\/span><\/p>\n<p style=\"text-align: justify;\"><span style=\"font-family: verdana, geneva, sans-serif;\"><em>\u00ab\u00a0Vous participez \u00e0 l\u2019activit\u00e9 \u00e9conomique de la nation, mais on ne peut pas mettre cela en balance avec la sant\u00e9 et la vie des ivoiriens. Conjuguons donc nos efforts pour respecter les normes environnementales.\u00bb,<\/em> a-t-il indiqu\u00e9.<\/span><\/p>\n","protected":false},"excerpt":{"rendered":"<p>Le Ministre de l\u2019Environnement, du D\u00e9veloppement Durable et de la Transition \u00c9cologique, Assahor\u00e9 Konan Jacques, a effectu\u00e9 une visite, du 30 au 31 janvier 2025, dans la r\u00e9gion de San [&hellip;]<\/p>\n","protected":false},"author":1,"featured_media":5939,"comment_status":"closed","ping_status":"closed","sticky":false,"template":"","format":"standard","meta":{"_lmt_disableupdate":"no","_lmt_disable":"","pgc_sgb_lightbox_settings":""},"categories":[58],"tags":[],"post_folder":[59],"modified_by":"MINEDD","_links":{"self":[{"href":"https:\/\/did-dev.net\/mineddte\/wp-json\/wp\/v2\/posts\/5938"}],"collection":[{"href":"https:\/\/did-dev.net\/mineddte\/wp-json\/wp\/v2\/posts"}],"about":[{"href":"https:\/\/did-dev.net\/mineddte\/wp-json\/wp\/v2\/types\/post"}],"author":[{"embeddable":true,"href":"https:\/\/did-dev.net\/mineddte\/wp-json\/wp\/v2\/users\/1"}],"replies":[{"embeddable":true,"href":"https:\/\/did-dev.net\/mineddte\/wp-json\/wp\/v2\/comments?post=5938"}],"version-history":[{"count":1,"href":"https:\/\/did-dev.net\/mineddte\/wp-json\/wp\/v2\/posts\/5938\/revisions"}],"predecessor-version":[{"id":5940,"href":"https:\/\/did-dev.net\/mineddte\/wp-json\/wp\/v2\/posts\/5938\/revisions\/5940"}],"wp:featuredmedia":[{"embeddable":true,"href":"https:\/\/did-dev.net\/mineddte\/wp-json\/wp\/v2\/media\/5939"}],"wp:attachment":[{"href":"https:\/\/did-dev.net\/mineddte\/wp-json\/wp\/v2\/media?parent=5938"}],"wp:term":[{"taxonomy":"category","embeddable":true,"href":"https:\/\/did-dev.net\/mineddte\/wp-json\/wp\/v2\/categories?post=5938"},{"taxonomy":"post_tag","embeddable":true,"href":"https:\/\/did-dev.net\/mineddte\/wp-json\/wp\/v2\/tags?post=5938"},{"taxonomy":"post_folder","embeddable":true,"href":"https:\/\/did-dev.net\/mineddte\/wp-json\/wp\/v2\/post_folder?post=5938"}],"curies":[{"name":"wp","href":"https:\/\/api.w.org\/{rel}","templated":true}]}}