{"id":5931,"date":"2025-01-30T00:12:16","date_gmt":"2025-01-30T00:12:16","guid":{"rendered":"https:\/\/did-dev.net\/mineddte\/?p=5931"},"modified":"2025-02-12T12:28:30","modified_gmt":"2025-02-12T12:28:30","slug":"avis-a-manifestation-dinteret-recrutement-dun-consultant-national-pour-la-conception-dune-plateforme-informatique-de-mesure-rapportage-et-verification-mrv-des-deche","status":"publish","type":"post","link":"https:\/\/did-dev.net\/mineddte\/avis-a-manifestation-dinteret-recrutement-dun-consultant-national-pour-la-conception-dune-plateforme-informatique-de-mesure-rapportage-et-verification-mrv-des-deche\/","title":{"rendered":"AVIS A MANIFESTATION D\u2019INTERET : RECRUTEMENT D\u2019UN\u00a0CONSULTANT NATIONAL POUR LA CONCEPTION D\u2019UNE PLATEFORME INFORMATIQUE DE MESURE RAPPORTAGE ET VERIFICATION (MRV) DES DECHETS MEDICAUX ET PHARMACEUTIQUES (DMP) SPECIFIQUE A LA C\u00d4TE D\u2019IVOIRE POUR LA MISE EN \u0152UVRE D\u2019UNE PHASE PILOTE"},"content":{"rendered":"<p style=\"text-align: justify;\"><span style=\"font-family: verdana, geneva, sans-serif;\">PROJET DE PREPARATION DE LA COTE D\u2019IVOIRE A LA DECARBONISATION DE LA GESTION DES DECHETS SOLIDES, MEDICAUX ET PHARMACEUTIQUES (DMP) POUR L\u2019ATTEINTE DES OBJECTIFS D\u2019ATTENUATION DES GAZ A EFFET DE SERRE (GES) CONFORMEMENT AUX CONTRIBUTIONS DETERMINEES AU NIVEAU NATIONAL (CDN) ET A L\u2019OBJECTIF 2050 DE L\u2019ACCORD DE PARIS<\/span><\/p>\n<p style=\"text-align: justify;\"><span style=\"font-family: verdana, geneva, sans-serif;\">Date de l\u2019avis : 30 Janvier 2025<\/span><\/p>\n<p style=\"text-align: justify;\"><span style=\"font-family: verdana, geneva, sans-serif;\">Secteur : Changements Climatiques <\/span><\/p>\n<p style=\"text-align: justify;\"><span style=\"font-family: verdana, geneva, sans-serif;\">PROJET N\u00b0 : G-CI-EBA-ZZZ-001 <\/span><\/p>\n<p style=\"text-align: justify;\"><span style=\"font-family: verdana, geneva, sans-serif;\">AMI N\u00b0 : 8<\/span><\/p>\n<ol>\n<li style=\"text-align: justify;\"><span style=\"font-family: verdana, geneva, sans-serif;\">Le Gouvernement de la R\u00e9publique de C\u00f4te d\u2019Ivoire, repr\u00e9sent\u00e9 par le Minist\u00e8re de l\u2019Environnement, du D\u00e9veloppement Durable et de la Transition Ecologique (MINEDDTE), a re\u00e7u un don du Fonds pour les Changements Climatiques en Afrique (FCCA) administr\u00e9 par la Banque Africaine de D\u00e9veloppement (BAD), d\u2019un montant de 277 300 USD affect\u00e9s pour la pr\u00e9paration de la C\u00f4te d\u2019Ivoire \u00e0 la d\u00e9carbonisation de la gestion des D\u00e9chets solides, M\u00e9dicaux et Pharmaceutiques (DMP) pour l\u2019atteinte des objectifs d\u2019att\u00e9nuation des \u00e9missions de Gaz \u00e0 Effets de Serre (GES) conform\u00e9ment aux Contributions D\u00e9termin\u00e9es au niveau National (CDN) et \u00e0 l\u2019objectif 2050 de l&#8217;Accord de Paris. L\u2019Unit\u00e9 de Gestion du Projet se propose d\u2019utiliser une partie des fonds de ce don pour effectuer les paiements autoris\u00e9s au titre du contrat de <strong>recrutement d\u2019un consultant national pour<\/strong>, <strong>l<\/strong><strong>a<\/strong> <strong>concep<\/strong><strong>tion<\/strong> <strong>d\u2019une<\/strong> <strong>plateforme<\/strong> <strong>informatique<\/strong> <strong>de<\/strong> <strong>Mesure<\/strong> <strong>Rapportage<\/strong> <strong>et<\/strong><strong> V\u00e9rification (MRV)\u00a0 de\u00a0 gestion des D\u00e9chets M\u00e9dicaux\u00a0 et Pharmaceutiques (DMP) sp\u00e9cifique \u00e0 la C\u00f4te d\u2019Ivoire et la mise en \u0153uvre d\u2019une phase pilote.<\/strong><\/span><\/li>\n<\/ol>\n<p style=\"text-align: justify;\">\u00a0<\/p>\n<ol style=\"text-align: justify;\" start=\"2\">\n<li><span style=\"font-family: verdana, geneva, sans-serif;\"><strong>L\u2019objectif<\/strong> <strong>g\u00e9n\u00e9ral<\/strong> vis\u00e9 par cet AMI est de recruter un consultant individuel national qui sera charg\u00e9 de mettre en place une plateforme informatique MRV pour la gestion des DMP pour la mise en \u0153uvre d\u2019une phase pilote sur les incin\u00e9rateurs m\u00e9dicaux (cas pratiques d\u2019un CHU ou CHR). A cet effet, il travaillera en \u00e9troite collaboration avec un consultant international qui sera recrut\u00e9.<\/span><\/li>\n<\/ol>\n<p style=\"text-align: justify;\">\u00a0<\/p>\n<ol style=\"text-align: justify;\" start=\"3\">\n<li><span style=\"font-family: verdana, geneva, sans-serif;\">Les services pr\u00e9vus au titre du contrat qui sera sign\u00e9 sont les suivants :<\/span><\/li>\n<\/ol>\n<ul style=\"text-align: justify;\">\n<li><span style=\"font-family: verdana, geneva, sans-serif;\"><strong><u>Phase<\/u><\/strong> <strong><u>1<\/u><\/strong> <strong>:<\/strong> <strong>\u00c9valuation<\/strong> <strong>et<\/strong> <strong>analyse<\/strong><\/span><\/li>\n<\/ul>\n<p style=\"text-align: justify;\"><span style=\"font-family: verdana, geneva, sans-serif;\"><strong>&#8211;<\/strong> \u00a0\u00a0\u00a0 Faire l\u2019\u00e9valuation des syst\u00e8mes de base de donn\u00e9es et syst\u00e8mes d\u2019information actuels et l\u2019analyse des proc\u00e9dures et structures institutionnelles ;<\/span><\/p>\n<p style=\"text-align: justify;\"><span style=\"font-family: verdana, geneva, sans-serif;\"><strong>&#8211;<\/strong>\u00a0\u00a0\u00a0\u00a0 Faire un \u00e9tat des lieux des syst\u00e8mes MRV existants et des \u00e9tudes r\u00e9alis\u00e9es ;<\/span><\/p>\n<p style=\"text-align: justify;\"><span style=\"font-family: verdana, geneva, sans-serif;\"><strong>&#8211;<\/strong><strong>\u00a0\u00a0 <\/strong>Passer <strong>en<\/strong> <strong>revue<\/strong> <strong>les<\/strong> <strong>rapports<\/strong> <strong>et<\/strong> <strong>les<\/strong> <strong>\u00e9tudes<\/strong> <strong>sur<\/strong> <strong>les<\/strong> <strong>MRV<\/strong> <strong>au<\/strong> <strong>niveau<\/strong> <strong>national<\/strong><\/span><\/p>\n<ul style=\"text-align: justify;\">\n<li><span style=\"font-family: verdana, geneva, sans-serif;\"><strong><u>Phase<\/u><\/strong> <strong><u>2<\/u><\/strong> <strong><u>:<\/u><\/strong> <strong>Conception<\/strong> <strong>de<\/strong> <strong>la<\/strong> <strong>plateforme<\/strong><\/span><\/li>\n<\/ul>\n<p style=\"text-align: justify;\"><span style=\"font-family: verdana, geneva, sans-serif;\"><strong>&#8211;<\/strong> \u00a0\u00a0\u00a0 Proposer un cahier de charge pour la mise en place de la plateforme qui sera valid\u00e9 par les \u00e9quipes du PNCC et du projet DMP ;<\/span><\/p>\n<p style=\"text-align: justify;\"><span style=\"font-family: verdana, geneva, sans-serif;\"><strong>&#8211;<\/strong>\u00a0\u00a0\u00a0\u00a0 Proposer une charte graphique de la plateforme MRV-DMP pilote ;<\/span><\/p>\n<p style=\"text-align: justify;\"><span style=\"font-family: verdana, geneva, sans-serif;\"><strong>&#8211;<\/strong>\u00a0\u00a0\u00a0\u00a0 Proposer une maquette de la plateforme du syst\u00e8me MRV-DMP pilote ;<\/span><\/p>\n<p style=\"text-align: justify;\"><span style=\"font-family: verdana, geneva, sans-serif;\"><strong>&#8211;<\/strong> \u00a0\u00a0\u00a0 Proposer un chronogramme d\u00e9taillant les phases de conception jusqu\u2019\u00e0 la mise en production de la plateforme web ;<\/span><\/p>\n<p style=\"text-align: justify;\"><span style=\"font-family: verdana, geneva, sans-serif;\"><strong>A<\/strong><strong>\u00a0 <\/strong><strong>la<\/strong><strong>\u00a0 <\/strong><strong>fin<\/strong><strong>\u00a0 <\/strong><strong>de<\/strong><strong>\u00a0 <\/strong><strong>la<\/strong><strong>\u00a0 <\/strong><strong>phase<\/strong><strong>\u00a0 <\/strong><strong>2,<\/strong><strong>\u00a0 <\/strong><strong>le<\/strong><strong>\u00a0 <\/strong><strong>consultant<\/strong><strong>\u00a0 <\/strong><strong>devra<\/strong><strong>\u00a0 <\/strong><strong>proposer<\/strong><strong>\u00a0 <\/strong><strong>une<\/strong><strong>\u00a0 <\/strong><strong>note<\/strong><strong>\u00a0 <\/strong><strong>de<\/strong><strong>\u00a0 <\/strong><strong>cadrage<\/strong><strong> comprenant le cahier de charge, les exigences techniques \u00e0 savoir :<\/strong><\/span><\/p>\n<p style=\"text-align: justify;\"><span style=\"font-family: verdana, geneva, sans-serif;\"><strong>&#8211;<\/strong> \u00a0\u00a0\u00a0 Les\u00a0 technologies sp\u00e9cifiques\u00a0 \u00e0 utiliser pour le\u00a0 d\u00e9veloppement du syst\u00e8me MRV-DMP pilote ;<\/span><\/p>\n<p style=\"text-align: justify;\"><span style=\"font-family: verdana, geneva, sans-serif;\"><strong>&#8211;<\/strong>\u00a0\u00a0\u00a0\u00a0 La compatibilit\u00e9 avec les normes et derni\u00e8res technologies web ;<\/span><\/p>\n<p style=\"text-align: justify;\"><span style=\"font-family: verdana, geneva, sans-serif;\"><strong>&#8211;<\/strong>\u00a0\u00a0\u00a0\u00a0 L\u2019exigence en mati\u00e8re de s\u00e9curit\u00e9 et de performance.<\/span><\/p>\n<ul style=\"text-align: justify;\">\n<li><span style=\"font-family: verdana, geneva, sans-serif;\"><strong><u>Phase<\/u><\/strong> <strong><u>3<\/u><\/strong> <strong><u>:<\/u><\/strong> <strong>Renforcement<\/strong> <strong>de<\/strong> <strong>capacit\u00e9<\/strong><\/span><\/li>\n<\/ul>\n<p style=\"text-align: justify;\"><span style=\"font-family: verdana, geneva, sans-serif;\"><strong>&#8211;<\/strong>\u00a0\u00a0\u00a0\u00a0 Proposer un manuel d\u2019utilisation de la plateforme ;<\/span><\/p>\n<p style=\"text-align: justify;\"><span style=\"font-family: verdana, geneva, sans-serif;\"><strong>&#8211;<\/strong>\u00a0\u00a0\u00a0\u00a0 Former les acteurs cl\u00e9s sur la prise en main de la plateforme ;<\/span><\/p>\n<p style=\"text-align: justify;\"><span style=\"font-family: verdana, geneva, sans-serif;\"><strong>&#8211;<\/strong> \u00a0\u00a0\u00a0 Former les acteurs sur les proc\u00e9dures \u00e0 mettre en place pour la p\u00e9rennisation du syst\u00e8me ;<\/span><\/p>\n<p style=\"text-align: justify;\"><span style=\"font-family: verdana, geneva, sans-serif;\"><strong>&#8211;<\/strong> \u00a0\u00a0\u00a0 Proposer un chronogramme d\u00e9taillant les phases de conception jusqu\u2019\u00e0 la mise en production de la plateforme web.<\/span><\/p>\n<p style=\"text-align: justify;\"><span style=\"font-family: verdana, geneva, sans-serif;\">Tous les rapports doivent \u00eatre biens structur\u00e9s (dans le fond comme la forme), \u00e9dit\u00e9s et soumis en fran\u00e7ais et en anglais (sauf indication contraire) au format Microsoft Word et PDF avec les annexes pertinentes. Les rapports doivent \u00e9galement \u00eatre livr\u00e9s dans leur version finale et dans les d\u00e9lais impartis.<\/span><\/p>\n<ol style=\"text-align: justify;\" start=\"4\">\n<li><span style=\"font-family: verdana, geneva, sans-serif;\">La dur\u00e9e de la mission est de trente-cinq (35) jours \u00e0 compter de la date de signature du contrat y compris la p\u00e9riode de r\u00e9daction et de validation du document de syst\u00e8me MRV-DMP ainsi que la mise en \u0153uvre de la phase pilote.<\/span><\/li>\n<\/ol>\n<p style=\"text-align: justify;\"><span style=\"font-family: verdana, geneva, sans-serif;\"><strong><u>NB <\/u><\/strong><strong>: <\/strong><strong>Le <\/strong><strong>consultant retenu devra disposer de son propre mat\u00e9riel de travail<\/strong> <strong>(ordinateur, logiciels, t\u00e9l\u00e9phone, etc.).<\/strong><\/span><\/p>\n<ol style=\"text-align: justify;\" start=\"5\">\n<li><span style=\"font-family: verdana, geneva, sans-serif;\">Le consultant devra avoir les qualifications, exp\u00e9riences et comp\u00e9tences suivantes :<\/span><\/li>\n<\/ol>\n<p style=\"text-align: justify;\"><span style=\"font-family: verdana, geneva, sans-serif;\"><strong>&#8211;<\/strong> \u00a0\u00a0\u00a0 Avoir un dipl\u00f4me d\u2019ing\u00e9nieur ou de master (BAC+5) en sciences et Technologies,\u00a0 en informatique sp\u00e9cifiquement en d\u00e9veloppement de logiciel, en Application Web ou tout autre domaine connexe ;<\/span><\/p>\n<p style=\"text-align: justify;\"><span style=\"font-family: verdana, geneva, sans-serif;\"><strong>&#8211;<\/strong>\u00a0\u00a0\u00a0\u00a0 Avoir deux (02) ans d\u2019exp\u00e9riences dans l\u2019\u00e9laboration de syst\u00e8me MRV ;<\/span><\/p>\n<p style=\"text-align: justify;\"><span style=\"font-family: verdana, geneva, sans-serif;\"><strong>&#8211;<\/strong>\u00a0\u00a0\u00a0\u00a0 Avoir une bonne maitrise des analyses de donn\u00e9es graphiques ;<\/span><\/p>\n<p style=\"text-align: justify;\"><span style=\"font-family: verdana, geneva, sans-serif;\"><strong>&#8211;<\/strong> \u00a0\u00a0\u00a0 Avoir une excellente connaissance des Programmations : PYTHON, NEXTJS, GRAOHQL, POSTGRESQL, Laravel PHP ;<\/span><\/p>\n<p style=\"text-align: justify;\"><span style=\"font-family: verdana, geneva, sans-serif;\"><strong>&#8211;<\/strong>\u00a0\u00a0\u00a0\u00a0 Avoir une bonne maitrise des outils de Versioning GITLAB, Virtualisation ;<\/span><\/p>\n<p style=\"text-align: justify;\"><span style=\"font-family: verdana, geneva, sans-serif;\"><strong>&#8211;<\/strong> \u00a0\u00a0\u00a0 Avoir une bonne maitrise des services Web et interfaces de programmation d&#8217;applications (API) Rest;<\/span><\/p>\n<p style=\"text-align: justify;\"><span style=\"font-family: verdana, geneva, sans-serif;\"><strong>&#8211;<\/strong> \u00a0\u00a0\u00a0 Avoir une bonne connaissance du cadre r\u00e9glementaire et institutionnel de la C\u00f4te d\u2019Ivoire sur les changements climatiques ;<\/span><\/p>\n<p style=\"text-align: justify;\"><span style=\"font-family: verdana, geneva, sans-serif;\"><strong>&#8211;<\/strong> \u00a0\u00a0\u00a0 Avoir\u00a0 une\u00a0 exp\u00e9rience\u00a0 de\u00a0 travail\u00a0 avec\u00a0 un\u00a0 projet\u00a0 de\u00a0 d\u00e9veloppement\u00a0 financ\u00e9\u00a0 par\u00a0 une institution\u00a0 internationale\u00a0 ou\u00a0 un\u00a0 bailleur\u00a0 de\u00a0 fonds\u00a0 (BAD,\u00a0 PNUD,\u00a0 GIZ,\u00a0 FAO,\u00a0 Banque Mondiale&#8230;) ;<\/span><\/p>\n<p style=\"text-align: justify;\"><span style=\"font-family: verdana, geneva, sans-serif;\"><strong>&#8211;<\/strong>\u00a0\u00a0\u00a0\u00a0 Avoir une bonne maitrise de la langue fran\u00e7aise ;<\/span><\/p>\n<p style=\"text-align: justify;\"><span style=\"font-family: verdana, geneva, sans-serif;\"><strong>&#8211;<\/strong>\u00a0\u00a0\u00a0\u00a0 Avoir une bonne capacit\u00e9 r\u00e9dactionnelle et de communication .<\/span><\/p>\n<ol style=\"text-align: justify;\" start=\"6\">\n<li><span style=\"font-family: verdana, geneva, sans-serif;\">Le Minist\u00e8re\u00a0 de\u00a0 l\u2019Environnement,\u00a0 du\u00a0 D\u00e9veloppement\u00a0 Durable\u00a0 et\u00a0 de\u00a0 la\u00a0 Transition Ecologique (MINEDDTE) \u00e0 travers le Programme National Changements Climatiques (PNCC),\u00a0 invite\u00a0 les\u00a0 Individuels\u00a0 \u00e0\u00a0 pr\u00e9senter\u00a0 leur\u00a0 candidature\u00a0 en\u00a0 vue\u00a0 de\u00a0 fournir\u00a0 les prestations d\u00e9crites ci-dessus.<\/span><\/li>\n<\/ol>\n<p style=\"text-align: justify;\"><span style=\"font-family: verdana, geneva, sans-serif;\">Les Candidats Individuels int\u00e9ress\u00e9s doivent produire les informations sur leur capacit\u00e9 et\u00a0 exp\u00e9rience\u00a0 d\u00e9montrant\u00a0 qu\u2019ils\u00a0 sont\u00a0 qualifi\u00e9s\u00a0 et\u00a0 exp\u00e9riment\u00e9s\u00a0 pour\u00a0 ex\u00e9cuter\u00a0 les prestations. A ce titre, les documents et informations ci-apr\u00e8s sont requis :<\/span><\/p>\n<ul style=\"text-align: justify;\">\n<li><span style=\"font-family: verdana, geneva, sans-serif;\"><strong>Une lettre de manifestation d\u2019int\u00e9r\u00eat dat\u00e9e et sign\u00e9e, adress\u00e9e au<\/strong> <strong>Minist\u00e8re de l\u2019Environnement, du D\u00e9veloppement Durable et de la<\/strong> <strong>Transition Ecologique (MINEDDTE) \u00e0 travers le Programme National<\/strong> <strong>Changements climatiques (PNCC), <\/strong>\u00c0 l&#8217;attention de Madame la coordonnatrice du Projet DMP ;<\/span><\/li>\n<li><span style=\"font-family: verdana, geneva, sans-serif;\"><strong>Un Curriculum Vitae d\u00e9taill\u00e9 r\u00e9cent, dat\u00e9, sign\u00e9 et certifi\u00e9 sinc\u00e8re<\/strong> <strong>faisant ressortir le dipl\u00f4me, les exp\u00e9riences, les comp\u00e9tences et les<\/strong> <strong>aptitudes du candidat;<\/strong><\/span><\/li>\n<li><span style=\"font-family: verdana, geneva, sans-serif;\"><strong>Le <\/strong><strong>C<\/strong><strong>V d<\/strong><strong>oit <\/strong><strong>mentionner <\/strong><strong>trois (03) <\/strong><strong>r\u00e9f\u00e9rences professionnelles <\/strong><strong>(adresse<\/strong><strong> physique, mail, t\u00e9l\u00e9phone) aupr\u00e8s de qui les informations figurant dans le CV pourront \u00eatre v\u00e9rifi\u00e9es;<\/strong><\/span><\/li>\n<li><span style=\"font-family: verdana, geneva, sans-serif;\"><strong>Une photocopie des attestations\/certificats de travail ou attestations<\/strong> <strong>de bonne ex\u00e9cution de prestations pour les missions ex\u00e9cut\u00e9es entant<\/strong> <strong>que <\/strong><strong>c<\/strong><strong>onsultant;<\/strong><\/span><\/li>\n<li><span style=\"font-family: verdana, geneva, sans-serif;\"><strong>Une photocopie l\u00e9galis\u00e9e du dipl\u00f4me requis et des attestations de<\/strong> <strong>formation.<\/strong><\/span><\/li>\n<\/ul>\n<p style=\"text-align: justify;\"><span style=\"font-family: verdana, geneva, sans-serif;\"><strong>Les<\/strong> <strong>originaux<\/strong> <strong>des<\/strong> <strong>dipl\u00f4mes<\/strong> <strong>seront<\/strong> <strong>exig\u00e9s<\/strong> <strong>au<\/strong> <strong>candidat<\/strong> <strong>qui<\/strong> <strong>sera<\/strong> <strong>retenu<\/strong> <strong>pour<\/strong> <strong>la<\/strong> <strong>s\u00e9ance<\/strong> <strong>de<\/strong> <strong>n\u00e9gociation.<\/strong><\/span><\/p>\n<ol style=\"text-align: justify;\" start=\"7\">\n<li><span style=\"font-family: verdana, geneva, sans-serif;\">Les crit\u00e8res d\u2019\u00e9ligibilit\u00e9, l\u2019\u00e9tablissement de la liste restreinte et la proc\u00e9dure de s\u00e9lection seront conformes au Cadre de passation des march\u00e9s des op\u00e9rations financ\u00e9es par le Groupe de la Banque Africaine de D\u00e9veloppement, \u00e9dition d\u2019Octobre 2015, qui sont disponibles sur le site web de la Banque \u00e0 l\u2019adresse : <a href=\"http:\/\/www.afdb.org\/\">http:\/\/www.afdb.org<\/a>.<\/span><\/li>\n<\/ol>\n<p style=\"text-align: justify;\">\u00a0<\/p>\n<ol style=\"text-align: justify;\" start=\"8\">\n<li><span style=\"font-family: verdana, geneva, sans-serif;\">La s\u00e9lection sera conduite suivant la m\u00e9thode de s\u00e9lection de consultant individuel, notamment par la comparaison d\u2019au moins trois (03) CV sur la base d\u2019une liste restreinte de consultants qualifi\u00e9s \u00e9tablie \u00e0 l\u2019issue de l\u2019avis \u00e0 manifestation d\u2019int\u00e9r\u00eats. La s\u00e9lection sera effectu\u00e9e en deux (02) \u00e9tapes successives:<\/span><\/li>\n<\/ol>\n<p style=\"text-align: justify;\"><span style=\"font-family: verdana, geneva, sans-serif;\">&#8211;\u00a0\u00a0\u00a0\u00a0 La phase d\u2019\u00e9tablissement d\u2019une liste restreinte d\u2019au moins trois consultants qualifi\u00e9s pour la mission, c\u2019est \u00e0 dire r\u00e9pondant aux exigences minimum de dipl\u00f4me et d\u2019exp\u00e9riences requises dans les termes de r\u00e9f\u00e9rence de la mission ;<\/span><\/p>\n<p style=\"text-align: justify;\"><span style=\"font-family: verdana, geneva, sans-serif;\">&#8211;\u00a0\u00a0\u00a0\u00a0 La phase d\u2019\u00e9valuation et de comparaison des CV des consultants de la liste restreinte afin de retenir le candidat le plus qualifi\u00e9 et le plus apte pour la mission.<\/span><\/p>\n<p style=\"text-align: justify;\"><span style=\"font-family: verdana, geneva, sans-serif;\">Le candidat le plus qualifi\u00e9 pour la mission sera retenu pour la n\u00e9gociation du contrat.<\/span><\/p>\n<p style=\"text-align: justify;\">\u00a0<\/p>\n<ol style=\"text-align: justify;\" start=\"9\">\n<li><span style=\"font-family: verdana, geneva, sans-serif;\">Une liste\u00a0 restreinte\u00a0 de\u00a0 Consultants\u00a0 individuels,\u00a0 sera\u00a0 \u00e9tablie\u00a0 \u00e0\u00a0 l\u2019issue\u00a0 de\u00a0 l\u2019appel\u00a0 \u00e0 manifestation d\u2019int\u00e9r\u00eat sur la base des crit\u00e8res suivants:<\/span><\/li>\n<\/ol>\n<p style=\"text-align: justify;\"><span style=\"font-family: verdana, geneva, sans-serif;\">&#8211;\u00a0\u00a0\u00a0\u00a0 Avoir un dipl\u00f4me d\u2019ing\u00e9nieur ou de master (BAC+5) en sciences et Technologies,\u00a0\u00a0 en informatique sp\u00e9cifiquement en d\u00e9veloppement de logiciel, en Application Web ou tout autre domaine connexe ;<\/span><\/p>\n<p style=\"text-align: justify;\"><span style=\"font-family: verdana, geneva, sans-serif;\">&#8211;\u00a0\u00a0\u00a0\u00a0 Avoir cinq (05) d\u2019exp\u00e9rience professionnelle g\u00e9n\u00e9rale dans le domaine de l\u2019informatique.<\/span><\/p>\n<p style=\"text-align: justify;\"><span style=\"font-family: verdana, geneva, sans-serif;\">L\u2019\u00e9valuation des CV des candidats retenus sur la liste restreinte sera effectu\u00e9e sur la base des crit\u00e8res et sous-crit\u00e8res not\u00e9s de la grille ci-apr\u00e8s<\/span><\/p>\n<table style=\"width: 95.2703%; height: 1175px;\">\n<tbody>\n<tr style=\"height: 79px;\">\n<td style=\"width: 86.5026%; height: 79px;\" colspan=\"2\" width=\"557\">\n<p>&nbsp;<\/p>\n<p><span style=\"font-family: verdana, geneva, sans-serif;\"><strong>\u00a0 \u00a0 \u00a0 \u00a0 \u00a0 \u00a0 \u00a0 \u00a0 \u00a0 \u00a0 \u00a0 \u00a0 \u00a0 \u00a0 \u00a0 \u00a0 \u00a0 \u00a0 \u00a0 \u00a0 \u00a0 \u00a0 \u00a0 \u00a0 \u00a0 \u00a0 \u00a0 \u00a0 \u00a0 \u00a0 \u00a0 \u00a0 \u00a0 \u00a0 \u00a0 \u00a0 \u00a0 \u00a0 \u00a0 \u00a0 \u00a0 \u00a0 \u00a0 \u00a0 \u00a0 \u00a0 EVALU<\/strong><strong>ATION<\/strong><\/span><\/p>\n<\/td>\n<td style=\"width: 53.6455%; height: 79px;\" width=\"94\">\n<p><span style=\"font-family: verdana, geneva, sans-serif;\"><strong>Nota<\/strong><strong>tion <\/strong><strong>maxima<\/strong><strong>le<\/strong><\/span><\/p>\n<\/td>\n<\/tr>\n<tr style=\"height: 56px;\">\n<td style=\"width: 18.4193%; height: 56px;\" width=\"132\">\n<p><span style=\"font-family: verdana, geneva, sans-serif;\"><strong>Cr<\/strong><strong>it\u00e8res<\/strong><\/span><\/p>\n<\/td>\n<td style=\"width: 68.0833%; height: 56px;\" width=\"424\">\n<p><span style=\"font-family: verdana, geneva, sans-serif;\"><strong>Sous<\/strong><strong>&#8211;<\/strong><strong>cr<\/strong><strong>it\u00e8res<\/strong><\/span><\/p>\n<\/td>\n<td style=\"width: 53.6455%; height: 56px;\" width=\"94\">\n<p>&nbsp;<\/p>\n<\/td>\n<\/tr>\n<tr style=\"height: 96px;\">\n<td style=\"width: 18.4193%; height: 328px;\" rowspan=\"3\" width=\"132\">\n<p>&nbsp;<\/p>\n<p>&nbsp;<\/p>\n<p>&nbsp;<\/p>\n<p>&nbsp;<\/p>\n<p><span style=\"font-family: verdana, geneva, sans-serif;\">(i) Qualification d\u2019ordre g\u00e9n\u00e9ral <strong>(20 points)<\/strong><\/span><\/p>\n<\/td>\n<td style=\"width: 68.0833%; height: 96px;\" width=\"424\">\n<p><span style=\"font-family: verdana, geneva, sans-serif;\"><strong>Qualifications<\/strong> <strong>et<\/strong> <strong>exp\u00e9rience<\/strong> <strong>g\u00e9n\u00e9rale<\/strong> <strong>pour<\/strong> <strong>la <\/strong><strong>mis<\/strong><strong>sion<\/strong><\/span><\/p>\n<\/td>\n<td style=\"width: 53.6455%; height: 96px;\" width=\"94\">\n<p><span style=\"font-family: verdana, geneva, sans-serif;\"><strong>20<\/strong><\/span><\/p>\n<\/td>\n<\/tr>\n<tr style=\"height: 136px;\">\n<td style=\"width: 68.0833%; height: 136px;\" width=\"424\">\n<p><span style=\"font-family: verdana, geneva, sans-serif;\"><strong>Niveau<\/strong> <strong>d\u2019\u00e9tudes<\/strong> <strong>\/<\/strong> <strong>dipl\u00f4mes<\/strong> :\u00a0 &#8211; Avoir un dipl\u00f4me d\u2019ing\u00e9nieur ou de master (BAC+5) en sciences et Technologies, en informatique\u00a0 sp\u00e9cifiquement en d\u00e9veloppement de logiciel, en Application\u00a0 Web ou tout autre domaine connexe<\/span><\/p>\n<\/td>\n<td style=\"width: 53.6455%; height: 136px;\" width=\"94\">\n<p><span style=\"font-family: verdana, geneva, sans-serif;\">10<\/span><\/p>\n<\/td>\n<\/tr>\n<tr style=\"height: 96px;\">\n<td style=\"width: 68.0833%; height: 96px;\" width=\"424\">\n<p><span style=\"font-family: verdana, geneva, sans-serif;\"><strong>Exp\u00e9rience<\/strong> <strong>professionnelle<\/strong> <strong>g\u00e9n\u00e9rale<\/strong>:\u00a0 Avoir cinq (05) d\u2019exp\u00e9rience professionnelle g\u00e9n\u00e9rale dans le domaine de l\u2019informatique ;<\/span><\/p>\n<\/td>\n<td style=\"width: 53.6455%; height: 96px;\" width=\"94\">\n<p><span style=\"font-family: verdana, geneva, sans-serif;\">10<\/span><\/p>\n<\/td>\n<\/tr>\n<tr style=\"height: 56px;\">\n<td style=\"width: 18.4193%; height: 384px;\" rowspan=\"6\" width=\"132\">\n<p><span style=\"font-family: verdana, geneva, sans-serif;\">(ii)Ad\u00e9quation pour la mission\u00a0 <strong>(60<\/strong> <strong>point<\/strong><strong>s)<\/strong><\/span><\/p>\n<\/td>\n<td style=\"width: 68.0833%; height: 56px;\" width=\"424\">\n<p><span style=\"font-family: verdana, geneva, sans-serif;\"><strong>Ad\u00e9quation pour <\/strong><strong>la m<\/strong><strong>ission<\/strong><\/span><\/p>\n<\/td>\n<td style=\"width: 53.6455%; height: 56px;\" width=\"94\">\n<p><span style=\"font-family: verdana, geneva, sans-serif;\"><strong>50<\/strong><\/span><\/p>\n<\/td>\n<\/tr>\n<tr style=\"height: 56px;\">\n<td style=\"width: 68.0833%; height: 56px;\" width=\"424\">\n<p><span style=\"font-family: verdana, geneva, sans-serif;\">Avoir deux (02) ans d\u2019exp\u00e9riences dans l\u2019\u00e9laboration de syst\u00e8me MRV ;<\/span><\/p>\n<\/td>\n<td style=\"width: 53.6455%; height: 56px;\" width=\"94\">\n<p><span style=\"font-family: verdana, geneva, sans-serif;\">10<\/span><\/p>\n<\/td>\n<\/tr>\n<tr style=\"height: 56px;\">\n<td style=\"width: 68.0833%; height: 56px;\" width=\"424\">\n<p><span style=\"font-family: verdana, geneva, sans-serif;\">Avoir\u00a0 une\u00a0 bonne\u00a0 maitrise\u00a0 des\u00a0 analyses\u00a0 de\u00a0 donn\u00e9es graphiques<\/span><\/p>\n<\/td>\n<td style=\"width: 53.6455%; height: 56px;\" width=\"94\">\n<p><span style=\"font-family: verdana, geneva, sans-serif;\">10<\/span><\/p>\n<\/td>\n<\/tr>\n<tr style=\"height: 80px;\">\n<td style=\"width: 68.0833%; height: 80px;\" width=\"424\">\n<p><span style=\"font-family: verdana, geneva, sans-serif;\">Avoir une excellente connaissance des Programmations : PYTHON, NEXTJS, GRAOHQL, POSTGRESQL, Laravel PHP<\/span><\/p>\n<\/td>\n<td style=\"width: 53.6455%; height: 80px;\" width=\"94\">\n<p><span style=\"font-family: verdana, geneva, sans-serif;\">10<\/span><\/p>\n<\/td>\n<\/tr>\n<tr style=\"height: 56px;\">\n<td style=\"width: 68.0833%; height: 56px;\" width=\"424\">\n<p><span style=\"font-family: verdana, geneva, sans-serif;\">Avoir une bonne maitrise des outils de Versioning GITLAB, Virtualisation<\/span><\/p>\n<\/td>\n<td style=\"width: 53.6455%; height: 56px;\" width=\"94\">\n<p><span style=\"font-family: verdana, geneva, sans-serif;\">10<\/span><\/p>\n<\/td>\n<\/tr>\n<tr style=\"height: 80px;\">\n<td style=\"width: 68.0833%; height: 80px;\" width=\"424\">\n<p><span style=\"font-family: verdana, geneva, sans-serif;\">Avoir une bonne maitrise des services Web et interfaces de programmation d&#8217;applications (API) Rest<\/span><\/p>\n<\/td>\n<td style=\"width: 53.6455%; height: 80px;\" width=\"94\">\n<p><span style=\"font-family: verdana, geneva, sans-serif;\">10<\/span><\/p>\n<\/td>\n<\/tr>\n<tr style=\"height: 56px;\">\n<td style=\"width: 18.4193%; height: 168px;\" rowspan=\"3\" width=\"132\">\n<p><span style=\"font-family: verdana, geneva, sans-serif;\">(iii) Capacit\u00e9s linguistiques<\/span><\/p>\n<\/td>\n<td style=\"width: 68.0833%; height: 56px;\" width=\"424\">\n<p><span style=\"font-family: verdana, geneva, sans-serif;\"><strong>Capacit\u00e9s linguistique:<\/strong><\/span><\/p>\n<\/td>\n<td style=\"width: 53.6455%; height: 56px;\" width=\"94\">\n<p><span style=\"font-family: verdana, geneva, sans-serif;\"><strong>10<\/strong><\/span><\/p>\n<\/td>\n<\/tr>\n<tr style=\"height: 56px;\">\n<td style=\"width: 68.0833%; height: 56px;\" width=\"424\">\n<p><span style=\"font-family: verdana, geneva, sans-serif;\">Avoir de bonnes ma\u00eetrise de la langue fran\u00e7aise<\/span><\/p>\n<\/td>\n<td style=\"width: 53.6455%; height: 56px;\" width=\"94\">\n<p><span style=\"font-family: verdana, geneva, sans-serif;\">5<\/span><\/p>\n<\/td>\n<\/tr>\n<tr style=\"height: 56px;\">\n<td style=\"width: 68.0833%; height: 56px;\" width=\"424\">\n<p><span style=\"font-family: verdana, geneva, sans-serif;\">Avoir une bonne capacit\u00e9 r\u00e9dactionnelle et de communication<\/span><\/p>\n<\/td>\n<td style=\"width: 53.6455%; height: 56px;\" width=\"94\">\n<p><span style=\"font-family: verdana, geneva, sans-serif;\">5<\/span><\/p>\n<\/td>\n<\/tr>\n<tr style=\"height: 56px;\">\n<td style=\"width: 18.4193%; height: 160px;\" rowspan=\"2\" width=\"132\">\n<p><span style=\"font-family: verdana, geneva, sans-serif;\">(iv) Exp\u00e9rience avec les Institutions internationales<\/span><\/p>\n<\/td>\n<td style=\"width: 68.0833%; height: 56px;\" width=\"424\">\n<p><span style=\"font-family: verdana, geneva, sans-serif;\"><strong>Exp\u00e9rience avec les Institutions internationales<\/strong><\/span><\/p>\n<\/td>\n<td style=\"width: 53.6455%; height: 56px;\" width=\"94\">\n<p><span style=\"font-family: verdana, geneva, sans-serif;\"><strong>10<\/strong><\/span><\/p>\n<\/td>\n<\/tr>\n<tr style=\"height: 104px;\">\n<td style=\"width: 68.0833%; height: 104px;\" width=\"424\">\n<p><span style=\"font-family: verdana, geneva, sans-serif;\">Avoir une exp\u00e9rience de travail avec un projet de d\u00e9veloppement financ\u00e9 par une institution internationale ou un bailleur de fonds (BAD, Agence\u00a0 Fran\u00e7aise\u00a0 de D\u00e9veloppement, Banque Mondiale&#8230;)<\/span><\/p>\n<\/td>\n<td style=\"width: 53.6455%; height: 104px;\" width=\"94\">\n<p><span style=\"font-family: verdana, geneva, sans-serif;\">10<\/span><\/p>\n<\/td>\n<\/tr>\n<\/tbody>\n<\/table>\n<p style=\"text-align: justify;\">\u00a0<\/p>\n<table style=\"width: 96.2673%;\">\n<tbody>\n<tr>\n<td style=\"width: 18.4387%;\" rowspan=\"2\" width=\"132\">\n<p><span style=\"font-family: verdana, geneva, sans-serif;\">(v)Connaissance de l\u2019environnement local<\/span><\/p>\n<\/td>\n<td style=\"width: 67.1093%;\" width=\"424\">\n<p><span style=\"font-family: verdana, geneva, sans-serif;\"><strong>Connaissance <\/strong><strong>de <\/strong><strong>l\u2019environnement <\/strong><strong>loc<\/strong><strong>al<\/strong><\/span><\/p>\n<\/td>\n<td style=\"width: 56.0816%;\" width=\"94\">\n<p><span style=\"font-family: verdana, geneva, sans-serif;\"><strong>5<\/strong><\/span><\/p>\n<\/td>\n<\/tr>\n<tr>\n<td style=\"width: 67.1093%;\" width=\"424\">\n<p><span style=\"font-family: verdana, geneva, sans-serif;\">Avoir une bonne connaissance du cadre r\u00e9glementaire et institutionnel de la C\u00f4te d\u2019Ivoire\u00a0 sur les changements climatiques ;<\/span><\/p>\n<\/td>\n<td style=\"width: 56.0816%;\" width=\"94\">\n<p><span style=\"font-family: verdana, geneva, sans-serif;\">5<\/span><\/p>\n<\/td>\n<\/tr>\n<tr>\n<td style=\"width: 85.548%;\" colspan=\"2\" width=\"557\">\n<p><span style=\"font-family: verdana, geneva, sans-serif;\"><strong>TO<\/strong><strong>TAL<\/strong><\/span><\/p>\n<\/td>\n<td style=\"width: 56.0816%;\" width=\"94\">\n<p><span style=\"font-family: verdana, geneva, sans-serif;\"><strong>100<\/strong><\/span><\/p>\n<\/td>\n<\/tr>\n<\/tbody>\n<\/table>\n<p style=\"text-align: justify;\"><span style=\"font-family: verdana, geneva, sans-serif;\">N.B :<\/span><\/p>\n<p style=\"text-align: justify;\"><span style=\"font-family: verdana, geneva, sans-serif;\">&#8211;\u00a0 Les diff\u00e9rents Partenaires Techniques et Financiers (PTF) qui ont financ\u00e9 les projets li\u00e9s aux r\u00e9f\u00e9rences des diff\u00e9rents candidats seront pr\u00e9cis\u00e9s.<\/span><\/p>\n<p style=\"text-align: justify;\"><span style=\"font-family: verdana, geneva, sans-serif;\">&#8211;\u00a0\u00a0\u00a0\u00a0 La note minimale de qualification pour figurer sur la liste retreinte est de 70 sur 100.<\/span><\/p>\n<p style=\"text-align: justify;\"><span style=\"font-family: verdana, geneva, sans-serif;\">&#8211;\u00a0\u00a0\u00a0\u00a0 En cas d\u2019\u00e9galit\u00e9 de points entre deux candidats class\u00e9s 1er, la pr\u00e9f\u00e9rence sera accord\u00e9e au candidat qui justifie du plus grand nombre cumul\u00e9 d\u2019ann\u00e9es d\u2019exp\u00e9rience dans le domaine informatique.<\/span><\/p>\n<ol style=\"text-align: justify;\" start=\"10\">\n<li><span style=\"font-family: verdana, geneva, sans-serif;\">Les consultants individuels int\u00e9ress\u00e9s peuvent obtenir des informations suppl\u00e9mentaires \u00e0 l&#8217;adresse mentionn\u00e9e ci-dessous aux heures d\u2019ouverture de bureaux suivantes : du lundi au vendredi de <strong>07<\/strong> <strong>heures<\/strong> <strong>30<\/strong> <strong>minutes<\/strong> <strong>\u00e0<\/strong> <strong>12<\/strong> <strong>heures<\/strong> <strong>30<\/strong> <strong>minutes<\/strong> et de <strong>13<\/strong> <strong>heures<\/strong> <strong>30<\/strong> <strong>minutes<\/strong> <strong>\u00e0<\/strong> <strong>16<\/strong> <strong>heures<\/strong> <strong>30<\/strong> <strong>minutes<\/strong> (jours ouvrables et heure locale).<\/span><\/li>\n<\/ol>\n<p style=\"text-align: justify;\">\u00a0<\/p>\n<ol style=\"text-align: justify;\" start=\"11\">\n<li><span style=\"font-family: verdana, geneva, sans-serif;\">Les expressions d&#8217;int\u00e9r\u00eat, r\u00e9dig\u00e9es en langue FRANCAISE, en <strong>trois<\/strong> <strong>(03)<\/strong> <strong>exemplaires<\/strong> <strong>dont<\/strong> <strong>un<\/strong> <strong>(01)<\/strong> <strong>original<\/strong> , doivent \u00eatre d\u00e9pos\u00e9es \u00e0 l&#8217;adresse mentionn\u00e9e ci-dessous, ou transmises par <strong>courriel<\/strong>, au plus tard le lundi 24 f\u00e9vrier 2025 <strong>\u00e0 10 heures 00 minute <\/strong><strong>(heure<\/strong> <strong>locale).<\/strong> Elles devront porter express\u00e9ment la mention \u00ab<strong>recrutement d\u2019un<\/strong> <strong>consultant national pour l\u2019\u00e9laboration d\u2019un document strat\u00e9gique de syst\u00e8me<\/strong> <strong>MRV de <\/strong><strong>gestion des DMP (MRV-DMP) sp\u00e9cifique \u00e0 la C\u00f4te d\u2019Ivoire et la mise<\/strong> <strong>en \u0153uvre d\u2019un syst\u00e8me informatique MRV pilote sur les incin\u00e9rateurs des<\/strong> <strong>DMP\u00bb.<\/strong><\/span><\/li>\n<\/ol>\n<p style=\"text-align: justify;\"><span style=\"font-family: verdana, geneva, sans-serif;\"><strong>Seules<\/strong> <strong>les<\/strong> <strong>expressions<\/strong> <strong>d\u2019int\u00e9r\u00eat<\/strong> <strong>r\u00e9dig\u00e9es<\/strong> <strong>en<\/strong> <strong>Fran\u00e7ais<\/strong> <strong>seront<\/strong> <strong>consid\u00e9r\u00e9es.<\/strong><\/span><\/p>\n<p style=\"text-align: justify;\"><span style=\"font-family: verdana, geneva, sans-serif;\">Tous justificatifs d\u2019exp\u00e9riences r\u00e9dig\u00e9s dans une langue autre que le fran\u00e7ais, devront \u00eatre accompagn\u00e9s des versions traduites en langue fran\u00e7aise.<\/span><\/p>\n<p style=\"text-align: justify;\"><span style=\"font-family: verdana, geneva, sans-serif;\"><strong>L\u2019adresse<\/strong> <strong>de<\/strong> <strong>d\u00e9p\u00f4t<\/strong> <strong>est<\/strong> <strong>la<\/strong> <strong>suivante<\/strong> <strong>:<\/strong><\/span><\/p>\n<p style=\"text-align: justify;\"><span style=\"font-family: verdana, geneva, sans-serif;\"><strong>Unit\u00e9<\/strong> <strong>de<\/strong> <strong>Gestion<\/strong> <strong>du<\/strong> <strong>Programme<\/strong> <strong>National<\/strong> <strong>Changement<\/strong> <strong>Climatique<\/strong> <strong>(UG-PNCC)<\/strong><\/span><\/p>\n<p style=\"text-align: justify;\"><span style=\"font-family: verdana, geneva, sans-serif;\">Sise \u00e0 Abidjan, Riviera Palmeraie, cit\u00e9 du bonheur non loin de la SODECI \u00c0 l&#8217;attention de Madame la coordonnatrice du Projet DMP<\/span><\/p>\n<p style=\"text-align: justify;\"><span style=\"font-family: verdana, geneva, sans-serif;\">Tel : <strong>+225<\/strong> <strong>27<\/strong> <strong>20<\/strong> <strong>22<\/strong> <strong>69<\/strong> <strong>09<\/strong> <strong>\/<\/strong> <strong>+225<\/strong> <strong>07<\/strong> <strong>59<\/strong> <strong>50<\/strong> <strong>11<\/strong> <strong>19<\/strong> <strong>\/<\/strong> <strong>+225<\/strong> <strong>07<\/strong> <strong>09<\/strong> <strong>49<\/strong> <strong>52<\/strong> <strong>97<\/strong><\/span><\/p>\n<p style=\"text-align: justify;\"><span style=\"font-family: verdana, geneva, sans-serif;\">E-mail : <a href=\"mailto:leaticiaamon12@gmail.com\">l<\/a><a href=\"mailto:leaticiaamon12@gmail.com\">e<\/a><a href=\"mailto:leaticiaamon12@gmail.com\">a<\/a><a href=\"mailto:leaticiaamon12@gmail.com\">t<\/a><a href=\"mailto:leaticiaamon12@gmail.com\">i<\/a><a href=\"mailto:leaticiaamon12@gmail.com\">c<\/a><a href=\"mailto:leaticiaamon12@gmail.com\">i<\/a><a href=\"mailto:leaticiaamon12@gmail.com\">a<\/a><a href=\"mailto:leaticiaamon12@gmail.com\">a<\/a><a href=\"mailto:leaticiaamon12@gmail.com\">m<\/a><a href=\"mailto:leaticiaamon12@gmail.com\">o<\/a><a href=\"mailto:leaticiaamon12@gmail.com\">n<\/a><a href=\"mailto:leaticiaamon12@gmail.com\">1<\/a><a href=\"mailto:leaticiaamon12@gmail.com\">2<\/a><a href=\"mailto:leaticiaamon12@gmail.com\">@<\/a><a href=\"mailto:leaticiaamon12@gmail.com\">g<\/a><a href=\"mailto:leaticiaamon12@gmail.com\">m<\/a><a href=\"mailto:leaticiaamon12@gmail.com\">a<\/a><a href=\"mailto:leaticiaamon12@gmail.com\">i<\/a><a href=\"mailto:leaticiaamon12@gmail.com\">l<\/a><a href=\"mailto:leaticiaamon12@gmail.com\">.<\/a><a href=\"mailto:leaticiaamon12@gmail.com\">c<\/a><a href=\"mailto:leaticiaamon12@gmail.com\">o<\/a><a href=\"mailto:leaticiaamon12@gmail.com\">m<\/a> et <a href=\"mailto:projetdmp2023@gmail.com\">projetdmp2023@gmail.com<\/a> et <a href=\"mailto:civ.climate@gmail.com\">civ.climate@gmail.com<\/a><\/span><\/p>\n<p style=\"text-align: justify;\"><span style=\"font-family: verdana, geneva, sans-serif;\">Il est \u00e0 noter que l\u2019int\u00e9r\u00eat manifest\u00e9 par un Consultant Individuel n\u2019implique aucune obligation de la part de la Banque de l\u2019inclure sur la liste restreinte.<\/span><\/p>\n<p style=\"text-align: justify;\"><span style=\"font-family: verdana, geneva, sans-serif;\"><strong>N.B<\/strong> <strong>:<\/strong><\/span><\/p>\n<ul style=\"text-align: justify;\">\n<li><span style=\"font-family: verdana, geneva, sans-serif;\"><strong>Tout<\/strong> <strong>candidat<\/strong> <strong>fonctionnaire<\/strong> <strong>ou<\/strong> <strong>agent<\/strong> <strong>de<\/strong> <strong>l\u2019Etat<\/strong> <strong>devra<\/strong> <strong>satisfaire<\/strong> <strong>aux<\/strong> <strong>crit\u00e8res<\/strong><strong> d\u2019\u00e9ligibilit\u00e9 \u00e9dict\u00e9s par les dispositions du paragraphe 5.2 de la Politique de passation des march\u00e9s de la Banque et du paragraphe A2.2 du Manuel des op\u00e9rations de passation des march\u00e9s de la Banque (Partie A, Volume 1). Le candidat fonctionnaire ou agent de l\u2019Etat retenu devra obligatoirement fournir avant tout engagement un certificat de cessation de paiement.<\/strong><\/span><\/li>\n<li><span style=\"font-family: verdana, geneva, sans-serif;\"><strong>Le<\/strong> <strong>candidat<\/strong> <strong>d\u00e9finitivement<\/strong> <strong>retenu<\/strong> <strong>doit<\/strong> <strong>\u00eatre<\/strong> <strong>libre<\/strong> <strong>de<\/strong> <strong>tout<\/strong> <strong>engagement<\/strong> <strong>\u00e0<\/strong> <strong>la<\/strong><strong> date de la signature du contrat.<\/strong><\/span><\/li>\n<\/ul>\n<p style=\"text-align: justify;\">\u00a0<\/p>\n","protected":false},"excerpt":{"rendered":"<p>PROJET DE PREPARATION DE LA COTE D\u2019IVOIRE A LA DECARBONISATION DE LA GESTION DES DECHETS SOLIDES, MEDICAUX ET PHARMACEUTIQUES (DMP) POUR L\u2019ATTEINTE DES OBJECTIFS D\u2019ATTENUATION DES GAZ A EFFET DE [&hellip;]<\/p>\n","protected":false},"author":1,"featured_media":5933,"comment_status":"closed","ping_status":"closed","sticky":false,"template":"","format":"standard","meta":{"_lmt_disableupdate":"no","_lmt_disable":"","pgc_sgb_lightbox_settings":""},"categories":[58],"tags":[],"post_folder":[59],"modified_by":"MINEDD","_links":{"self":[{"href":"https:\/\/did-dev.net\/mineddte\/wp-json\/wp\/v2\/posts\/5931"}],"collection":[{"href":"https:\/\/did-dev.net\/mineddte\/wp-json\/wp\/v2\/posts"}],"about":[{"href":"https:\/\/did-dev.net\/mineddte\/wp-json\/wp\/v2\/types\/post"}],"author":[{"embeddable":true,"href":"https:\/\/did-dev.net\/mineddte\/wp-json\/wp\/v2\/users\/1"}],"replies":[{"embeddable":true,"href":"https:\/\/did-dev.net\/mineddte\/wp-json\/wp\/v2\/comments?post=5931"}],"version-history":[{"count":1,"href":"https:\/\/did-dev.net\/mineddte\/wp-json\/wp\/v2\/posts\/5931\/revisions"}],"predecessor-version":[{"id":5935,"href":"https:\/\/did-dev.net\/mineddte\/wp-json\/wp\/v2\/posts\/5931\/revisions\/5935"}],"wp:featuredmedia":[{"embeddable":true,"href":"https:\/\/did-dev.net\/mineddte\/wp-json\/wp\/v2\/media\/5933"}],"wp:attachment":[{"href":"https:\/\/did-dev.net\/mineddte\/wp-json\/wp\/v2\/media?parent=5931"}],"wp:term":[{"taxonomy":"category","embeddable":true,"href":"https:\/\/did-dev.net\/mineddte\/wp-json\/wp\/v2\/categories?post=5931"},{"taxonomy":"post_tag","embeddable":true,"href":"https:\/\/did-dev.net\/mineddte\/wp-json\/wp\/v2\/tags?post=5931"},{"taxonomy":"post_folder","embeddable":true,"href":"https:\/\/did-dev.net\/mineddte\/wp-json\/wp\/v2\/post_folder?post=5931"}],"curies":[{"name":"wp","href":"https:\/\/api.w.org\/{rel}","templated":true}]}}