{"id":5930,"date":"2025-01-30T00:10:53","date_gmt":"2025-01-30T00:10:53","guid":{"rendered":"https:\/\/did-dev.net\/mineddte\/?p=5930"},"modified":"2025-02-12T12:28:13","modified_gmt":"2025-02-12T12:28:13","slug":"avis-a-manifestation-dinteret-recrutement-dun-consultant-individuel-international-pour-lelaboration-dun-document-strategique-de-systeme-informatique-de-mesure","status":"publish","type":"post","link":"https:\/\/did-dev.net\/mineddte\/avis-a-manifestation-dinteret-recrutement-dun-consultant-individuel-international-pour-lelaboration-dun-document-strategique-de-systeme-informatique-de-mesure\/","title":{"rendered":"AVIS A MANIFESTATION D\u2019INTERET : RECRUTEMENT D\u2019UN CONSULTANT INDIVIDUEL INTERNATIONAL POUR L\u2019ELABORATION D\u2019UN DOCUMENT STRATEGIQUE DE SYSTEME INFORMATIQUE DE MESURE\u00a0 RAPPORTAGE ET VERIFICATION (MRV) DES DECHETS MEDICAUX ET PHARMACEUTIQUES\u00a0(DMP)\u00a0SPECIFIQUE A LA\u00a0C\u00d4TE D\u2019IVOIRE POUR LA REALISATION D\u2019UNE PHASE PILOTE SUR LES INCINERATEURS DES DMP"},"content":{"rendered":"<p style=\"text-align: justify;\"><span style=\"font-family: verdana, geneva, sans-serif;\">PROJET DE PREPARATION DE LA COTE D\u2019IVOIRE A LA DECARBONISATION DE LA GESTION DES DECHETS SOLIDES, MEDICAUX ET PHARMACEUTIQUES (DMP) POUR L\u2019ATTEINTE DES OBJECTIFS D\u2019ATTENUATION DES GAZ A EFFET DE SERRE (GES) CONFORMEMENT AUX CONTRIBUTIONS DETERMINEES AU NIVEAU NATIONAL (CDN) ET A L\u2019OBJECTIF 2050 DE L\u2019ACCORD DE PARIS<\/span><\/p>\n<p style=\"text-align: justify;\"><span style=\"font-family: verdana, geneva, sans-serif;\">Date de l\u2019avis : 30 Janvier 2025 <\/span><\/p>\n<p style=\"text-align: justify;\"><span style=\"font-family: verdana, geneva, sans-serif;\">Secteur : Changements Climatiques <\/span><\/p>\n<p style=\"text-align: justify;\"><span style=\"font-family: verdana, geneva, sans-serif;\">PROJET N\u00b0 : G-CI-EBA-ZZZ-001 <\/span><\/p>\n<p style=\"text-align: justify;\"><span style=\"font-family: verdana, geneva, sans-serif;\">AMI N\u00b0 : 7<\/span><\/p>\n<ol style=\"text-align: justify;\">\n<li><span style=\"font-family: verdana, geneva, sans-serif;\">Le Gouvernement de la R\u00e9publique de C\u00f4te d\u2019Ivoire, repr\u00e9sent\u00e9 par le Minist\u00e8re de l\u2019Environnement,\u00a0\u00a0 du\u00a0\u00a0 D\u00e9veloppement\u00a0\u00a0 Durable\u00a0\u00a0 et\u00a0\u00a0 de\u00a0\u00a0 la\u00a0\u00a0 Transition\u00a0\u00a0 Ecologique (MINEDDTE), a re\u00e7u un don du Fonds pour les Changements Climatiques en Afrique (FCCA) administr\u00e9 par la Banque Africaine de D\u00e9veloppement (BAD), d\u2019un montant de 277 300 USD affect\u00e9s pour la pr\u00e9paration de la C\u00f4te d\u2019Ivoire \u00e0 la d\u00e9carbonisation de la gestion des D\u00e9chets solides, M\u00e9dicaux et pharmaceutiques (DMP) pour l\u2019atteinte des objectifs d\u2019att\u00e9nuation des \u00e9missions de Gaz \u00e0 Effets de Serre (GES) conform\u00e9ment aux Contributions D\u00e9termin\u00e9es au niveau National (CDN) et \u00e0 l\u2019objectif 2050 de l&#8217;accord de Paris. L\u2019Unit\u00e9 de Gestion du Projet se propose d\u2019utiliser une partie des fonds de ce don pour effectuer les paiements autoris\u00e9s au titre du contrat relatif au recrutement d\u2019un consultant <strong>international pour de l\u2019\u00e9laboration d\u2019un document strat\u00e9gique de syst\u00e8me MRV de gestion des DMP (MRV-DMP) sp\u00e9cifique \u00e0 la C\u00f4te d\u2019Ivoire pour\u00a0 la\u00a0 mise\u00a0 en\u00a0 \u0153uvre\u00a0 d\u2019un\u00a0 syst\u00e8me\u00a0 informatique\u00a0 MRV\u00a0 pilote\u00a0 sur\u00a0 les incin\u00e9rateurs des DMP.<\/strong><\/span><\/li>\n<\/ol>\n<p style=\"text-align: justify;\">\u00a0<\/p>\n<ol style=\"text-align: justify;\" start=\"2\">\n<li><span style=\"font-family: verdana, geneva, sans-serif;\"><strong>L\u2019objectif<\/strong> <strong>g\u00e9n\u00e9ral<\/strong><strong>\u00a0 <\/strong>vis\u00e9\u00a0 par\u00a0 cet\u00a0 AMI\u00a0 est\u00a0 de\u00a0 recruter\u00a0 un\u00a0 consultant\u00a0 individuel international qui travaillera en collaboration avec un consultant individuel national, pour \u00e9laborer une feuille route afin de mettre en place une phase pilote d\u2019un syst\u00e8me informatique MRV-d\u00e9chets M\u00e9dicaux et Pharmaceutiques.<\/span><\/li>\n<\/ol>\n<p style=\"text-align: justify;\">\u00a0<\/p>\n<ol style=\"text-align: justify;\" start=\"3\">\n<li><span style=\"font-family: verdana, geneva, sans-serif;\">Les services pr\u00e9vus au titre du contrat qui sera sign\u00e9 sont les suivants :<\/span><\/li>\n<\/ol>\n<p style=\"text-align: justify;\"><span style=\"font-family: verdana, geneva, sans-serif;\"><strong><u>Phase<\/u><\/strong> <strong><u>1<\/u><\/strong> <strong><u>:<\/u><\/strong> <strong>Faire<\/strong> <strong>une<\/strong> <strong>\u00e9tude<\/strong> <strong>diagnostique<\/strong> <strong>et<\/strong> <strong>une<\/strong> <strong>analyse<\/strong> <strong>institutionnelle<\/strong> <strong>actuelle<\/strong> <strong>pour<\/strong><strong> le d\u00e9ploiement d\u2019un syst\u00e8me MRV de gestion des D\u00e9chets M\u00e9dicaux et Pharmaceutiques<\/strong><\/span><\/p>\n<p style=\"text-align: justify;\"><span style=\"font-family: verdana, geneva, sans-serif;\">&#8211;\u00a0\u00a0\u00a0\u00a0 Revue documentaire de toutes les initiatives en lien avec les MRV au niveau national. Cette \u00e9tude pourra se baser sur les r\u00e9sultats de l\u2019\u00e9tude r\u00e9alis\u00e9e dans le cadre du projet <strong>\u00ab am\u00e9lioration\u00a0 du\u00a0 syst\u00e8me\u00a0 de\u00a0 transparence\u00a0 pour\u00a0 une\u00a0 action\u00a0 climatique renforc\u00e9e en C\u00f4te d\u2019Ivoire (CBIT) \u00bb <\/strong>;<\/span><\/p>\n<p style=\"text-align: justify;\"><span style=\"font-family: verdana, geneva, sans-serif;\">&#8211;\u00a0\u00a0\u00a0\u00a0 Examen approfondi de toutes les initiatives nationales concourant \u00e0 la mise en place d\u2019un SN-MRV, notamment dans le cadre du projet <strong>\u00ab<\/strong> <strong>am\u00e9lioration<\/strong> <strong>du<\/strong> <strong>syst\u00e8me<\/strong> <strong>de<\/strong><strong> transparence\u00a0 pour\u00a0 une\u00a0 action\u00a0 climatique\u00a0 renforc\u00e9e\u00a0 en\u00a0 C\u00f4te\u00a0 d\u2019Ivoire (CBIT) \u00bb ;<\/strong><\/span><\/p>\n<p style=\"text-align: justify;\"><span style=\"font-family: verdana, geneva, sans-serif;\"><strong><u>Phase<\/u><\/strong> <strong><u>2<\/u><\/strong> <strong><u>:<\/u><\/strong> <strong>Proposition<\/strong> <strong>d\u2019un<\/strong> <strong>cadre<\/strong> <strong>institutionnel<\/strong> <strong>et<\/strong> <strong>r\u00e9glementaire<\/strong> <strong>op\u00e9rationnalisant<\/strong><strong> le syst\u00e8me MRV de gestion des DMP<\/strong><\/span><\/p>\n<p style=\"text-align: justify;\"><span style=\"font-family: verdana, geneva, sans-serif;\">&#8211;\u00a0\u00a0\u00a0\u00a0 Identification des donn\u00e9es n\u00e9cessaires \u00e0 un bon suivi des CDN, ainsi que des acteurs disposant de ces donn\u00e9es ;<\/span><\/p>\n<p style=\"text-align: justify;\"><span style=\"font-family: verdana, geneva, sans-serif;\">&#8211;\u00a0\u00a0\u00a0\u00a0 Int\u00e9gration des indicateurs de suivi de la mise en \u0153uvre des NDC d\u00e9velopp\u00e9s dans le cadre du projet <strong>\u00ab<\/strong> <strong>am\u00e9lioration<\/strong> <strong>du<\/strong> <strong>syst\u00e8me<\/strong> <strong>de<\/strong> <strong>transparence<\/strong> <strong>pour<\/strong> <strong>une<\/strong> <strong>action<\/strong><strong> climatique renforc\u00e9e en C\u00f4te d\u2019Ivoire (CBIT) \u00bb <\/strong>national de gouvernance du SN- MRV ;<\/span><\/p>\n<p style=\"text-align: justify;\"><span style=\"font-family: verdana, geneva, sans-serif;\">&#8211;\u00a0\u00a0\u00a0\u00a0 D\u00e9finition d\u2019un cadre institutionnel n\u00e9cessaire au bon fonctionnement du syst\u00e8me MRV de gestion des DMP avec mise en \u0153uvre d\u2019une phase pilote.<\/span><\/p>\n<p style=\"text-align: justify;\"><span style=\"font-family: verdana, geneva, sans-serif;\"><strong><u>Phase<\/u><\/strong> <strong><u>3<\/u><\/strong> <strong>:<\/strong> <strong>conception<\/strong> <strong>d\u2019une<\/strong> <strong>architecture<\/strong> <strong>fonctionnelle<\/strong> <strong>endossable<\/strong> <strong>\u00e0<\/strong> <strong>un<\/strong> <strong>syst\u00e8me<\/strong><strong> informatique du syst\u00e8me MRV d\u00e9chet M\u00e9dicaux et Pharmaceutiques<\/strong><\/span><\/p>\n<p style=\"text-align: justify;\"><span style=\"font-family: verdana, geneva, sans-serif;\">&#8211;\u00a0\u00a0\u00a0\u00a0 Proposition d\u2019un m\u00e9canisme de fonctionnement du syst\u00e8me MRV de gestion des DMP en s\u2019appuyant sur l\u2019alignement des objectifs de r\u00e9duction des GES, de l\u2019am\u00e9lioration de la r\u00e9silience des secteurs cl\u00e9s de d\u00e9veloppement et du soutien re\u00e7u pour la mise en \u0153uvre des CDN ;<\/span><\/p>\n<p style=\"text-align: justify;\"><span style=\"font-family: verdana, geneva, sans-serif;\">&#8211;\u00a0\u00a0\u00a0\u00a0 Proposition des outils techniques n\u00e9cessaires \u00e0 l\u2019op\u00e9rationnalisation du syst\u00e8me MRV de gestion des DMP sp\u00e9cifique \u00e0 la C\u00f4te d\u2019Ivoire ;<\/span><\/p>\n<p style=\"text-align: justify;\"><span style=\"font-family: verdana, geneva, sans-serif;\">&#8211;\u00a0\u00a0\u00a0\u00a0 Proposition d\u2019une feuille de route d\u2019op\u00e9rationnalisation du syst\u00e8me MRV-DMP sp\u00e9cifique \u00e0 la C\u00f4te d\u2019Ivoire ;<\/span><\/p>\n<p style=\"text-align: justify;\"><span style=\"font-family: verdana, geneva, sans-serif;\">&#8211;\u00a0\u00a0\u00a0\u00a0 Description particuli\u00e8re et pr\u00e9cision sur les types et caract\u00e8res de donn\u00e9es a collecter pour le rapportage.<\/span><\/p>\n<p style=\"text-align: justify;\"><span style=\"font-family: verdana, geneva, sans-serif;\"><strong><u>Phase<\/u><\/strong> <strong><u>4<\/u><\/strong> <strong>:<\/strong> <strong>\u00e9laboration<\/strong> <strong>d\u2019un<\/strong> <strong>manuel<\/strong> <strong>de<\/strong> <strong>proc\u00e9dures<\/strong><\/span><\/p>\n<p style=\"text-align: justify;\"><span style=\"font-family: verdana, geneva, sans-serif;\">&#8211;\u00a0\u00a0\u00a0\u00a0 R\u00e9daction de Termes de R\u00e9f\u00e9rence (TDR) et d\u2019un manuel de proc\u00e9dures\u00a0 et\u00a0 de fonctionnement du syst\u00e8me MRV de gestion des D\u00e9chets M\u00e9dicaux et Pharmaceutiques sp\u00e9cifique \u00e0 la C\u00f4te d\u2019Ivoire ;<\/span><\/p>\n<p style=\"text-align: justify;\"><span style=\"font-family: verdana, geneva, sans-serif;\">&#8211;\u00a0\u00a0\u00a0\u00a0 Proposition d\u2019options et de fr\u00e9quences d\u2019actualisation du syst\u00e8me MRV de gestion des DMP sp\u00e9cifique \u00e0 la C\u00f4te d\u2019Ivoire ;<\/span><\/p>\n<p style=\"text-align: justify;\"><span style=\"font-family: verdana, geneva, sans-serif;\">&#8211;\u00a0\u00a0\u00a0\u00a0 Proposition d\u2019un manuel de proc\u00e9dures pour faire la collecte des donn\u00e9es des d\u00e9chets m\u00e9dicaux produits dans le CHR pilote.<\/span><\/p>\n<p style=\"text-align: justify;\"><span style=\"font-family: verdana, geneva, sans-serif;\"><strong><u>Phase<\/u><\/strong> <strong><u>5<\/u><\/strong> <strong>:<\/strong> <strong>renforcement<\/strong> <strong>des<\/strong> <strong>capacit\u00e9s<\/strong> <strong>des<\/strong> <strong>acteurs<\/strong> <strong>nationaux<\/strong> <strong>sur<\/strong> <strong>le<\/strong> <strong>syst\u00e8me<\/strong><strong>&#8211;<\/strong><strong>MRV<\/strong><strong> de gestion des D\u00e9chets M\u00e9dicaux et Pharmaceutiques sp\u00e9cifique \u00e0 la C\u00f4te d\u2019Ivoire<\/strong><\/span><\/p>\n<p style=\"text-align: justify;\"><span style=\"font-family: verdana, geneva, sans-serif;\">&#8211;\u00a0\u00a0\u00a0\u00a0 Proposition d\u2019un programme de renforcement des capacit\u00e9s techniques des acteurs nationaux sur le syst\u00e8me MRV de gestion des D\u00e9chets M\u00e9dicaux et Pharmaceutiques sp\u00e9cifique \u00e0 la C\u00f4te d\u2019Ivoire ;<\/span><\/p>\n<p style=\"text-align: justify;\"><span style=\"font-family: verdana, geneva, sans-serif;\">&#8211;\u00a0\u00a0\u00a0\u00a0 Formation des acteurs nationaux sur l\u2019importance, l\u2019utilisation et le fonctionnement d\u2019un syst\u00e8me MRV de gestion des D\u00e9chets M\u00e9dicaux et Pharmaceutiques sp\u00e9cifique \u00e0 la C\u00f4te d\u2019Ivoire.<\/span><\/p>\n<ol style=\"text-align: justify;\" start=\"4\">\n<li><span style=\"font-family: verdana, geneva, sans-serif;\">La dur\u00e9e de la mission est estim\u00e9e <strong>Q<\/strong><strong>u<\/strong><strong>a<\/strong><strong>r<\/strong><strong>a<\/strong><strong>n<\/strong><strong>t<\/strong><strong>e<\/strong> <strong>(<\/strong><strong>40<\/strong><strong>)<\/strong> <strong>jours<\/strong> <strong>ouvrables<\/strong> (y compris la p\u00e9riode de r\u00e9daction et de validation du document de syst\u00e8me MRV de gestion des DMP et la mise en \u0153uvre de la phase pilote), \u00e0 compter de la date de signature du contrat.<\/span><\/li>\n<\/ol>\n<p style=\"text-align: justify;\"><span style=\"font-family: verdana, geneva, sans-serif;\"><strong><u>NB<\/u><\/strong><strong>: Le consultant retenu devra disposer de son propre mat\u00e9riel de travail<\/strong> <strong>(ordinateur, logiciels, t\u00e9l\u00e9phone, etc.).<\/strong><\/span><\/p>\n<ol style=\"text-align: justify;\" start=\"5\">\n<li><span style=\"font-family: verdana, geneva, sans-serif;\">Le consultant devra avoir les qualifications, exp\u00e9riences et comp\u00e9tences suivantes :<\/span><\/li>\n<\/ol>\n<ul style=\"text-align: justify;\">\n<li><span style=\"font-family: verdana, geneva, sans-serif;\">Avoir un dipl\u00f4me d\u2019ing\u00e9nieur ou de master en science de gestion des d\u00e9chets, \u00e9conomie circulaire, sciences de l\u2019environnement et\/ou du climat ou tout autre domaine connexe ;<\/span><\/li>\n<li><span style=\"font-family: verdana, geneva, sans-serif;\">Avoir deux\u00a0 (02) ans\u00a0 d\u2019exp\u00e9rience dans l\u2019\u00e9laboration\u00a0 d\u2019une\u00a0 feuille\u00a0 de route\u00a0 pour\u00a0 la conception d\u2019un syst\u00e8me MRV ;<\/span><\/li>\n<li><span style=\"font-family: verdana, geneva, sans-serif;\">Avoir cinq (03) ans d\u2019exp\u00e9rience dans la gestion des d\u00e9chets solides en lien avec les changements climatiques ;<\/span><\/li>\n<li><span style=\"font-family: verdana, geneva, sans-serif;\">Avoir cinq (03) ans d\u2019exp\u00e9rience dans l\u2019analyse des \u00e9missions de GES et les questions de changements climatiques ;<\/span><\/li>\n<li><span style=\"font-family: verdana, geneva, sans-serif;\">Exp\u00e9rience du travail en C\u00f4te d&#8217;Ivoire ou dans d&#8217;autres pays de l\u2019Afrique de l\u2019ouest, dans le cadre de missions similaires ;<\/span><\/li>\n<li><span style=\"font-family: verdana, geneva, sans-serif;\">Avoir une bonne maitrise de la langue fran\u00e7aise ;<\/span><\/li>\n<li><span style=\"font-family: verdana, geneva, sans-serif;\">Avoir une bonne capacit\u00e9 r\u00e9dactionnelle et de communication ;<\/span><\/li>\n<li><span style=\"font-family: verdana, geneva, sans-serif;\">Avoir (02) ans d\u2019exp\u00e9rience de travail avec un projet de d\u00e9veloppement financ\u00e9 par une institution\u00a0 internationale ou un bailleur de fonds (BAD, Agence\u00a0 Fran\u00e7aise\u00a0 de D\u00e9veloppement, Banque Mondiale&#8230;);<\/span><\/li>\n<li><span style=\"font-family: verdana, geneva, sans-serif;\">Avoir une bonne connaissance de MS Windows et MS Office et capacit\u00e9 \u00e0 utiliser les technologies informatiques et mat\u00e9riels de communication.<\/span><\/li>\n<\/ul>\n<ol style=\"text-align: justify;\" start=\"6\">\n<li><span style=\"font-family: verdana, geneva, sans-serif;\">Le Minist\u00e8re\u00a0 de\u00a0 l\u2019Environnement,\u00a0 du\u00a0 D\u00e9veloppement\u00a0 Durable\u00a0 et\u00a0 de\u00a0 la\u00a0 Transition Ecologique (MINEDDTE) \u00e0 travers le Programme National Changements Climatiques (PNCC),\u00a0 invite\u00a0 les\u00a0 Individuels\u00a0 \u00e0\u00a0 pr\u00e9senter\u00a0 leur\u00a0 candidature\u00a0 en\u00a0 vue\u00a0 de\u00a0 fournir\u00a0 les prestations d\u00e9crites ci-dessus.<\/span><\/li>\n<\/ol>\n<p style=\"text-align: justify;\">\u00a0<\/p>\n<ol style=\"text-align: justify;\" start=\"7\">\n<li><span style=\"font-family: verdana, geneva, sans-serif;\">Les Candidats Individuels int\u00e9ress\u00e9s doivent produire les informations sur leur capacit\u00e9 et exp\u00e9rience\u00a0 d\u00e9montrant\u00a0 qu\u2019ils\u00a0 sont\u00a0 qualifi\u00e9s\u00a0 et\u00a0 exp\u00e9riment\u00e9s\u00a0 pour\u00a0 ex\u00e9cuter\u00a0 les prestations. A ce titre, les documents et informations ci-apr\u00e8s sont requis :<\/span><\/li>\n<\/ol>\n<ul style=\"text-align: justify;\">\n<li><span style=\"font-family: verdana, geneva, sans-serif;\"><strong>Une <\/strong><strong>lettre <\/strong><strong>de<\/strong><strong>manifestation <\/strong><strong>d\u2019int\u00e9r\u00eat <\/strong><strong>dat\u00e9e <\/strong><strong>et <\/strong><strong>sign\u00e9e, <\/strong><strong>adress\u00e9e <\/strong><strong>au<\/strong><strong> Minist\u00e8re de l\u2019Environnement, D\u00e9veloppement Durable et de la Transition Ecologique (MINEDDTE) \u00e0 travers le Programme National Changements Climatiques (PNCC), <\/strong>\u00c0 l&#8217;attention de Madame la coordonnatrice du Projet DMP ;<\/span><\/li>\n<li><span style=\"font-family: verdana, geneva, sans-serif;\"><strong>Un Curriculum Vitae d\u00e9taill\u00e9 r\u00e9cent, dat\u00e9, sign\u00e9 et certifi\u00e9 sinc\u00e8re<\/strong> <strong>faisant ressortir le dipl\u00f4me, les exp\u00e9riences, les comp\u00e9tences et les<\/strong> <strong>aptitudes du candidat;<\/strong><\/span><\/li>\n<li><span style=\"font-family: verdana, geneva, sans-serif;\"><strong>Le <\/strong><strong>CV <\/strong><strong>doit <\/strong><strong>mentionner <\/strong><strong>trois <\/strong><strong>(03) <\/strong><strong>r\u00e9f\u00e9rences <\/strong><strong>professionnelles <\/strong><strong>(adre<\/strong><strong>sse<\/strong><strong> physique, postale, mail, t\u00e9l\u00e9phone) aupr\u00e8s de qui les informations figurant dans le CV pourront \u00eatre v\u00e9rifi\u00e9es;<\/strong><\/span><\/li>\n<li><span style=\"font-family: verdana, geneva, sans-serif;\"><strong>Une <\/strong><strong>photocopie <\/strong><strong>des <\/strong><strong>attestations\/certificats <\/strong><strong>de <\/strong><strong>travail <\/strong><strong>ou <\/strong><strong>attestations<\/strong><strong> de bonne ex\u00e9cution de prestations pour les missions ex\u00e9cut\u00e9es entant que consultant;<\/strong><\/span><\/li>\n<li><span style=\"font-family: verdana, geneva, sans-serif;\"><strong>Une photocopie l\u00e9galis\u00e9e du dipl\u00f4me requis et des attestations de<\/strong> <strong>formation.<\/strong><\/span><\/li>\n<\/ul>\n<p style=\"text-align: justify;\"><span style=\"font-family: verdana, geneva, sans-serif;\"><strong>Les<\/strong> <strong>originaux<\/strong> <strong>des<\/strong> <strong>dipl\u00f4mes<\/strong> <strong>seront<\/strong> <strong>exig\u00e9s<\/strong> <strong>au<\/strong> <strong>candidat<\/strong> <strong>qui<\/strong> <strong>sera<\/strong> <strong>retenu<\/strong> <strong>pour<\/strong> <strong>la<\/strong> <strong>s\u00e9ance<\/strong> <strong>de<\/strong> <strong>n\u00e9gociation.<\/strong><\/span><\/p>\n<ol style=\"text-align: justify;\" start=\"8\">\n<li><span style=\"font-family: verdana, geneva, sans-serif;\">Les crit\u00e8res d\u2019\u00e9ligibilit\u00e9, l\u2019\u00e9tablissement de la liste restreinte et la proc\u00e9dure de s\u00e9lection seront conformes au Cadre de passation des march\u00e9s des op\u00e9rations financ\u00e9es par le Groupe de la Banque Africaine de D\u00e9veloppement , \u00e9dition d\u2019Octobre 2015, qui sont disponibles sur le site web de la Banque \u00e0 l\u2019adresse : <a href=\"http:\/\/www.afdb.org\/\">http:\/\/www.afdb.org<\/a>.<\/span><\/li>\n<\/ol>\n<p style=\"text-align: justify;\">\u00a0<\/p>\n<ol style=\"text-align: justify;\" start=\"9\">\n<li><span style=\"font-family: verdana, geneva, sans-serif;\">La s\u00e9lection sera conduite suivant la m\u00e9thode de s\u00e9lection de consultant individuel, notamment par la comparaison d\u2019au moins trois (03) CV sur la base d\u2019une liste restreinte de consultants qualifi\u00e9s \u00e9tablie \u00e0 l\u2019issue de l\u2019avis \u00e0 manifestation d\u2019int\u00e9r\u00eats. La s\u00e9lection sera effectu\u00e9e en deux (02) \u00e9tapes successives:<\/span><\/li>\n<\/ol>\n<p style=\"text-align: justify;\"><span style=\"font-family: verdana, geneva, sans-serif;\">&#8211;\u00a0\u00a0\u00a0\u00a0 La phase d\u2019\u00e9tablissement d\u2019une liste restreinte d\u2019au moins trois consultants qualifi\u00e9s pour la mission, c\u2019est-\u00e0-dire r\u00e9pondant aux exigences\u00a0 minimum de dipl\u00f4me et d\u2019exp\u00e9riences requises dans les termes de r\u00e9f\u00e9rence de la mission ;<\/span><\/p>\n<p style=\"text-align: justify;\"><span style=\"font-family: verdana, geneva, sans-serif;\">&#8211;\u00a0\u00a0\u00a0\u00a0 La phase d\u2019\u00e9valuation et de comparaison des CV des consultants de la liste restreinte afin de retenir le candidat le plus qualifi\u00e9 et le plus apte pour la mission.<\/span><\/p>\n<p style=\"text-align: justify;\"><span style=\"font-family: verdana, geneva, sans-serif;\">Le candidat le plus qualifi\u00e9 pour la mission sera retenu pour la n\u00e9gociation du contrat.<\/span><\/p>\n<ol style=\"text-align: justify;\" start=\"10\">\n<li><span style=\"font-family: verdana, geneva, sans-serif;\">Une liste restreinte de Consultants individuels, sera \u00e9tablie \u00e0 l\u2019issue de l\u2019appel \u00e0 manifestation d\u2019int\u00e9r\u00eat sur la base des crit\u00e8res suivants:<\/span><\/li>\n<\/ol>\n<p style=\"text-align: justify;\"><span style=\"font-family: verdana, geneva, sans-serif;\">&#8211;\u00a0\u00a0\u00a0\u00a0 Avoir un dipl\u00f4me d\u2019ing\u00e9nieur ou de master en science de gestion des d\u00e9chets, \u00e9conomie circulaire, sciences de l\u2019environnement et\/ou du climat ou tout autre domaine connexe;<\/span><\/p>\n<p style=\"text-align: justify;\"><span style=\"font-family: verdana, geneva, sans-serif;\">&#8211;\u00a0\u00a0\u00a0\u00a0 Avoir deux\u00a0 (02) ans\u00a0 d\u2019exp\u00e9rience dans l\u2019\u00e9laboration\u00a0 d\u2019une feuille de route\u00a0 pour\u00a0 la conception d\u2019un syst\u00e8me MRV.<\/span><\/p>\n<p style=\"text-align: justify;\"><span style=\"font-family: verdana, geneva, sans-serif;\">L\u2019\u00e9valuation des CV des candidats retenus sur la liste restreinte sera effectu\u00e9e sur la base des crit\u00e8res et sous-crit\u00e8res not\u00e9s de la grille ci-apr\u00e8s<\/span><\/p>\n<table style=\"width: 92.0886%; height: 91px;\">\n<tbody>\n<tr style=\"height: 10px;\">\n<td style=\"height: 10px; width: 87.4515%;\" colspan=\"2\" width=\"548\">\n<p><span style=\"font-family: verdana, geneva, sans-serif;\"><strong>EVALUAT<\/strong><strong>ION<\/strong><\/span><\/p>\n<\/td>\n<td style=\"height: 10px; width: 50.3864%;\" width=\"94\">\n<p><span style=\"font-family: verdana, geneva, sans-serif;\"><strong>Notati<\/strong><strong>on <\/strong><strong>maxima<\/strong><strong>le<\/strong><\/span><\/p>\n<\/td>\n<\/tr>\n<tr style=\"height: 56px;\">\n<td style=\"height: 56px; width: 30.6306%;\" width=\"134\">\n<p><span style=\"font-family: verdana, geneva, sans-serif;\"><strong>Crit<\/strong><strong>\u00e8res<\/strong><\/span><\/p>\n<\/td>\n<td style=\"height: 56px; width: 56.8209%;\" width=\"413\">\n<p><span style=\"font-family: verdana, geneva, sans-serif;\"><strong>Sous-crit\u00e8res<\/strong><\/span><\/p>\n<\/td>\n<td style=\"height: 56px; width: 50.3864%;\" width=\"94\">\n<p>&nbsp;<\/p>\n<\/td>\n<\/tr>\n<tr style=\"height: 25px;\">\n<td style=\"height: 25px; width: 30.6306%;\" width=\"134\">\n<p><span style=\"font-family: verdana, geneva, sans-serif;\">(i) Qualification d\u2019ordre<\/span><\/p>\n<\/td>\n<td style=\"height: 25px; width: 56.8209%;\" width=\"413\">\n<p><span style=\"font-family: verdana, geneva, sans-serif;\"><strong>Qualifications<\/strong> <strong>et<\/strong> <strong>exp\u00e9rience<\/strong> <strong>g\u00e9n\u00e9rale<\/strong> <strong>pour<\/strong> <strong>la <\/strong><strong>missi<\/strong><strong>on<\/strong><\/span><\/p>\n<\/td>\n<td style=\"height: 25px; width: 50.3864%;\" width=\"94\">\n<p><span style=\"font-family: verdana, geneva, sans-serif;\"><strong>20<\/strong><\/span><\/p>\n<\/td>\n<\/tr>\n<\/tbody>\n<\/table>\n<p style=\"text-align: justify;\">\u00a0<\/p>\n<table style=\"width: 92.129%; height: 1111px;\">\n<tbody>\n<tr style=\"height: 111px;\">\n<td style=\"width: 20.7519%; height: 196px;\" rowspan=\"2\" width=\"134\">\n<p><span style=\"font-family: verdana, geneva, sans-serif;\">g\u00e9n\u00e9ral <strong>(20<\/strong><strong> points)<\/strong><\/span><\/p>\n<\/td>\n<td style=\"width: 66.1869%; height: 111px;\" width=\"413\">\n<p><span style=\"font-family: verdana, geneva, sans-serif;\"><strong>Niveau<\/strong> <strong>d\u2019\u00e9tudes<\/strong> <strong>\/<\/strong> <strong>dipl\u00f4mes<\/strong> : Avoir un dipl\u00f4me d\u2019ing\u00e9nieur ou de master en\u00a0 science de gestion des d\u00e9chets, \u00e9conomie circulaire, sciences de l\u2019environnement et\/ou du climat ou tout autre domaine connexe<\/span><\/p>\n<\/td>\n<td style=\"width: 51.1063%; height: 111px;\" width=\"94\">\n<p><span style=\"font-family: verdana, geneva, sans-serif;\">10<\/span><\/p>\n<\/td>\n<\/tr>\n<tr style=\"height: 85px;\">\n<td style=\"width: 66.1869%; height: 85px;\" width=\"413\">\n<p><span style=\"font-family: verdana, geneva, sans-serif;\"><strong>Exp\u00e9rience<\/strong><strong> professionnelle g\u00e9n\u00e9rale<\/strong>:\u00a0 Avoir deux (02) ans d\u2019exp\u00e9rience dans l\u2019\u00e9laboration d\u2019une feuille de route pour la conception d\u2019un syst\u00e8me MRV<\/span><\/p>\n<\/td>\n<td style=\"width: 51.1063%; height: 85px;\" width=\"94\">\n<p><span style=\"font-family: verdana, geneva, sans-serif;\">10<\/span><\/p>\n<\/td>\n<\/tr>\n<tr style=\"height: 60px;\">\n<td style=\"width: 20.7519%; height: 247px;\" rowspan=\"3\" width=\"134\">\n<p><span style=\"font-family: verdana, geneva, sans-serif;\">(ii)Ad\u00e9quation pour la mission\u00a0 <strong>(60<\/strong> <strong>point<\/strong><strong>s)<\/strong><\/span><\/p>\n<\/td>\n<td style=\"width: 66.1869%; height: 60px;\" width=\"413\">\n<p><span style=\"font-family: verdana, geneva, sans-serif;\"><strong>Ad\u00e9quation pour <\/strong><strong>la m<\/strong><strong>ission<\/strong><\/span><\/p>\n<\/td>\n<td style=\"width: 51.1063%; height: 60px;\" width=\"94\">\n<p><span style=\"font-family: verdana, geneva, sans-serif;\"><strong>50<\/strong><\/span><\/p>\n<\/td>\n<\/tr>\n<tr style=\"height: 85px;\">\n<td style=\"width: 66.1869%; height: 85px;\" width=\"413\">\n<p><span style=\"font-family: verdana, geneva, sans-serif;\">Avoir\u00a0 cinq\u00a0 (03)\u00a0 ans\u00a0 d\u2019exp\u00e9rience\u00a0 dans\u00a0 la\u00a0 gestion\u00a0 des d\u00e9chets solides en lien avec les changements climatiques<\/span><\/p>\n<\/td>\n<td style=\"width: 51.1063%; height: 85px;\" width=\"94\">\n<p><span style=\"font-family: verdana, geneva, sans-serif;\">25<\/span><\/p>\n<\/td>\n<\/tr>\n<tr style=\"height: 102px;\">\n<td style=\"width: 66.1869%; height: 102px;\" width=\"413\">\n<p><span style=\"font-family: verdana, geneva, sans-serif;\">Avoir\u00a0 cinq\u00a0 (03)\u00a0 ans\u00a0 d\u2019exp\u00e9rience\u00a0 dans\u00a0 l\u2019analyse\u00a0 des \u00e9missions\u00a0 de\u00a0 GES\u00a0 et\u00a0 les\u00a0 questions\u00a0 de\u00a0 changements climatiques ;<\/span><\/p>\n<\/td>\n<td style=\"width: 51.1063%; height: 102px;\" width=\"94\">\n<p>&nbsp;<\/p>\n<p><span style=\"font-family: verdana, geneva, sans-serif;\">25<\/span><\/p>\n<\/td>\n<\/tr>\n<tr style=\"height: 60px;\">\n<td style=\"width: 20.7519%; height: 180px;\" rowspan=\"3\" width=\"134\">\n<p><span style=\"font-family: verdana, geneva, sans-serif;\">(iii) Capacit\u00e9s linguistiques<\/span><\/p>\n<\/td>\n<td style=\"width: 66.1869%; height: 60px;\" width=\"413\">\n<p><span style=\"font-family: verdana, geneva, sans-serif;\"><strong>Capacit\u00e9s linguistique:<\/strong><\/span><\/p>\n<\/td>\n<td style=\"width: 51.1063%; height: 60px;\" width=\"94\">\n<p><span style=\"font-family: verdana, geneva, sans-serif;\"><strong>10<\/strong><\/span><\/p>\n<\/td>\n<\/tr>\n<tr style=\"height: 60px;\">\n<td style=\"width: 66.1869%; height: 60px;\" width=\"413\">\n<p><span style=\"font-family: verdana, geneva, sans-serif;\">Avoir une bonne maitrise de la langue fran\u00e7aise<\/span><\/p>\n<\/td>\n<td style=\"width: 51.1063%; height: 60px;\" width=\"94\">\n<p><span style=\"font-family: verdana, geneva, sans-serif;\">5<\/span><\/p>\n<\/td>\n<\/tr>\n<tr style=\"height: 60px;\">\n<td style=\"width: 66.1869%; height: 60px;\" width=\"413\">\n<p><span style=\"font-family: verdana, geneva, sans-serif;\">Avoir une bonne capacit\u00e9 r\u00e9dactionnelle et de communication<\/span><\/p>\n<\/td>\n<td style=\"width: 51.1063%; height: 60px;\" width=\"94\">\n<p><span style=\"font-family: verdana, geneva, sans-serif;\">5<\/span><\/p>\n<\/td>\n<\/tr>\n<tr style=\"height: 60px;\">\n<td style=\"width: 20.7519%; height: 171px;\" rowspan=\"2\" width=\"134\">\n<p><span style=\"font-family: verdana, geneva, sans-serif;\">(iv) Exp\u00e9rience avec les Institutions internationales<\/span><\/p>\n<\/td>\n<td style=\"width: 66.1869%; height: 60px;\" width=\"413\">\n<p><span style=\"font-family: verdana, geneva, sans-serif;\"><strong>Exp\u00e9rience avec les Institutions internationales<\/strong><\/span><\/p>\n<\/td>\n<td style=\"width: 51.1063%; height: 60px;\" width=\"94\">\n<p><span style=\"font-family: verdana, geneva, sans-serif;\"><strong>10<\/strong><\/span><\/p>\n<\/td>\n<\/tr>\n<tr style=\"height: 111px;\">\n<td style=\"width: 66.1869%; height: 111px;\" width=\"413\">\n<p><span style=\"font-family: verdana, geneva, sans-serif;\">Avoir\u00a0 (02) ans d\u2019exp\u00e9rience de travail avec un projet de d\u00e9veloppement financ\u00e9 par une institution internationale ou\u00a0 un\u00a0 bailleur\u00a0 de\u00a0 fonds\u00a0 (BAD, Agence\u00a0 Fran\u00e7aise\u00a0 de D\u00e9veloppement, Banque Mondiale&#8230;)<\/span><\/p>\n<\/td>\n<td style=\"width: 51.1063%; height: 111px;\" width=\"94\">\n<p><span style=\"font-family: verdana, geneva, sans-serif;\">10<\/span><\/p>\n<\/td>\n<\/tr>\n<tr style=\"height: 60px;\">\n<td style=\"width: 20.7519%; height: 162px;\" rowspan=\"2\" width=\"134\">\n<p><span style=\"font-family: verdana, geneva, sans-serif;\">(v)Connaissance de l\u2019environnement local<\/span><\/p>\n<\/td>\n<td style=\"width: 66.1869%; height: 60px;\" width=\"413\">\n<p><span style=\"font-family: verdana, geneva, sans-serif;\"><strong>Connaissance de l\u2019environnement local<\/strong><\/span><\/p>\n<\/td>\n<td style=\"width: 51.1063%; height: 60px;\" width=\"94\">\n<p><span style=\"font-family: verdana, geneva, sans-serif;\"><strong>5<\/strong><\/span><\/p>\n<\/td>\n<\/tr>\n<tr style=\"height: 102px;\">\n<td style=\"width: 66.1869%; height: 102px;\" width=\"413\">\n<p><span style=\"font-family: verdana, geneva, sans-serif;\">Exp\u00e9rience du travail en C\u00f4te d&#8217;Ivoire ou dans d&#8217;autres pays de l\u2019Afrique de l\u2019ouest, dans le cadre de missions similaires<\/span><\/p>\n<\/td>\n<td style=\"width: 51.1063%; height: 102px;\" width=\"94\">\n<p>&nbsp;<\/p>\n<p><span style=\"font-family: verdana, geneva, sans-serif;\">5<\/span><\/p>\n<\/td>\n<\/tr>\n<tr style=\"height: 60px;\">\n<td style=\"width: 20.7519%; height: 145px;\" rowspan=\"2\" width=\"134\">\n<p><span style=\"font-family: verdana, geneva, sans-serif;\">(vi)Connaissance des outils informatiques et de communication<\/span><\/p>\n<\/td>\n<td style=\"width: 66.1869%; height: 60px;\" width=\"413\">\n<p><span style=\"font-family: verdana, geneva, sans-serif;\"><strong>Connaissance des outils informatiques et de <\/strong><strong>communic<\/strong><strong>ation.<\/strong><\/span><\/p>\n<\/td>\n<td style=\"width: 51.1063%; height: 60px;\" width=\"94\">\n<p><span style=\"font-family: verdana, geneva, sans-serif;\"><strong>5<\/strong><\/span><\/p>\n<\/td>\n<\/tr>\n<tr style=\"height: 85px;\">\n<td style=\"width: 66.1869%; height: 85px;\" width=\"413\">\n<p><span style=\"font-family: verdana, geneva, sans-serif;\">Avoir une bonne connaissance de MS Windows et MS Office et capacit\u00e9 \u00e0 utiliser les technologies informatiques et mat\u00e9riels de communication<\/span><\/p>\n<\/td>\n<td style=\"width: 51.1063%; height: 85px;\" width=\"94\">\n<p><span style=\"font-family: verdana, geneva, sans-serif;\">5<\/span><\/p>\n<\/td>\n<\/tr>\n<tr style=\"height: 10px;\">\n<td style=\"width: 86.9388%; height: 10px;\" colspan=\"2\" width=\"548\">\n<p><span style=\"font-family: verdana, geneva, sans-serif;\"><strong>TO<\/strong><strong>TAL<\/strong><\/span><\/p>\n<\/td>\n<td style=\"width: 51.1063%; height: 10px;\" width=\"94\">\n<p><span style=\"font-family: verdana, geneva, sans-serif;\"><strong>100<\/strong><\/span><\/p>\n<\/td>\n<\/tr>\n<\/tbody>\n<\/table>\n<p style=\"text-align: justify;\">\u00a0<\/p>\n<p style=\"text-align: justify;\"><span style=\"font-family: verdana, geneva, sans-serif;\">N.B : <\/span><\/p>\n<p style=\"text-align: justify;\"><span style=\"font-family: verdana, geneva, sans-serif;\">&#8211;\u00a0 Les diff\u00e9rents Partenaires Techniques et Financiers (PTF) qui ont financ\u00e9 les projets li\u00e9s aux r\u00e9f\u00e9rences des diff\u00e9rents candidats seront pr\u00e9cis\u00e9s.<\/span><\/p>\n<p style=\"text-align: justify;\"><span style=\"font-family: verdana, geneva, sans-serif;\">&#8211;\u00a0\u00a0\u00a0\u00a0 La note minimale de qualification pour figurer sur la liste retreinte est de 70 sur 100.<\/span><\/p>\n<p style=\"text-align: justify;\">\u00a0<\/p>\n<p style=\"text-align: justify;\">\u00a0<\/p>\n<p style=\"text-align: justify;\">\u00a0<\/p>\n<p style=\"text-align: justify;\">\u00a0<\/p>\n<p style=\"text-align: justify;\">\u00a0<\/p>\n<p style=\"text-align: justify;\">\u00a0<\/p>\n<p style=\"text-align: justify;\">\u00a0<\/p>\n<p style=\"text-align: justify;\">\u00a0<\/p>\n<p style=\"text-align: justify;\">\u00a0<\/p>\n<p style=\"text-align: justify;\">\u00a0<\/p>\n<p style=\"text-align: justify;\">\u00a0<\/p>\n<p style=\"text-align: justify;\"><span style=\"font-family: verdana, geneva, sans-serif;\">&#8211;\u00a0\u00a0\u00a0\u00a0 En cas d\u2019\u00e9galit\u00e9 de points entre deux candidats class\u00e9s 1er, la pr\u00e9f\u00e9rence sera accord\u00e9e<\/span><\/p>\n<p style=\"text-align: justify;\"><span style=\"font-family: verdana, geneva, sans-serif;\">au candidat qui justifie du plus grand nombre cumul\u00e9 d\u2019ann\u00e9es d\u2019exp\u00e9riences dans la gestion des d\u00e9chets solides en lien avec les changements climatiques.<\/span><\/p>\n<p style=\"text-align: justify;\">\u00a0<\/p>\n<ol style=\"text-align: justify;\" start=\"11\">\n<li><span style=\"font-family: verdana, geneva, sans-serif;\">Les consultants individuels\u00a0\u00a0\u00a0\u00a0 int\u00e9ress\u00e9s\u00a0\u00a0\u00a0\u00a0\u00a0\u00a0 peuvent\u00a0\u00a0\u00a0\u00a0\u00a0 obtenir\u00a0\u00a0\u00a0\u00a0\u00a0 des\u00a0\u00a0\u00a0\u00a0\u00a0\u00a0\u00a0\u00a0\u00a0\u00a0\u00a0\u00a0\u00a0\u00a0\u00a0\u00a0 informations<\/span><\/li>\n<\/ol>\n<p style=\"text-align: justify;\"><span style=\"font-family: verdana, geneva, sans-serif;\">suppl\u00e9mentaires\u00a0 \u00e0\u00a0 l&#8217;adresse\u00a0 mentionn\u00e9e\u00a0 ci-dessous\u00a0 aux\u00a0 heures\u00a0 d\u2019ouverture\u00a0 de bureaux suivantes : du lundi au vendredi de <strong>07 heures 30 minutes \u00e0 12 heures<\/strong><\/span><\/p>\n<p style=\"text-align: justify;\"><span style=\"font-family: verdana, geneva, sans-serif;\"><strong>30<\/strong> <strong>minutes<\/strong> et de <strong>13<\/strong> <strong>heures<\/strong> <strong>30<\/strong> <strong>minutes<\/strong> <strong>\u00e0<\/strong> <strong>16<\/strong> <strong>heures<\/strong> <strong>30<\/strong> <strong>minutes<\/strong> (jours ouvrables et heure locale).<\/span><\/p>\n<p style=\"text-align: justify;\">\u00a0<\/p>\n<ol style=\"text-align: justify;\" start=\"12\">\n<li><span style=\"font-family: verdana, geneva, sans-serif;\">Les expressions d&#8217;int\u00e9r\u00eat, r\u00e9dig\u00e9es en langue FRANCAISE, en <strong>trois<\/strong> <strong>(03)<\/strong> <strong>exemplaires<\/strong> <strong>dont<\/strong><strong> un (01) original <\/strong>, doivent \u00eatre d\u00e9pos\u00e9es \u00e0 l&#8217;adresse mentionn\u00e9e ci-dessous, ou transmises par <strong>courriel<\/strong>, au plus tard le <strong>lundi 24 f\u00e9vrier 2025 <\/strong>\u00e0 <strong>10 heures 00 minute <\/strong><strong>(heure<\/strong><strong> locale). <\/strong>Elles devront porter express\u00e9ment la mention \u00ab <strong>recrutement d\u2019un <\/strong><strong>consultant<\/strong> <strong>international<\/strong> <strong>pour<\/strong> <strong>l\u2019\u00e9laboration<\/strong> <strong>d\u2019un<\/strong> <strong>document<\/strong> <strong>strat\u00e9gique<\/strong> <strong>de<\/strong> <strong>syst\u00e8me<\/strong><strong> MRV de gestion des DMP (MRV-DMP) sp\u00e9cifique \u00e0 la C\u00f4te d\u2019Ivoire et <\/strong><strong>la<\/strong> <strong>mise<\/strong> <strong>en<\/strong> <strong>\u0153uvre<\/strong> <strong>d\u2019un<\/strong> <strong>syst\u00e8me<\/strong> <strong>informatique<\/strong> <strong>MRV<\/strong> <strong>pilote<\/strong> <strong>sur<\/strong> <strong>les<\/strong> <strong>incin\u00e9rateurs<\/strong> <strong>des<\/strong><strong> DMP \u00bb.<\/strong><\/span><\/li>\n<\/ol>\n<p style=\"text-align: justify;\">\u00a0<\/p>\n<p style=\"text-align: justify;\"><span style=\"font-family: verdana, geneva, sans-serif;\"><strong>Seules<\/strong> <strong>les<\/strong> <strong>expressions<\/strong> <strong>d\u2019int\u00e9r\u00eat<\/strong> <strong>r\u00e9dig\u00e9es<\/strong> <strong>en<\/strong> <strong>Fran\u00e7ais<\/strong> <strong>seront<\/strong> <strong>consid\u00e9r\u00e9es.<\/strong> Tous justificatifs d\u2019exp\u00e9riences r\u00e9dig\u00e9s dans une langue autre que le fran\u00e7ais, devront \u00eatre accompagn\u00e9s des versions traduites en langue fran\u00e7aise.<\/span><\/p>\n<p style=\"text-align: justify;\">\u00a0<\/p>\n<p style=\"text-align: justify;\"><span style=\"font-family: verdana, geneva, sans-serif;\"><strong>L\u2019adresse<\/strong> <strong>de<\/strong> <strong>d\u00e9p\u00f4t<\/strong> <strong>est<\/strong> <strong>la<\/strong> <strong>suivante<\/strong> <strong>:<\/strong><\/span><\/p>\n<p style=\"text-align: justify;\">\u00a0<\/p>\n<p style=\"text-align: justify;\"><span style=\"font-family: verdana, geneva, sans-serif;\"><strong>Unit\u00e9<\/strong> <strong>de<\/strong> <strong>Gestion<\/strong> <strong>du<\/strong> <strong>Programme<\/strong> <strong>National<\/strong> <strong>Changement<\/strong> <strong>Climatique<\/strong> <strong>(UG-PNCC)<\/strong><\/span><\/p>\n<p style=\"text-align: justify;\">\u00a0<\/p>\n<p style=\"text-align: justify;\"><span style=\"font-family: verdana, geneva, sans-serif;\">Sise \u00e0 Abidjan, Riviera Palmeraie, cit\u00e9 du bonheur non loin de la SODECI \u00c0 l&#8217;attention de Madame la coordonnatrice du Projet DMP<\/span><\/p>\n<p style=\"text-align: justify;\"><span style=\"font-family: verdana, geneva, sans-serif;\">Tel : <strong>+225<\/strong> <strong>27<\/strong> <strong>20<\/strong> <strong>22<\/strong> <strong>69<\/strong> <strong>09<\/strong> <strong>\/<\/strong> <strong>+225<\/strong> <strong>07<\/strong> <strong>59<\/strong> <strong>50<\/strong> <strong>11<\/strong> <strong>19<\/strong> <strong>\/<\/strong> <strong>+225<\/strong> <strong>07<\/strong> <strong>09<\/strong> <strong>49<\/strong> <strong>52<\/strong> <strong>97<\/strong><\/span><\/p>\n<p style=\"text-align: justify;\">\u00a0<\/p>\n<p style=\"text-align: justify;\"><span style=\"font-family: verdana, geneva, sans-serif;\">E-mail:\u00a0\u00a0\u00a0\u00a0\u00a0\u00a0\u00a0\u00a0\u00a0\u00a0\u00a0\u00a0\u00a0 <a href=\"mailto:leaticiaamon12@gmail.com\">l<\/a><a href=\"mailto:leaticiaamon12@gmail.com\">e<\/a><a href=\"mailto:leaticiaamon12@gmail.com\">a<\/a><a href=\"mailto:leaticiaamon12@gmail.com\">t<\/a><a href=\"mailto:leaticiaamon12@gmail.com\">i<\/a><a href=\"mailto:leaticiaamon12@gmail.com\">c<\/a><a href=\"mailto:leaticiaamon12@gmail.com\">i<\/a><a href=\"mailto:leaticiaamon12@gmail.com\">a<\/a><a href=\"mailto:leaticiaamon12@gmail.com\">a<\/a><a href=\"mailto:leaticiaamon12@gmail.com\">m<\/a><a href=\"mailto:leaticiaamon12@gmail.com\">o<\/a><a href=\"mailto:leaticiaamon12@gmail.com\">n<\/a><a href=\"mailto:leaticiaamon12@gmail.com\">1<\/a><a href=\"mailto:leaticiaamon12@gmail.com\">2<\/a><a href=\"mailto:leaticiaamon12@gmail.com\">@<\/a><a href=\"mailto:leaticiaamon12@gmail.com\">g<\/a><a href=\"mailto:leaticiaamon12@gmail.com\">m<\/a><a href=\"mailto:leaticiaamon12@gmail.com\">a<\/a><a href=\"mailto:leaticiaamon12@gmail.com\">i<\/a><a href=\"mailto:leaticiaamon12@gmail.com\">l<\/a><a href=\"mailto:leaticiaamon12@gmail.com\">.<\/a><a href=\"mailto:leaticiaamon12@gmail.com\">c<\/a><a href=\"mailto:leaticiaamon12@gmail.com\">o<\/a><a href=\"mailto:leaticiaamon12@gmail.com\">m<\/a>\u00a0\u00a0\u00a0\u00a0\u00a0\u00a0\u00a0\u00a0\u00a0\u00a0\u00a0\u00a0 et\u00a0\u00a0\u00a0\u00a0\u00a0\u00a0\u00a0\u00a0\u00a0 <a href=\"mailto:projetdmp2023@gmail.com\">projetdmp2023@gmail.com<\/a>\u00a0\u00a0\u00a0\u00a0\u00a0\u00a0 et<\/span><\/p>\n<p style=\"text-align: justify;\">\u00a0<\/p>\n<p style=\"text-align: justify;\"><span style=\"font-family: verdana, geneva, sans-serif;\"><a href=\"mailto:civ.climate@gmail.com\">civ<\/a><a href=\"mailto:civ.climate@gmail.com\">.climate@gmail.com<\/a><\/span><\/p>\n<p style=\"text-align: justify;\">\u00a0<\/p>\n<p style=\"text-align: justify;\"><span style=\"font-family: verdana, geneva, sans-serif;\">Il est \u00e0 noter que l\u2019int\u00e9r\u00eat manifest\u00e9 par un Consultant Individuel n\u2019implique aucune obligation de la part de la Banque de l\u2019inclure sur la liste restreinte.<\/span><\/p>\n<p style=\"text-align: justify;\">\u00a0<\/p>\n<p style=\"text-align: justify;\"><span style=\"font-family: verdana, geneva, sans-serif;\"><strong>N.B<\/strong> <strong>:<\/strong><\/span><\/p>\n<ul>\n<li style=\"text-align: justify;\"><span style=\"font-family: verdana, geneva, sans-serif;\"><strong>Tout<\/strong> <strong>candidat<\/strong> <strong>fonctionnaire<\/strong> <strong>ou<\/strong> <strong>agent<\/strong> <strong>de<\/strong> <strong>l\u2019Etat<\/strong> <strong>devra<\/strong> <strong>satisfaire<\/strong> <strong>aux<\/strong> <strong>crit\u00e8res<\/strong><strong> d\u2019\u00e9ligibilit\u00e9 \u00e9dict\u00e9s par les dispositions du paragraphe 5.2 de la Politique de passation des march\u00e9s de la Banque et du paragraphe A2.2 du Manuel des op\u00e9rations de passation des march\u00e9s de la Banque (Partie A, Volume 1). Le candidat fonctionnaire ou\u00a0 agent\u00a0 de\u00a0 l\u2019Etat\u00a0 retenu\u00a0 devra\u00a0 obligatoirement fournir avant tout engagement un certificat de cessation de paiement.<\/strong><\/span><\/li>\n<li style=\"text-align: justify;\"><span style=\"font-family: verdana, geneva, sans-serif;\"><strong>Le<\/strong> <strong>candidat<\/strong> <strong>d\u00e9finitivement<\/strong> <strong>retenu<\/strong> <strong>doit<\/strong> <strong>\u00eatre<\/strong> <strong>libre<\/strong> <strong>de<\/strong> <strong>tout<\/strong> <strong>engagement<\/strong> <strong>\u00e0<\/strong> <strong>la<\/strong><strong> date de la signature du contrat.<\/strong><\/span><\/li>\n<\/ul>\n","protected":false},"excerpt":{"rendered":"<p>PROJET DE PREPARATION DE LA COTE D\u2019IVOIRE A LA DECARBONISATION DE LA GESTION DES DECHETS SOLIDES, MEDICAUX ET PHARMACEUTIQUES (DMP) POUR L\u2019ATTEINTE DES OBJECTIFS D\u2019ATTENUATION DES GAZ A EFFET DE [&hellip;]<\/p>\n","protected":false},"author":1,"featured_media":5933,"comment_status":"closed","ping_status":"closed","sticky":false,"template":"","format":"standard","meta":{"_lmt_disableupdate":"no","_lmt_disable":"","pgc_sgb_lightbox_settings":""},"categories":[58],"tags":[],"post_folder":[59],"modified_by":"MINEDD","_links":{"self":[{"href":"https:\/\/did-dev.net\/mineddte\/wp-json\/wp\/v2\/posts\/5930"}],"collection":[{"href":"https:\/\/did-dev.net\/mineddte\/wp-json\/wp\/v2\/posts"}],"about":[{"href":"https:\/\/did-dev.net\/mineddte\/wp-json\/wp\/v2\/types\/post"}],"author":[{"embeddable":true,"href":"https:\/\/did-dev.net\/mineddte\/wp-json\/wp\/v2\/users\/1"}],"replies":[{"embeddable":true,"href":"https:\/\/did-dev.net\/mineddte\/wp-json\/wp\/v2\/comments?post=5930"}],"version-history":[{"count":1,"href":"https:\/\/did-dev.net\/mineddte\/wp-json\/wp\/v2\/posts\/5930\/revisions"}],"predecessor-version":[{"id":5934,"href":"https:\/\/did-dev.net\/mineddte\/wp-json\/wp\/v2\/posts\/5930\/revisions\/5934"}],"wp:featuredmedia":[{"embeddable":true,"href":"https:\/\/did-dev.net\/mineddte\/wp-json\/wp\/v2\/media\/5933"}],"wp:attachment":[{"href":"https:\/\/did-dev.net\/mineddte\/wp-json\/wp\/v2\/media?parent=5930"}],"wp:term":[{"taxonomy":"category","embeddable":true,"href":"https:\/\/did-dev.net\/mineddte\/wp-json\/wp\/v2\/categories?post=5930"},{"taxonomy":"post_tag","embeddable":true,"href":"https:\/\/did-dev.net\/mineddte\/wp-json\/wp\/v2\/tags?post=5930"},{"taxonomy":"post_folder","embeddable":true,"href":"https:\/\/did-dev.net\/mineddte\/wp-json\/wp\/v2\/post_folder?post=5930"}],"curies":[{"name":"wp","href":"https:\/\/api.w.org\/{rel}","templated":true}]}}