{"id":5925,"date":"2025-01-29T16:00:01","date_gmt":"2025-01-29T16:00:01","guid":{"rendered":"https:\/\/did-dev.net\/mineddte\/?p=5925"},"modified":"2025-01-30T09:07:35","modified_gmt":"2025-01-30T09:07:35","slug":"pollution-des-cours-deau-le-ministre-assahore-appelle-a-la-responsabilite-des-populations","status":"publish","type":"post","link":"https:\/\/did-dev.net\/mineddte\/pollution-des-cours-deau-le-ministre-assahore-appelle-a-la-responsabilite-des-populations\/","title":{"rendered":"POLLUTION DES COURS D\u2019EAU\u00a0: LE MINISTRE ASSAHORE APPELLE A LA RESPONSABILITE DES POPULATIONS"},"content":{"rendered":"<p style=\"text-align: justify;\"><span style=\"font-family: verdana, geneva, sans-serif;\">Le Ministre de l\u2019Environnement, du D\u00e9veloppement Durable et de la Transition Ecologique, Monsieur Assahor\u00e9 Konan Jacques, a tenu un point de presse, le mercredi 29 janvier 2025, \u00e0 son Cabinet, au cours duquel, les r\u00e9sultats des enqu\u00eates r\u00e9alis\u00e9es par le Centre Ivoirien Antipollution (CIAPOL) sur les r\u00e9centes mortalit\u00e9s de poissons \u00e0 Lakota, Gagnoa et Aff\u00e9ry ont \u00e9t\u00e9 r\u00e9v\u00e9l\u00e9s.<\/span><\/p>\n<p style=\"text-align: justify;\"><span style=\"font-family: verdana, geneva, sans-serif;\">Apr\u00e8s les cas de la pollution de la baie de Bi\u00e9try et du fleuve Cavally o\u00f9 une destruction de la faune et de la flore aquatique a \u00e9t\u00e9 constat\u00e9e, c\u2019est au tour de la rivi\u00e8re Niounourou \u00e0 Niambezaria dans le d\u00e9partement de Lakota\u00a0; la rivi\u00e8re L\u00e9l\u00e9, \u00e0 Affery dans le d\u00e9partement d\u2019Akoup\u00e9\u00a0et celle du campement de Zabezako ou Mabouo 2, situ\u00e9 sur l\u2019axe Gagnoa- Serihio.<\/span><\/p>\n<p style=\"text-align: justify;\"><span style=\"font-family: verdana, geneva, sans-serif;\"><em>\u00ab\u00a0Selon le rapport d\u2019enqu\u00eates du CIAPOL, ces derniers cas de pollution proviennent du d\u00e9versement volontaire de produits chimiques nocifs, ou de produits issus de l\u2019orpaillage clandestin dans les rivi\u00e8res pour la p\u00eache.\u00a0\u00bb,<\/em> a indiqu\u00e9, le Ministre Assahor\u00e9 \u00e0 la presse.<\/span><\/p>\n<p style=\"text-align: justify;\"><span style=\"font-family: verdana, geneva, sans-serif;\">Si la collaboration avec les autorit\u00e9s locales et les services comp\u00e9tents du Minist\u00e8re a permis d\u2019\u00e9viter les pertes en vie humaines, l\u2019impact environnemental de ces faits reste consid\u00e9rable.<\/span><\/p>\n<p style=\"text-align: justify;\"><span style=\"font-family: verdana, geneva, sans-serif;\">Face \u00e0 ce constat, le Ministre a tir\u00e9 la sonnette d\u2019alarme sur les cons\u00e9quences qui d\u00e9coulent de telles pratiques aussi bien pour la sant\u00e9 humaine que pour l\u2019environnement.<\/span><\/p>\n<p style=\"text-align: justify;\"><span style=\"font-family: verdana, geneva, sans-serif;\"><em>\u00ab\u00a0Les poissons issus de cette p\u00eache illicite sont \u00e9coul\u00e9s sur le march\u00e9 et consomm\u00e9s par chacun d\u2019entre nous avec des risques de maladies graves comme le cancer.\u00a0\u00bb,<\/em> a-t-il d\u00e9plor\u00e9.<\/span><\/p>\n<p style=\"text-align: justify;\"><span style=\"font-family: verdana, geneva, sans-serif;\">Il a expliqu\u00e9 que les produits utilis\u00e9s sont g\u00e9n\u00e9ralement des produits destin\u00e9s \u00e0 combattre des organismes consid\u00e9r\u00e9s comme nuisibles, tels que ce soit les plantes (herbicides), les champignons (fongicides), les bact\u00e9ries (bact\u00e9ricides) et les insectes (insecticides). Les effets de ces substances, tant sur les \u00e9cosyst\u00e8mes aquatiques que sur l\u2019homme, sont catastrophiques car ils impactent l\u2019eau de ces rivi\u00e8res qui servent d\u2019eau de consommation pour les populations, menacent les nappes phr\u00e9atiques et contaminent les ressources halieutiques qui sont issues de cette p\u00eache illicite.<\/span><\/p>\n<p style=\"text-align: justify;\"><span style=\"font-family: verdana, geneva, sans-serif;\">Il a lanc\u00e9 un appel \u00e0 la responsabilit\u00e9 et \u00e0 l\u2019\u00e9cocitoyennet\u00e9 des populations en d\u00e9non\u00e7ant les auteurs de ces actes aupr\u00e8s de la gendarmerie et de la police.<\/span><\/p>\n<p style=\"text-align: justify;\"><span style=\"font-family: verdana, geneva, sans-serif;\">Le ministre a, par ailleurs, indiqu\u00e9 que des poursuites judiciaires assorties de sanctions p\u00e9nales et p\u00e9cuniaires sont pr\u00e9vues par le nouveau Code de l\u2019Environnement pour les auteurs. Ces sanctions vont d\u2019un emprisonnement de deux mois \u00e0 deux ans et \u00e0 une amende 200 000 francs \u00e0 100 000 000 de francs, selon l\u2019Article 236 du Code de l\u2019environnement.<\/span><\/p>\n","protected":false},"excerpt":{"rendered":"<p>Le Ministre de l\u2019Environnement, du D\u00e9veloppement Durable et de la Transition Ecologique, Monsieur Assahor\u00e9 Konan Jacques, a tenu un point de presse, le mercredi 29 janvier 2025, \u00e0 son Cabinet, [&hellip;]<\/p>\n","protected":false},"author":1,"featured_media":5926,"comment_status":"closed","ping_status":"closed","sticky":false,"template":"","format":"standard","meta":{"_lmt_disableupdate":"no","_lmt_disable":"","pgc_sgb_lightbox_settings":""},"categories":[58],"tags":[],"post_folder":[59],"modified_by":"MINEDD","_links":{"self":[{"href":"https:\/\/did-dev.net\/mineddte\/wp-json\/wp\/v2\/posts\/5925"}],"collection":[{"href":"https:\/\/did-dev.net\/mineddte\/wp-json\/wp\/v2\/posts"}],"about":[{"href":"https:\/\/did-dev.net\/mineddte\/wp-json\/wp\/v2\/types\/post"}],"author":[{"embeddable":true,"href":"https:\/\/did-dev.net\/mineddte\/wp-json\/wp\/v2\/users\/1"}],"replies":[{"embeddable":true,"href":"https:\/\/did-dev.net\/mineddte\/wp-json\/wp\/v2\/comments?post=5925"}],"version-history":[{"count":1,"href":"https:\/\/did-dev.net\/mineddte\/wp-json\/wp\/v2\/posts\/5925\/revisions"}],"predecessor-version":[{"id":5928,"href":"https:\/\/did-dev.net\/mineddte\/wp-json\/wp\/v2\/posts\/5925\/revisions\/5928"}],"wp:featuredmedia":[{"embeddable":true,"href":"https:\/\/did-dev.net\/mineddte\/wp-json\/wp\/v2\/media\/5926"}],"wp:attachment":[{"href":"https:\/\/did-dev.net\/mineddte\/wp-json\/wp\/v2\/media?parent=5925"}],"wp:term":[{"taxonomy":"category","embeddable":true,"href":"https:\/\/did-dev.net\/mineddte\/wp-json\/wp\/v2\/categories?post=5925"},{"taxonomy":"post_tag","embeddable":true,"href":"https:\/\/did-dev.net\/mineddte\/wp-json\/wp\/v2\/tags?post=5925"},{"taxonomy":"post_folder","embeddable":true,"href":"https:\/\/did-dev.net\/mineddte\/wp-json\/wp\/v2\/post_folder?post=5925"}],"curies":[{"name":"wp","href":"https:\/\/api.w.org\/{rel}","templated":true}]}}