{"id":5924,"date":"2025-01-27T16:02:00","date_gmt":"2025-01-27T16:02:00","guid":{"rendered":"https:\/\/did-dev.net\/mineddte\/?p=5924"},"modified":"2025-02-03T15:24:50","modified_gmt":"2025-02-03T15:24:50","slug":"29eme-edition-des-reunions-du-fonds-carbone-fcpf-en-cote-divoire","status":"publish","type":"post","link":"https:\/\/did-dev.net\/mineddte\/29eme-edition-des-reunions-du-fonds-carbone-fcpf-en-cote-divoire\/","title":{"rendered":"29\u00e8me EDITION DES REUNIONS DU FONDS CARBONE (FCPF) EN C\u00d4TE D&#8217;IVOIRE"},"content":{"rendered":"<p style=\"text-align: justify;\"><span style=\"font-family: verdana, geneva, sans-serif;\">Le lundi 27 janvier 2025, la C\u00f4te d\u2019Ivoire a accueilli, la 29e \u00e9dition des r\u00e9unions du Fonds Carbone du Partenariat pour le Carbone Forestier (FCPF). Cet \u00e9v\u00e9nement majeur, organis\u00e9 en partenariat avec la Banque mondiale, se tient du 27 au 29 janvier 2025 \u00e0 l\u2019h\u00f4tel Radisson Blu \u00e0 Abidjan et sera couronn\u00e9 d\u2019une visite de terrain dans la r\u00e9gion de San-P\u00e9dro, le 30 janvier 2025.<\/span><\/p>\n<p style=\"text-align: justify;\"><span style=\"font-family: verdana, geneva, sans-serif;\">La c\u00e9r\u00e9monie d\u2019ouverture a rassembl\u00e9 des personnalit\u00e9s de haut niveau, notamment le Ministre ivoirien de l\u2019Environnement, du D\u00e9veloppement Durable et de la Transition \u00e9cologique, M. Assahor\u00e9 Konan Jacques, le Repr\u00e9sentant du Ministre des Finances et du Budget, M. Adama COULIBALY, ainsi que la Directrice des op\u00e9rations de la Banque mondiale pour la C\u00f4te d\u2019Ivoire, Mme Marie-Chantal UWANYILIGIRA. \u00c9taient \u00e9galement pr\u00e9sents des donateurs du Fonds Carbone, des observateurs des pays REDD+, des repr\u00e9sentants des Nations unies, du secteur priv\u00e9, de la soci\u00e9t\u00e9 civile et des organisations de peuples autochtones.<\/span><\/p>\n<p style=\"text-align: justify;\"><span style=\"font-family: verdana, geneva, sans-serif;\">Un des \u00e9l\u00e9ments d\u2019attention de ces r\u00e9unions : le Programme de R\u00e9duction des \u00c9missions (PRE), un projet ambitieux de 50 millions de dollars visant \u00e0 restaurer les for\u00eats ivoiriennes et \u00e0 promouvoir des pratiques agricoles durables dans les r\u00e9gions du sud-ouest, notamment autour du Parc National de Ta\u00ef.<\/span><\/p>\n<p style=\"text-align: justify;\"><span style=\"font-family: verdana, geneva, sans-serif;\">Gr\u00e2ce au PRE, la C\u00f4te d\u2019Ivoire a d\u00e9j\u00e0 r\u00e9ussi \u00e0 r\u00e9duire environ 7 millions de tonnes de CO2 entre 2020 et 2021, et pr\u00e9voit d\u2019atteindre une r\u00e9duction cumulative de 13 millions de tonnes d\u2019ici 2024, d\u00e9passant les objectifs fix\u00e9s.<\/span><\/p>\n<p style=\"text-align: justify;\"><span style=\"font-family: verdana, geneva, sans-serif;\">\u00c0 travers le m\u00e9canisme des paiements carbone, 508 b\u00e9n\u00e9ficiaires directs ont d\u00e9j\u00e0 re\u00e7u 60 millions de FCFA, tandis que 12 b\u00e9n\u00e9ficiaires indirects ont per\u00e7u 5 milliards de FCFA. \u00c0 terme, ce sont plus de 100 000 b\u00e9n\u00e9ficiaires qui partageront 12,5 milliards de FCFA, renfor\u00e7ant ainsi l\u2019\u00e9conomie locale et les pratiques durables.<\/span><\/p>\n<p style=\"text-align: justify;\"><span style=\"font-family: verdana, geneva, sans-serif;\">Dans son discours, le Ministre de l\u2019Environnement, Monsieur ASSAHORE, a r\u00e9affirm\u00e9 l\u2019engagement de la C\u00f4te d\u2019Ivoire dans la lutte contre la d\u00e9forestation tout en saluant la collaboration des partenaires internationaux, \u00e0 l\u2019image de la Banque mondiale, dont la Directrice des Op\u00e9rations, Mme Marie-Chantal Uwanyiligira, a soulign\u00e9 :<\/span><\/p>\n<p style=\"text-align: justify;\"><span style=\"font-family: verdana, geneva, sans-serif;\">\u00ab Prot\u00e9ger les for\u00eats peut g\u00e9n\u00e9rer des financements cons\u00e9quents pour des pays comme la C\u00f4te d\u2019Ivoire. \u00bb<\/span><\/p>\n<p style=\"text-align: justify;\"><span style=\"font-family: verdana, geneva, sans-serif;\">Le FCPF continue de d\u00e9montrer que des partenariats mondiaux solides et des m\u00e9canismes financiers innovants peuvent jouer un r\u00f4le d\u00e9cisif dans la lutte contre le changement climatique et la promotion du d\u00e9veloppement durable.<\/span><\/p>\n","protected":false},"excerpt":{"rendered":"<p>Le lundi 27 janvier 2025, la C\u00f4te d\u2019Ivoire a accueilli, la 29e \u00e9dition des r\u00e9unions du Fonds Carbone du Partenariat pour le Carbone Forestier (FCPF). Cet \u00e9v\u00e9nement majeur, organis\u00e9 en [&hellip;]<\/p>\n","protected":false},"author":1,"featured_media":5927,"comment_status":"closed","ping_status":"closed","sticky":false,"template":"","format":"standard","meta":{"_lmt_disableupdate":"no","_lmt_disable":"","pgc_sgb_lightbox_settings":""},"categories":[58],"tags":[],"post_folder":[59],"modified_by":"MINEDD","_links":{"self":[{"href":"https:\/\/did-dev.net\/mineddte\/wp-json\/wp\/v2\/posts\/5924"}],"collection":[{"href":"https:\/\/did-dev.net\/mineddte\/wp-json\/wp\/v2\/posts"}],"about":[{"href":"https:\/\/did-dev.net\/mineddte\/wp-json\/wp\/v2\/types\/post"}],"author":[{"embeddable":true,"href":"https:\/\/did-dev.net\/mineddte\/wp-json\/wp\/v2\/users\/1"}],"replies":[{"embeddable":true,"href":"https:\/\/did-dev.net\/mineddte\/wp-json\/wp\/v2\/comments?post=5924"}],"version-history":[{"count":2,"href":"https:\/\/did-dev.net\/mineddte\/wp-json\/wp\/v2\/posts\/5924\/revisions"}],"predecessor-version":[{"id":5937,"href":"https:\/\/did-dev.net\/mineddte\/wp-json\/wp\/v2\/posts\/5924\/revisions\/5937"}],"wp:featuredmedia":[{"embeddable":true,"href":"https:\/\/did-dev.net\/mineddte\/wp-json\/wp\/v2\/media\/5927"}],"wp:attachment":[{"href":"https:\/\/did-dev.net\/mineddte\/wp-json\/wp\/v2\/media?parent=5924"}],"wp:term":[{"taxonomy":"category","embeddable":true,"href":"https:\/\/did-dev.net\/mineddte\/wp-json\/wp\/v2\/categories?post=5924"},{"taxonomy":"post_tag","embeddable":true,"href":"https:\/\/did-dev.net\/mineddte\/wp-json\/wp\/v2\/tags?post=5924"},{"taxonomy":"post_folder","embeddable":true,"href":"https:\/\/did-dev.net\/mineddte\/wp-json\/wp\/v2\/post_folder?post=5924"}],"curies":[{"name":"wp","href":"https:\/\/api.w.org\/{rel}","templated":true}]}}