{"id":5912,"date":"2025-01-21T15:49:30","date_gmt":"2025-01-21T15:49:30","guid":{"rendered":"https:\/\/did-dev.net\/mineddte\/?p=5912"},"modified":"2025-01-29T15:52:32","modified_gmt":"2025-01-29T15:52:32","slug":"changement-climatique-la-cote-divoire-marque-un-grand-pas-vers-la-gouvernance-du-marche-carbone","status":"publish","type":"post","link":"https:\/\/did-dev.net\/mineddte\/changement-climatique-la-cote-divoire-marque-un-grand-pas-vers-la-gouvernance-du-marche-carbone\/","title":{"rendered":"CHANGEMENT CLIMATIQUE : LA COTE D\u2019IVOIRE MARQUE UN GRAND PAS VERS LA GOUVERNANCE DU MARCHE CARBONE"},"content":{"rendered":"<p style=\"text-align: justify;\"><span style=\"font-family: verdana, geneva, sans-serif;\">Le Ministre de l&#8217;Environnement, du D\u00e9veloppement Durable et de la Transition \u00c9cologique, Monsieur Assahor\u00e9 Konan Jacques, a officiellement lanc\u00e9 les activit\u00e9s du Bureau March\u00e9 Carbone de C\u00f4te d&#8217;Ivoire, le mardi21 janvier 2025, \u00e0Abidjan.<\/span><\/p>\n<p style=\"text-align: justify;\"><span style=\"font-family: verdana, geneva, sans-serif;\">La c\u00e9r\u00e9monie a eu lieu en pr\u00e9sence de nombreux invit\u00e9s issus des minist\u00e8res, des partenaires techniques et financiers, ainsi que de la soci\u00e9t\u00e9 civile.<\/span><\/p>\n<p style=\"text-align: justify;\"><span style=\"font-family: verdana, geneva, sans-serif;\">Cr\u00e9\u00e9 le 1er ao\u00fbt 2024 par d\u00e9cret N\u00b0 2024-658, le Bureau du March\u00e9 Carbone a \u00e9t\u00e9 institu\u00e9 pour renforcer la lutte contre les changements climatiques en C\u00f4te d&#8217;Ivoire. Ce bureau constitue le guichet unique de participation aux m\u00e9canismes de march\u00e9 et de non-march\u00e9 carbone dans le pays.<\/span><\/p>\n<p style=\"text-align: justify;\"><span style=\"font-family: verdana, geneva, sans-serif;\">Dans son allocution, le Ministre ASSAHORE Konan Jacques a indiqu\u00e9 que cette c\u00e9r\u00e9monie marque un pas important dans la poursuite des ambitions climatiques et de d\u00e9veloppement durable de notre pays. <\/span><span style=\"font-family: verdana, geneva, sans-serif;\">\u00ab Cela traduit notre ferme volont\u00e9 de contribuer \u00e0 l&#8217;effort mondial de r\u00e9duction des \u00e9missions de gaz \u00e0 effet de serre \u00bb, a-t-il d\u00e9clar\u00e9.<\/span><\/p>\n<p style=\"text-align: justify;\"><span style=\"font-family: verdana, geneva, sans-serif;\">Il a ajout\u00e9 que le Bureau March\u00e9 Carbone est bien plus qu&#8217;une institution strat\u00e9gique. \u00ab Cette structure offrira \u00e9galement un cadre institutionnel et juridique robuste pour garantir la transparence, la cr\u00e9dibilit\u00e9 et l&#8217;int\u00e9grit\u00e9 des projets d\u00e9velopp\u00e9s \u00bb, a-t-il ajout\u00e9.<\/span><\/p>\n<p style=\"text-align: justify;\"><span style=\"font-family: verdana, geneva, sans-serif;\">Le Ministre a conclu en rappelant que le succ\u00e8s de cette initiative d\u00e9pendra de la capacit\u00e9 collective du pays \u00e0 mobiliser les secteurs cl\u00e9s, encourager l&#8217;innovation et int\u00e9grer pleinement le m\u00e9canisme carbone dans les politiques publiques.<\/span><\/p>\n<p style=\"text-align: justify;\"><span style=\"font-family: verdana, geneva, sans-serif;\">C\u2019est dans ce cadre que Madame BLERTA Cela, repr\u00e9sentante pays du PNUD, a r\u00e9it\u00e9r\u00e9 l&#8217;engagement de son institution \u00e0 soutenir et accompagner le gouvernement ivoirien dans ses efforts.<\/span><\/p>\n<p style=\"text-align: justify;\"><span style=\"font-family: verdana, geneva, sans-serif;\">Pour sa part, madame Douayoua Rachelle, secr\u00e9taire technique du Bureau March\u00e9 Carbone a invit\u00e9 tous les acteurs nationaux et internationaux qui ont des id\u00e9es de projets \u00e0 s&#8217;adresser au bureau pour b\u00e9n\u00e9ficier d&#8217;un accompagnement afin que la C\u00f4te d\u2019Ivoire puisse respecter ses engagements pris au niveau international et r\u00e9duire le maximum de gaz \u00e0 effet de serre.<\/span><\/p>\n<p style=\"text-align: justify;\"><span style=\"font-family: verdana, geneva, sans-serif;\">Le Bureau March\u00e9 Carbone de C\u00f4te d&#8217;Ivoire compte deux organes principaux que sont le conseil de supervision et le secr\u00e9tariat technique. Le march\u00e9 du carbone est un m\u00e9canisme permettant l\u2019\u00e9change de droits d\u2019\u00e9mission de gaz \u00e0 effet de serre (GES).<\/span><\/p>\n","protected":false},"excerpt":{"rendered":"<p>Le Ministre de l&#8217;Environnement, du D\u00e9veloppement Durable et de la Transition \u00c9cologique, Monsieur Assahor\u00e9 Konan Jacques, a officiellement lanc\u00e9 les activit\u00e9s du Bureau March\u00e9 Carbone de C\u00f4te d&#8217;Ivoire, le mardi21 [&hellip;]<\/p>\n","protected":false},"author":1,"featured_media":5916,"comment_status":"closed","ping_status":"closed","sticky":false,"template":"","format":"standard","meta":{"_lmt_disableupdate":"no","_lmt_disable":"","pgc_sgb_lightbox_settings":""},"categories":[58],"tags":[],"post_folder":[59],"modified_by":"MINEDD","_links":{"self":[{"href":"https:\/\/did-dev.net\/mineddte\/wp-json\/wp\/v2\/posts\/5912"}],"collection":[{"href":"https:\/\/did-dev.net\/mineddte\/wp-json\/wp\/v2\/posts"}],"about":[{"href":"https:\/\/did-dev.net\/mineddte\/wp-json\/wp\/v2\/types\/post"}],"author":[{"embeddable":true,"href":"https:\/\/did-dev.net\/mineddte\/wp-json\/wp\/v2\/users\/1"}],"replies":[{"embeddable":true,"href":"https:\/\/did-dev.net\/mineddte\/wp-json\/wp\/v2\/comments?post=5912"}],"version-history":[{"count":1,"href":"https:\/\/did-dev.net\/mineddte\/wp-json\/wp\/v2\/posts\/5912\/revisions"}],"predecessor-version":[{"id":5917,"href":"https:\/\/did-dev.net\/mineddte\/wp-json\/wp\/v2\/posts\/5912\/revisions\/5917"}],"wp:featuredmedia":[{"embeddable":true,"href":"https:\/\/did-dev.net\/mineddte\/wp-json\/wp\/v2\/media\/5916"}],"wp:attachment":[{"href":"https:\/\/did-dev.net\/mineddte\/wp-json\/wp\/v2\/media?parent=5912"}],"wp:term":[{"taxonomy":"category","embeddable":true,"href":"https:\/\/did-dev.net\/mineddte\/wp-json\/wp\/v2\/categories?post=5912"},{"taxonomy":"post_tag","embeddable":true,"href":"https:\/\/did-dev.net\/mineddte\/wp-json\/wp\/v2\/tags?post=5912"},{"taxonomy":"post_folder","embeddable":true,"href":"https:\/\/did-dev.net\/mineddte\/wp-json\/wp\/v2\/post_folder?post=5912"}],"curies":[{"name":"wp","href":"https:\/\/api.w.org\/{rel}","templated":true}]}}