{"id":5911,"date":"2025-01-21T18:00:59","date_gmt":"2025-01-21T18:00:59","guid":{"rendered":"https:\/\/did-dev.net\/mineddte\/?p=5911"},"modified":"2025-01-29T15:52:53","modified_gmt":"2025-01-29T15:52:53","slug":"depollution-de-la-lagune-ebrie-la-cote-divoire-veut-sinspirer-du-modele-parisien","status":"publish","type":"post","link":"https:\/\/did-dev.net\/mineddte\/depollution-de-la-lagune-ebrie-la-cote-divoire-veut-sinspirer-du-modele-parisien\/","title":{"rendered":"DEPOLLUTION DE LA LAGUNE EBRIE\u00a0: LA COTE D\u2019IVOIRE VEUT S\u2019INSPIRER DU MODELE PARISIEN"},"content":{"rendered":"<p style=\"text-align: justify;\"><span style=\"font-family: verdana, geneva, sans-serif;\">Le 10 janvier dernier, le Premier Ministre, Chef du Gouvernement, Ministre des Sports et du Cadre de Vie, Monsieur Robert Beugr\u00e9 Mamb\u00e9, accompagn\u00e9 du Ministre de l\u2019Environnement, du D\u00e9veloppement Durable et de la Transition \u00c9cologique, a effectu\u00e9 une visite sur le plan d\u2019eau lagunaire d\u2019Abidjan. L\u2019objectif principal de cette visite \u00e9tait de r\u00e9\u00e9valuer l\u2019\u00e9tat de la pollution de la lagune Ebri\u00e9 et d\u2019\u00e9laborer des solutions durables pour sa d\u00e9pollution.<\/span><\/p>\n<p style=\"text-align: justify;\"><span style=\"font-family: verdana, geneva, sans-serif;\">Dans ce cadre, une d\u00e9l\u00e9gation de la mairie de Paris, sollicit\u00e9e par le Premier ministre ivoirien, a \u00e9t\u00e9 re\u00e7ue par Monsieur Assahor\u00e9 Konan Jacques, le mardi 21 janvier 2025, \u00e0 son cabinet, au Plateau.<\/span><\/p>\n<p style=\"text-align: justify;\"><span style=\"font-family: verdana, geneva, sans-serif;\">Cette rencontre visait \u00e0 partager l&#8217;exp\u00e9rience de Paris dans la r\u00e9habilitation de la Seine, un fleuve qui traverse la capitale fran\u00e7aise et qui s&#8217;est transform\u00e9 \u00e0 l&#8217;occasion des pr\u00e9paratifs des Jeux Olympiques et Paralympiques de 2024.<\/span><\/p>\n<p style=\"text-align: justify;\"><span style=\"font-family: verdana, geneva, sans-serif;\">La d\u00e9l\u00e9gation \u00e9tait conduite par M. Sanogo, Conseiller sp\u00e9cial du Premier Ministre ivoirien, et comprenait Pierre Rabadan, Adjoint \u00e0 la Maire de Paris en charge du sport, des Jeux de Paris et de la Seine.<\/span><\/p>\n<p style=\"text-align: justify;\"><span style=\"font-family: verdana, geneva, sans-serif;\">Fort de l\u2019exp\u00e9rience de la Ville de Paris dans la r\u00e9habilitation de la Seine, M. Rabadan a exprim\u00e9 son enthousiasme \u00e0 partager les pratiques et solutions ayant port\u00e9 leurs fruits en France. <\/span><span style=\"font-family: verdana, geneva, sans-serif;\">\u00ab Nous esp\u00e9rons pouvoir vous apporter un soutien, en toute humilit\u00e9, pour relever le d\u00e9fi de l\u2019assainissement de la lagune Ebri\u00e9 \u00bb, a-t-il indiqu\u00e9.<\/span><\/p>\n<p style=\"text-align: justify;\"><span style=\"font-family: verdana, geneva, sans-serif;\">Il faut savoir que la lagune Ebri\u00e9, en plus d\u2019\u00eatre un atout majeur pour la ville d\u2019Abidjan, est actuellement en proie \u00e0 de nombreux probl\u00e8mes environnementaux.<\/span><\/p>\n<p style=\"text-align: justify;\"><span style=\"font-family: verdana, geneva, sans-serif;\">Selon le Ministre Assahor\u00e9, plusieurs points d\u2019alerte ont \u00e9t\u00e9 identifi\u00e9s lors de la r\u00e9cente visite, notamment, l\u2019ensablement des exutoires des eaux pluviales et d\u2019assainissement, la transformation chimique de la lagune \u00e0 proximit\u00e9 des exutoires, l&#8217;envahissement du canal d&#8217;Anoumabo par les d\u00e9tritus, l\u2019extraction de sable dans certaines zones de la lagune, etc.<\/span><\/p>\n<p style=\"text-align: justify;\"><span style=\"font-family: verdana, geneva, sans-serif;\">\u00ab La lagune a besoin d\u2019un traitement de choc, mais ce n\u2019est pas qu\u2019une question technique. Il est essentiel de sensibiliser la population sur la n\u00e9cessit\u00e9 de pr\u00e9server ce pr\u00e9cieux \u00e9cosyst\u00e8me \u00bb, a-t-il pr\u00e9cis\u00e9.<\/span><\/p>\n","protected":false},"excerpt":{"rendered":"<p>Le 10 janvier dernier, le Premier Ministre, Chef du Gouvernement, Ministre des Sports et du Cadre de Vie, Monsieur Robert Beugr\u00e9 Mamb\u00e9, accompagn\u00e9 du Ministre de l\u2019Environnement, du D\u00e9veloppement Durable [&hellip;]<\/p>\n","protected":false},"author":1,"featured_media":5914,"comment_status":"closed","ping_status":"closed","sticky":false,"template":"","format":"standard","meta":{"_lmt_disableupdate":"no","_lmt_disable":"","pgc_sgb_lightbox_settings":""},"categories":[58],"tags":[],"post_folder":[59],"modified_by":"MINEDD","_links":{"self":[{"href":"https:\/\/did-dev.net\/mineddte\/wp-json\/wp\/v2\/posts\/5911"}],"collection":[{"href":"https:\/\/did-dev.net\/mineddte\/wp-json\/wp\/v2\/posts"}],"about":[{"href":"https:\/\/did-dev.net\/mineddte\/wp-json\/wp\/v2\/types\/post"}],"author":[{"embeddable":true,"href":"https:\/\/did-dev.net\/mineddte\/wp-json\/wp\/v2\/users\/1"}],"replies":[{"embeddable":true,"href":"https:\/\/did-dev.net\/mineddte\/wp-json\/wp\/v2\/comments?post=5911"}],"version-history":[{"count":1,"href":"https:\/\/did-dev.net\/mineddte\/wp-json\/wp\/v2\/posts\/5911\/revisions"}],"predecessor-version":[{"id":5918,"href":"https:\/\/did-dev.net\/mineddte\/wp-json\/wp\/v2\/posts\/5911\/revisions\/5918"}],"wp:featuredmedia":[{"embeddable":true,"href":"https:\/\/did-dev.net\/mineddte\/wp-json\/wp\/v2\/media\/5914"}],"wp:attachment":[{"href":"https:\/\/did-dev.net\/mineddte\/wp-json\/wp\/v2\/media?parent=5911"}],"wp:term":[{"taxonomy":"category","embeddable":true,"href":"https:\/\/did-dev.net\/mineddte\/wp-json\/wp\/v2\/categories?post=5911"},{"taxonomy":"post_tag","embeddable":true,"href":"https:\/\/did-dev.net\/mineddte\/wp-json\/wp\/v2\/tags?post=5911"},{"taxonomy":"post_folder","embeddable":true,"href":"https:\/\/did-dev.net\/mineddte\/wp-json\/wp\/v2\/post_folder?post=5911"}],"curies":[{"name":"wp","href":"https:\/\/api.w.org\/{rel}","templated":true}]}}