{"id":5910,"date":"2025-01-21T22:22:31","date_gmt":"2025-01-21T22:22:31","guid":{"rendered":"https:\/\/did-dev.net\/mineddte\/?p=5910"},"modified":"2025-02-03T15:24:10","modified_gmt":"2025-02-03T15:24:10","slug":"environnement-le-ministre-assahore-konan-jacques-en-visite-dinspection-dans-la-zone-industrielle-de-pk-27-et-pk-39","status":"publish","type":"post","link":"https:\/\/did-dev.net\/mineddte\/environnement-le-ministre-assahore-konan-jacques-en-visite-dinspection-dans-la-zone-industrielle-de-pk-27-et-pk-39\/","title":{"rendered":"ENVIRONNEMENT : LE MINISTRE ASSAHORE KONAN JACQUES EN VISITE D&#8217;INSPECTION DANS LA ZONE INDUSTRIELLE DE PK 27 ET PK 39"},"content":{"rendered":"<p style=\"text-align: justify;\"><span style=\"font-family: verdana, geneva, sans-serif;\">Le Ministre de l&#8217;Environnement, du D\u00e9veloppement Durable et de la Transition \u00c9cologique, Monsieur Assahor\u00e9 Konan Jacques, a concr\u00e9tis\u00e9 21 janvier 2025, sa vision : <em><strong>\u00ab 2025, Ann\u00e9e du renforcement de la conformit\u00e9 environnementale et de la promotion de l\u2019\u00e9cocitoyennet\u00e9 \u00bb.<\/strong><\/em><\/span><\/p>\n<p style=\"text-align: justify;\"><span style=\"font-family: verdana, geneva, sans-serif;\">Pour marquer cette initiative, il s&#8217;est rendu sur les sites de deux entreprises situ\u00e9es aux PK 27 et PK 39, le long de l&#8217;autoroute du nord d&#8217;Abidjan.<\/span><\/p>\n<p style=\"text-align: justify;\"><span style=\"font-family: verdana, geneva, sans-serif;\">Il s\u2019agit de la nouvelle plateforme de traitement et de revalorisation des d\u00e9chets de construction du CMR GRANIT et de la cimenterie LIMAK AFRICA.<\/span><\/p>\n<p style=\"text-align: justify;\"><span style=\"font-family: verdana, geneva, sans-serif;\">Cette visite d\u2019immersion a \u00e9t\u00e9 l\u2019occasion pour le Ministre de souligner l&#8217;attachement du Gouvernement au respect de la r\u00e9glementation ivoirienne en mati\u00e8re d&#8217;environnement et de sant\u00e9 humaine, mais surtout d\u2019exhorter chacune des entreprises \u00e0 s\u2019impr\u00e9gner des dispositions du nouveau Code de l\u2019environnement.<\/span><\/p>\n<p style=\"text-align: justify;\"><span style=\"font-family: verdana, geneva, sans-serif;\">\u00ab Je lance un appel \u00e0 tous les ivoiriens de ne pas jeter les gravats dans les rues. On peut leur donner une seconde vie \u00e0 travers cette plateforme. Ainsi, agissons de mani\u00e8re responsable pour pr\u00e9server les ressources naturelles en optimisant notre empreinte carbone \u00bb a-t-il d\u00e9clar\u00e9 \u00e0 la plateforme CMR GRANIT qui traitera et revalorisera les d\u00e9chets de construction.<\/span><\/p>\n<p style=\"text-align: justify;\"><span style=\"font-family: verdana, geneva, sans-serif;\">Inaugur\u00e9e le 15 janvier 2025, cette plateforme s\u2019inscrit dans le cadre du projet KORYL\u00c9, soutenu par le Fonds d\u2019Etudes et d\u2019Aide au Secteur Priv\u00e9 (FASEP) de la R\u00e9publique fran\u00e7aise. Elle va permettre de traiter et recycler les d\u00e9chets issus des constructions qui pourront \u00eatre revaloris\u00e9s en sous couche routi\u00e8re, en voirie et \u00e9galement redevenir une mati\u00e8re premi\u00e8re comme du sable ou des granulats utilis\u00e9s pour la formulation de b\u00e9ton.<\/span><\/p>\n<p style=\"text-align: justify;\"><span style=\"font-family: verdana, geneva, sans-serif;\">A la soci\u00e9t\u00e9 LIMAK AFRICA, structure sp\u00e9cialis\u00e9e dans la fabrication de ciment et b\u00e9ton pr\u00eat \u00e0 l\u2019emploi, le Ministre Assahor\u00e9 Konan Jacques a adress\u00e9 ses f\u00e9licitations pour leur classement: \u00ab 2\u00e8me du Prix Nationale d\u2019Excellence de l\u2019Entreprise Ecocitoyenne \u00e9dition 2024\u00a0\u00bb.<\/span><\/p>\n<p style=\"text-align: justify;\"><span style=\"font-family: verdana, geneva, sans-serif;\">\u00ab\u00a0Ce prix t\u00e9moigne votre engagement en faveur de la protection de l\u2019environnement. J&#8217;ai cru qu&#8217;on ne pouvait pas faire de ciment sans polluer. Je viens de me rendre compte qu&#8217;on peut le faire sans polluer en prenant toutes les dispositions techniques n\u00e9cessaires pour respecter l&#8217;environnement. Je voudrais vous en f\u00e9liciter et vous exhorter \u00e0 continuer ainsi.\u00a0\u00bb, a-t-il indiqu\u00e9.<\/span><\/p>\n<p style=\"text-align: justify;\"><span style=\"font-family: verdana, geneva, sans-serif;\">Cette ann\u00e9e, le Minist\u00e8re envisage multiplier sur toute l\u2019\u00e9tendue du territoire national, ce type de visite d\u2019entreprises. L\u2019objectif vis\u00e9 est d\u2019encourager chaque acteur \u00e0 la conformit\u00e9 environnementale \u00e0 travers leur propre politique de d\u00e9veloppement.<\/span><\/p>\n","protected":false},"excerpt":{"rendered":"<p>Le Ministre de l&#8217;Environnement, du D\u00e9veloppement Durable et de la Transition \u00c9cologique, Monsieur Assahor\u00e9 Konan Jacques, a concr\u00e9tis\u00e9 21 janvier 2025, sa vision : \u00ab 2025, Ann\u00e9e du renforcement de [&hellip;]<\/p>\n","protected":false},"author":1,"featured_media":5915,"comment_status":"closed","ping_status":"closed","sticky":false,"template":"","format":"standard","meta":{"_lmt_disableupdate":"no","_lmt_disable":"","pgc_sgb_lightbox_settings":""},"categories":[58],"tags":[],"post_folder":[59],"modified_by":"MINEDD","_links":{"self":[{"href":"https:\/\/did-dev.net\/mineddte\/wp-json\/wp\/v2\/posts\/5910"}],"collection":[{"href":"https:\/\/did-dev.net\/mineddte\/wp-json\/wp\/v2\/posts"}],"about":[{"href":"https:\/\/did-dev.net\/mineddte\/wp-json\/wp\/v2\/types\/post"}],"author":[{"embeddable":true,"href":"https:\/\/did-dev.net\/mineddte\/wp-json\/wp\/v2\/users\/1"}],"replies":[{"embeddable":true,"href":"https:\/\/did-dev.net\/mineddte\/wp-json\/wp\/v2\/comments?post=5910"}],"version-history":[{"count":2,"href":"https:\/\/did-dev.net\/mineddte\/wp-json\/wp\/v2\/posts\/5910\/revisions"}],"predecessor-version":[{"id":5936,"href":"https:\/\/did-dev.net\/mineddte\/wp-json\/wp\/v2\/posts\/5910\/revisions\/5936"}],"wp:featuredmedia":[{"embeddable":true,"href":"https:\/\/did-dev.net\/mineddte\/wp-json\/wp\/v2\/media\/5915"}],"wp:attachment":[{"href":"https:\/\/did-dev.net\/mineddte\/wp-json\/wp\/v2\/media?parent=5910"}],"wp:term":[{"taxonomy":"category","embeddable":true,"href":"https:\/\/did-dev.net\/mineddte\/wp-json\/wp\/v2\/categories?post=5910"},{"taxonomy":"post_tag","embeddable":true,"href":"https:\/\/did-dev.net\/mineddte\/wp-json\/wp\/v2\/tags?post=5910"},{"taxonomy":"post_folder","embeddable":true,"href":"https:\/\/did-dev.net\/mineddte\/wp-json\/wp\/v2\/post_folder?post=5910"}],"curies":[{"name":"wp","href":"https:\/\/api.w.org\/{rel}","templated":true}]}}