{"id":5906,"date":"2025-01-20T00:01:17","date_gmt":"2025-01-20T00:01:17","guid":{"rendered":"https:\/\/did-dev.net\/mineddte\/?p=5906"},"modified":"2025-01-22T10:00:19","modified_gmt":"2025-01-22T10:00:19","slug":"avis-a-manifestation-dinteret-pour-le-compte-du-projet-de-gestion-de-dechets-medicaux-et-pharmaceutiques","status":"publish","type":"post","link":"https:\/\/did-dev.net\/mineddte\/avis-a-manifestation-dinteret-pour-le-compte-du-projet-de-gestion-de-dechets-medicaux-et-pharmaceutiques\/","title":{"rendered":"AVIS A MANIFESTATION D\u2019INTERET : POUR LE COMPTE DU PROJET DE GESTION DE DECHETS MEDICAUX ET PHARMACEUTIQUES"},"content":{"rendered":"<p>RECRUTEMENT D\u2019UNE FIRME POUR L\u2019ELABORATION D\u2019UNE NOTE CONCEPTUELLE DETAILLEE DE PROJET DE GESTION DE DECHETS MEDICAUX ET PHARMACEUTIQUES A SOUMETTRE AU FONDS VERT POUR LE CLIMAT ET LA FORMATION DE TRENTE (30) ACTEURS NATIONAUX SUR LA FORMULATION DE PROJET CLIMAT<\/p>\n<ol>\n<li>Le Gouvernement de la R\u00e9publique de C\u00f4te d\u2019Ivoire, repr\u00e9sent\u00e9 par le Minist\u00e8re de l\u2019Environnement, du D\u00e9veloppement Durable et de la Transition \u00c9cologique (MINEDDTE), a re\u00e7u un don du Fonds pour les Changements Climatiques en Afrique (FCCA) administr\u00e9 par la Banque Africaine de D\u00e9veloppement (BAD), d\u2019un montant de 277 300 USD affect\u00e9 au projet de pr\u00e9paration de la C\u00f4te d\u2019Ivoire \u00e0 la d\u00e9carbonisation de la gestion des D\u00e9chets solides, M\u00e9dicaux et Pharmaceutiques (DMP) pour l\u2019atteinte des objectifs d\u2019att\u00e9nuation conform\u00e9ment aux Contributions D\u00e9termin\u00e9es Nationale (CDN) et \u00e0 l\u2019objectif 2050 de l\u2019accord de Paris. Le projet a l\u2019intention d\u2019utiliser une partie de ces fonds pour effectuer les paiements autoris\u00e9s au titre du contrat pour le<strong> \u00ab recrutement d\u2019une firme pour l\u2019\u00e9laboration d\u2019une note conceptuelle de projet bien d\u00e9taill\u00e9e de gestion des D\u00e9chets M\u00e9dicaux et Pharmaceutiques \u00e0 soumettre au Fonds vert pour le climat et la formation de trente (30) acteurs nationaux sur la formulation de projet climat \u00bb.<\/strong><\/li>\n<li>L\u2019objectif de cet AMI est de recruter une firme, qui aura la responsabilit\u00e9 de former 30 acteurs nationaux et mobiliser des ressources aupr\u00e8s du Fonds Vert pour le Climat \u00e0 travers l\u2019\u00e9laboration d\u2019une note conceptuelle de projet de gestion des D\u00e9chets M\u00e9dicaux et Pharmaceutiques.<\/li>\n<li><strong>Les services pr\u00e9vus au titre de ce contrat sont les suivants<\/strong> :<\/li>\n<\/ol>\n<ul>\n<li>\u00c9laborer la note conceptuelle de projet en utilisant le canevas du Fonds Vert pour le Climat (FVC) avec toutes les annexes requises (prendre en compte les notions de la th\u00e9orie du changement et du genre etc.) et s\u2019assurer que les indicateurs du cadre logique r\u00e9pondent pleinement au cadre d&#8217;indicateurs du FVC ;<\/li>\n<li>\u00c9laborer un document de requ\u00eate de fonds de pr\u00e9paration (PPF) en utilisant les mod\u00e8les du FVC avec toutes les annexes requises ;<\/li>\n<li>Dispenser une formation structur\u00e9e en diff\u00e9rents modules pour les trente (30) acteurs qui accompagneront la firme dans le processus de formulation de la note conceptuelle \u00e0 soumettre au FVC ;<\/li>\n<li>Participer et animer les ateliers de formation et de validation de la note conceptuelle.<\/li>\n<\/ul>\n<ol start=\"4\">\n<li>Le Minist\u00e8re de l\u2019Environnement, du D\u00e9veloppement Durable et de la Transition \u00c9cologique (MINEDDTE) \u00e0 travers le Programme National Changements climatiques (PNCC), invite les Consultants (Firmes) \u00e0 pr\u00e9senter leur candidature en vue de fournir les services d\u00e9crits ci-dessus. Les consultants (Firmes) int\u00e9ress\u00e9s doivent produire les informations sur leur capacit\u00e9 et exp\u00e9rience d\u00e9montrant qu\u2019ils sont qualifi\u00e9s pour les prestations dans le cadre de projet en lien avec les changements climatiques notamment par la production des brochures de pr\u00e9sentation du cabinet, les r\u00e9f\u00e9rences concernant l\u2019ex\u00e9cution de missions similaires (ann\u00e9es de r\u00e9alisation, co\u00fbts, clients et adresse\/t\u00e9l\u00e9phone etc.).<\/li>\n<\/ol>\n<p><strong>A ce titre, ils justifieront qu\u2019ils poss\u00e8dent des r\u00e9f\u00e9rences de prestations r\u00e9centes et similaires en fournissant les fiches projet accompagn\u00e9es des attestations de bonne ex\u00e9cution.<\/strong><\/p>\n<p>Les consultants peuvent se mettre en association pour augmenter leurs chances de qualification, auquel cas, la manifestation d\u2019int\u00e9r\u00eat doit inclure une copie de l\u2019accord de groupement conclu par l\u2019ensemble de ses membres ou une lettre d\u2019intervention de constituer un groupement.<\/p>\n<ol start=\"5\">\n<li>Les crit\u00e8res d\u2019\u00e9ligibilit\u00e9, l\u2019\u00e9tablissement de la liste restreinte et la proc\u00e9dure de s\u00e9lection seront conformes au Cadre de passation des march\u00e9s des op\u00e9rations financ\u00e9es par le Groupe de la Banque Africaine de D\u00e9veloppement, \u00e9dition d\u2019octobre 2015, qui est disponible sur le site web de la Banque \u00e0 l\u2019adresse : <a href=\"http:\/\/www.afdb.org\">http:\/\/www.afdb.org<\/a> .<\/li>\n<\/ol>\n<p>Les Consultants (Firmes) seront class\u00e9s suivant leur qualification sur la base des r\u00e9f\u00e9rences fournies et jug\u00e9es acceptables.<br \/>\n6. La proc\u00e9dure de s\u00e9lection retenue sera la m\u00e9thode de S\u00e9lection Fond\u00e9e sur la Qualit\u00e9 et le Co\u00fbt (SFQC).<\/p>\n<ol start=\"7\">\n<li>La dur\u00e9e de la mission est de <strong>soixante (60) jours ouvrables<\/strong> y compris la p\u00e9riode de r\u00e9daction et de soumission de la note conceptuelle, \u00e0 compter de la date de signature du contrat.<\/li>\n<li>Les Consultants (Firmes) int\u00e9ress\u00e9s peuvent obtenir des informations suppl\u00e9mentaires \u00e0 l&#8217;adresse mentionn\u00e9e ci-dessous aux heures d\u2019ouverture de bureaux suivantes : <strong>du lundi au vendredi de 07 heures 30 minutes \u00e0 12 heures 30 minutes et de 13 heures 30 minutes \u00e0 16 heures 30 minutes (jours ouvrables et heure locale).<\/strong><\/li>\n<li>Les expressions d&#8217;int\u00e9r\u00eat doivent \u00eatre d\u00e9pos\u00e9es ou transmises par courriel, <strong>en trois (03) exemplaires dont un (01) original <\/strong>aux adresses mentionn\u00e9es ci-dessous au plus tard<strong> le lundi 10 f\u00e9vrier 2025 \u00e0 10 heures 00 minute (heure locale).<\/strong> Elles devront porter express\u00e9ment la mention <strong>\u00ab Recrutement d\u2019une firme pour l\u2019\u00e9laboration d\u2019une note conceptuelle de projet bien d\u00e9taill\u00e9e de gestion des<br \/>\nD\u00e9chets M\u00e9dicaux et Pharmaceutiques \u00e0 soumettre au Fonds Vert pour le Climat et la formation de trente (30) acteurs nationaux sur la formulation de projet climat \u00bb<\/strong>, et <em><u>\u00eatre soumises en FRAN\u00c7AIS<\/u><\/em>, \u00e0 :<\/li>\n<\/ol>\n<p><strong>Unit\u00e9 de Gestion du Programme National Changements Climatiques (UG-PNCC)<\/strong><\/p>\n<p><strong>\u00c0 l&#8217;attention de Madame la Coordonnatrice du Projet DMP sis \u00e0 Abidjan, Riviera Palmeraie, cit\u00e9 du bonheur non loin de la SODECI<\/strong><\/p>\n<p><strong>Tel : +225 27 20 22 69 09 \/ +225 07 59 50 11 19 \/ +225 07 09 49 52 97<br \/>\nE-mail : <a href=\"mailto:leaticiaamon12@gmail.com\">leaticiaamon12@gmail.com<\/a>\u00a0et <a href=\"mailto:projetdmp2023@gmail.com\">projetdmp2023@gmail.com<\/a> et<br \/>\n<a href=\"mailto:civ.climate@gmail.com\">civ.climate@gmail.com<\/a><\/strong><\/p>\n<p>Il est \u00e0 noter que l\u2019int\u00e9r\u00eat manifest\u00e9 par un Consultant (Firme) n\u2019implique aucune obligation de la part de la Banque de l\u2019inclure sur la liste restreinte.<\/p>\n","protected":false},"excerpt":{"rendered":"<p>RECRUTEMENT D\u2019UNE FIRME POUR L\u2019ELABORATION D\u2019UNE NOTE CONCEPTUELLE DETAILLEE DE PROJET DE GESTION DE DECHETS MEDICAUX ET PHARMACEUTIQUES A SOUMETTRE AU FONDS VERT POUR LE CLIMAT ET LA FORMATION DE [&hellip;]<\/p>\n","protected":false},"author":1,"featured_media":5907,"comment_status":"closed","ping_status":"closed","sticky":false,"template":"","format":"standard","meta":{"_lmt_disableupdate":"no","_lmt_disable":"","pgc_sgb_lightbox_settings":""},"categories":[58],"tags":[],"post_folder":[59],"modified_by":"MINEDD","_links":{"self":[{"href":"https:\/\/did-dev.net\/mineddte\/wp-json\/wp\/v2\/posts\/5906"}],"collection":[{"href":"https:\/\/did-dev.net\/mineddte\/wp-json\/wp\/v2\/posts"}],"about":[{"href":"https:\/\/did-dev.net\/mineddte\/wp-json\/wp\/v2\/types\/post"}],"author":[{"embeddable":true,"href":"https:\/\/did-dev.net\/mineddte\/wp-json\/wp\/v2\/users\/1"}],"replies":[{"embeddable":true,"href":"https:\/\/did-dev.net\/mineddte\/wp-json\/wp\/v2\/comments?post=5906"}],"version-history":[{"count":1,"href":"https:\/\/did-dev.net\/mineddte\/wp-json\/wp\/v2\/posts\/5906\/revisions"}],"predecessor-version":[{"id":5908,"href":"https:\/\/did-dev.net\/mineddte\/wp-json\/wp\/v2\/posts\/5906\/revisions\/5908"}],"wp:featuredmedia":[{"embeddable":true,"href":"https:\/\/did-dev.net\/mineddte\/wp-json\/wp\/v2\/media\/5907"}],"wp:attachment":[{"href":"https:\/\/did-dev.net\/mineddte\/wp-json\/wp\/v2\/media?parent=5906"}],"wp:term":[{"taxonomy":"category","embeddable":true,"href":"https:\/\/did-dev.net\/mineddte\/wp-json\/wp\/v2\/categories?post=5906"},{"taxonomy":"post_tag","embeddable":true,"href":"https:\/\/did-dev.net\/mineddte\/wp-json\/wp\/v2\/tags?post=5906"},{"taxonomy":"post_folder","embeddable":true,"href":"https:\/\/did-dev.net\/mineddte\/wp-json\/wp\/v2\/post_folder?post=5906"}],"curies":[{"name":"wp","href":"https:\/\/api.w.org\/{rel}","templated":true}]}}