{"id":5903,"date":"2025-01-15T19:47:04","date_gmt":"2025-01-15T19:47:04","guid":{"rendered":"https:\/\/did-dev.net\/mineddte\/?p=5903"},"modified":"2025-01-22T09:59:48","modified_gmt":"2025-01-22T09:59:48","slug":"environnement-dechets-de-construction-inauguration-dune-plateforme-de-traitement-et-de-valorisation","status":"publish","type":"post","link":"https:\/\/did-dev.net\/mineddte\/environnement-dechets-de-construction-inauguration-dune-plateforme-de-traitement-et-de-valorisation\/","title":{"rendered":"ENVIRONNEMENT \/ DECHETS DE CONSTRUCTION : INAUGURATION D\u2019UNE PLATEFORME DE TRAITEMENT ET DE VALORISATION"},"content":{"rendered":"<p style=\"text-align: justify;\"><span style=\"font-family: verdana, geneva, sans-serif;\">Monsieur Parfait Kouadio, Directeur de Cabinet du Ministre de l\u2019Environnement, du D\u00e9veloppement Durable et de la Transition Ecologique, a proc\u00e9d\u00e9 \u00e0 l\u2019inauguration de la premi\u00e8re plateforme de traitement et de valorisation des d\u00e9chets de construction en C\u00f4te d\u2019Ivoire du projet K\u00d4RYL\u00c9, le mercredi 15 janvier 2025, sur le site de CMR GRANIT \u00e0 PK 39, Abidjan.<\/span><\/p>\n<p style=\"text-align: justify;\"><span style=\"font-family: verdana, geneva, sans-serif;\">C\u2019\u00e9tait au cours d\u2019une c\u00e9r\u00e9monie qui a r\u00e9uni le corps pr\u00e9fectoral de Songon, les chefs coutumiers de BAGO, les repr\u00e9sentants des diff\u00e9rents Minist\u00e8res, structures et organisations impliqu\u00e9es dans le projet, la repr\u00e9sentante de l\u2019Ambassade de France, les partenaires techniques et financiers.<\/span><\/p>\n<p style=\"text-align: justify;\"><span style=\"font-family: verdana, geneva, sans-serif;\">Le projet KORYL\u00c9 est un projet d\u2019\u00e9conomie circulaire autour des d\u00e9chets de gravats et d\u2019amiante en C\u00f4te d\u2019Ivoire. Initi\u00e9 par Bouygues B\u00e2timent International avec les soci\u00e9t\u00e9s N\u00e9o-\u00e9co, Valame et Backacia, le projet vise \u00e0 revaloriser les d\u00e9chets en mat\u00e9riaux de construction.<\/span><\/p>\n<p style=\"text-align: justify;\"><span style=\"font-family: verdana, geneva, sans-serif;\">Le Directeur de Cabinet a rappel\u00e9 le d\u00e9fi majeur auquel l\u2019environnement est confront\u00e9 dans le secteur du BTP.<\/span><\/p>\n<p style=\"text-align: justify;\"><span style=\"font-family: verdana, geneva, sans-serif;\">\u00ab Ces derni\u00e8res ann\u00e9es, du fait de la croissance \u00e9conomique soutenue de la C\u00f4te d\u2019Ivoire, les b\u00e2timents poussent comme des champignons avec des quantit\u00e9s \u00e9normes de production de d\u00e9chets de gravats encombrants et non valoris\u00e9s qui engendrent des d\u00e9p\u00f4ts de d\u00e9chets sauvages dans nos rues.\u00bb, a-t-il indiqu\u00e9.<\/span><\/p>\n<p style=\"text-align: justify;\"><span style=\"font-family: verdana, geneva, sans-serif;\">Selon le repr\u00e9sentant du Ministre de l\u2019Environnement, du D\u00e9veloppement Durable et de la Transition Ecologique, cette plateforme ouvre la voie \u00e0 la valorisation des d\u00e9chets de construction, car elle r\u00e9pond \u00e0 un r\u00e9el besoin de durabilit\u00e9.<\/span><\/p>\n<p style=\"text-align: justify;\"><span style=\"font-family: verdana, geneva, sans-serif;\">Il a conclu en r\u00e9it\u00e9rant ses remerciements aux partenaires au d\u00e9veloppement, notamment BACKASIA, NEO-ECO DEVELOPPEMENT, VALAME, BOUYGUES BATIMENT INTERNATIONAL, CMR GRANIT et toutes les parties prenantes ayant contribu\u00e9es \u00e0 la r\u00e9alisation de ladite plateforme.<\/span><\/p>\n<p style=\"text-align: justify;\"><span style=\"font-family: verdana, geneva, sans-serif;\">Pour Mme Maude Soubeiran du projet KORYL\u00c9, les mat\u00e9riaux trait\u00e9s et recycl\u00e9s par la plateforme pourraient \u00eatre revaloris\u00e9s en sous couche routi\u00e8re et en voirie et \u00e9galement redevenir une mati\u00e8re premi\u00e8re comme du sable ou des granulats, utilis\u00e9s pour la formulation de b\u00e9ton.<\/span><\/p>\n<p style=\"text-align: justify;\"><span style=\"font-family: verdana, geneva, sans-serif;\">Notons que cette plateforme de recyclage de d\u00e9chets b\u00e9ton en granulats pour b\u00e9ton est la toute premi\u00e8re du genre en Afrique de l&#8217;Ouest. A termes, ce projet va permettre le transfert de connaissances ; la cr\u00e9ation d\u2019\u00e9co-mat\u00e9riaux \u00e9conomiques performants ; la cr\u00e9ation d\u2019emplois et support \u00e0 l\u2019industrie locale, et la r\u00e9duction des d\u00e9p\u00f4ts sauvages et des \u00e9missions de CO\u00b2.<\/span><\/p>\n","protected":false},"excerpt":{"rendered":"<p>Monsieur Parfait Kouadio, Directeur de Cabinet du Ministre de l\u2019Environnement, du D\u00e9veloppement Durable et de la Transition Ecologique, a proc\u00e9d\u00e9 \u00e0 l\u2019inauguration de la premi\u00e8re plateforme de traitement et de [&hellip;]<\/p>\n","protected":false},"author":1,"featured_media":5904,"comment_status":"closed","ping_status":"closed","sticky":false,"template":"","format":"standard","meta":{"_lmt_disableupdate":"no","_lmt_disable":"","pgc_sgb_lightbox_settings":""},"categories":[58],"tags":[],"post_folder":[59],"modified_by":"MINEDD","_links":{"self":[{"href":"https:\/\/did-dev.net\/mineddte\/wp-json\/wp\/v2\/posts\/5903"}],"collection":[{"href":"https:\/\/did-dev.net\/mineddte\/wp-json\/wp\/v2\/posts"}],"about":[{"href":"https:\/\/did-dev.net\/mineddte\/wp-json\/wp\/v2\/types\/post"}],"author":[{"embeddable":true,"href":"https:\/\/did-dev.net\/mineddte\/wp-json\/wp\/v2\/users\/1"}],"replies":[{"embeddable":true,"href":"https:\/\/did-dev.net\/mineddte\/wp-json\/wp\/v2\/comments?post=5903"}],"version-history":[{"count":1,"href":"https:\/\/did-dev.net\/mineddte\/wp-json\/wp\/v2\/posts\/5903\/revisions"}],"predecessor-version":[{"id":5905,"href":"https:\/\/did-dev.net\/mineddte\/wp-json\/wp\/v2\/posts\/5903\/revisions\/5905"}],"wp:featuredmedia":[{"embeddable":true,"href":"https:\/\/did-dev.net\/mineddte\/wp-json\/wp\/v2\/media\/5904"}],"wp:attachment":[{"href":"https:\/\/did-dev.net\/mineddte\/wp-json\/wp\/v2\/media?parent=5903"}],"wp:term":[{"taxonomy":"category","embeddable":true,"href":"https:\/\/did-dev.net\/mineddte\/wp-json\/wp\/v2\/categories?post=5903"},{"taxonomy":"post_tag","embeddable":true,"href":"https:\/\/did-dev.net\/mineddte\/wp-json\/wp\/v2\/tags?post=5903"},{"taxonomy":"post_folder","embeddable":true,"href":"https:\/\/did-dev.net\/mineddte\/wp-json\/wp\/v2\/post_folder?post=5903"}],"curies":[{"name":"wp","href":"https:\/\/api.w.org\/{rel}","templated":true}]}}