{"id":5900,"date":"2025-01-04T12:26:30","date_gmt":"2025-01-04T12:26:30","guid":{"rendered":"https:\/\/did-dev.net\/mineddte\/?p=5900"},"modified":"2025-01-22T09:59:28","modified_gmt":"2025-01-22T09:59:28","slug":"environnement-le-ministre-assahore-konan-jacques-remet-plusieurs-vehicules-aux-directions-regionales","status":"publish","type":"post","link":"https:\/\/did-dev.net\/mineddte\/environnement-le-ministre-assahore-konan-jacques-remet-plusieurs-vehicules-aux-directions-regionales\/","title":{"rendered":"ENVIRONNEMENT : LE MINISTRE ASSAHORE KONAN JACQUES REMET PLUSIEURS VEHICULES AUX DIRECTIONS REGIONALES"},"content":{"rendered":"<p style=\"text-align: justify;\"><span style=\"font-family: verdana, geneva, sans-serif;\">Le vendredi 03 janvier 2025, l&#8217;espace \u00e9cotouristique du Parc National de Banco a \u00e9t\u00e9 le th\u00e9\u00e2tre d&#8217;une c\u00e9r\u00e9monie marquante. Monsieur ASSAHORE Konan Jacques, Ministre de l\u2019Environnement, du D\u00e9veloppement Durable et de la Transition Ecologique, a officiellement remis plusieurs v\u00e9hicules aux Directions R\u00e9gionales de son Minist\u00e8re.<\/span><\/p>\n<p style=\"text-align: justify;\"><span style=\"font-family: verdana, geneva, sans-serif;\">Cette initiative s&#8217;inscrit dans le cadre du renforcement des capacit\u00e9s op\u00e9rationnelles, une priorit\u00e9 depuis son arriv\u00e9e \u00e0 la t\u00eate de ce d\u00e9partement minist\u00e9riel.<\/span><\/p>\n<p style=\"text-align: justify;\"><span style=\"font-family: verdana, geneva, sans-serif;\">Dans son intervention, le Ministre a d&#8217;abord exprim\u00e9 sa gratitude envers le Pr\u00e9sident de la R\u00e9publique pour son engagement ind\u00e9fectible en faveur de la protection de l\u2019environnement et du d\u00e9veloppement durable. Il a ensuite d\u00e9clar\u00e9 que 2025 serait l&#8217;ann\u00e9e du respect des normes environnementales.<\/span><\/p>\n<p style=\"text-align: justify;\"><span style=\"font-family: verdana, geneva, sans-serif;\">\u00ab Nous allons veiller \u00e0 ce que les entreprises et les op\u00e9rateurs \u00e9conomiques et tous ceux qui sont assujettis aux respects des normes environnementales respectent ces normes afin que la population vive dans un milieu sain \u00bb, a-t-il indiqu\u00e9.<\/span><\/p>\n<p style=\"text-align: justify;\"><span style=\"font-family: verdana, geneva, sans-serif;\">Pour conclure, il a exhort\u00e9 les Directeurs R\u00e9gionaux \u00e0 faire bon usage de ces v\u00e9hicules, soulignant que leur performance pourrait leur valoir d&#8217;autres avantages.<\/span><\/p>\n<p style=\"text-align: justify;\"><span style=\"font-family: verdana, geneva, sans-serif;\">Le porte-parole des b\u00e9n\u00e9ficiaires, Monsieur Yao Konan Th\u00e9odore, Directeur R\u00e9gional du B\u00e9r\u00e9, a exprim\u00e9 la reconnaissance de ses pairs envers le Ministre, qui a su redonner fiert\u00e9 et motivation aux Directeurs R\u00e9gionaux et \u00e0 l&#8217;ensemble des agents du Minist\u00e8re.<\/span><\/p>\n<p style=\"text-align: justify;\"><span style=\"font-family: verdana, geneva, sans-serif;\">\u00ab Cette c\u00e9r\u00e9monie rev\u00eat un caract\u00e8re particulier qui donne \u00e0 chacun d\u2019entre nous une vision claire de l\u2019excellence dans le travail, du don de soi et du m\u00e9rite attendu par Monsieur le Ministre \u00bb, a-t-il d\u00e9clar\u00e9.<\/span><\/p>\n<p style=\"text-align: justify;\"><span style=\"font-family: verdana, geneva, sans-serif;\">Ce sont 22 v\u00e9hicules de type 4&#215;4 qui ont \u00e9t\u00e9 remis sur un total de 40. Cette c\u00e9r\u00e9monie marque le d\u00e9but d&#8217;une s\u00e9rie de remises de v\u00e9hicules qui se poursuivra tout au long du mois.<\/span><\/p>\n","protected":false},"excerpt":{"rendered":"<p>Le vendredi 03 janvier 2025, l&#8217;espace \u00e9cotouristique du Parc National de Banco a \u00e9t\u00e9 le th\u00e9\u00e2tre d&#8217;une c\u00e9r\u00e9monie marquante. Monsieur ASSAHORE Konan Jacques, Ministre de l\u2019Environnement, du D\u00e9veloppement Durable et [&hellip;]<\/p>\n","protected":false},"author":1,"featured_media":5896,"comment_status":"closed","ping_status":"closed","sticky":false,"template":"","format":"standard","meta":{"_lmt_disableupdate":"no","_lmt_disable":"","pgc_sgb_lightbox_settings":""},"categories":[58],"tags":[],"post_folder":[59],"modified_by":"MINEDD","_links":{"self":[{"href":"https:\/\/did-dev.net\/mineddte\/wp-json\/wp\/v2\/posts\/5900"}],"collection":[{"href":"https:\/\/did-dev.net\/mineddte\/wp-json\/wp\/v2\/posts"}],"about":[{"href":"https:\/\/did-dev.net\/mineddte\/wp-json\/wp\/v2\/types\/post"}],"author":[{"embeddable":true,"href":"https:\/\/did-dev.net\/mineddte\/wp-json\/wp\/v2\/users\/1"}],"replies":[{"embeddable":true,"href":"https:\/\/did-dev.net\/mineddte\/wp-json\/wp\/v2\/comments?post=5900"}],"version-history":[{"count":1,"href":"https:\/\/did-dev.net\/mineddte\/wp-json\/wp\/v2\/posts\/5900\/revisions"}],"predecessor-version":[{"id":5901,"href":"https:\/\/did-dev.net\/mineddte\/wp-json\/wp\/v2\/posts\/5900\/revisions\/5901"}],"wp:featuredmedia":[{"embeddable":true,"href":"https:\/\/did-dev.net\/mineddte\/wp-json\/wp\/v2\/media\/5896"}],"wp:attachment":[{"href":"https:\/\/did-dev.net\/mineddte\/wp-json\/wp\/v2\/media?parent=5900"}],"wp:term":[{"taxonomy":"category","embeddable":true,"href":"https:\/\/did-dev.net\/mineddte\/wp-json\/wp\/v2\/categories?post=5900"},{"taxonomy":"post_tag","embeddable":true,"href":"https:\/\/did-dev.net\/mineddte\/wp-json\/wp\/v2\/tags?post=5900"},{"taxonomy":"post_folder","embeddable":true,"href":"https:\/\/did-dev.net\/mineddte\/wp-json\/wp\/v2\/post_folder?post=5900"}],"curies":[{"name":"wp","href":"https:\/\/api.w.org\/{rel}","templated":true}]}}