{"id":5892,"date":"2025-01-11T17:21:14","date_gmt":"2025-01-11T17:21:14","guid":{"rendered":"https:\/\/did-dev.net\/mineddte\/?p=5892"},"modified":"2025-01-22T09:58:53","modified_gmt":"2025-01-22T09:58:53","slug":"pollution-de-la-lagune-ebrie-le-chef-du-gouvernement-rassure-les-riverains","status":"publish","type":"post","link":"https:\/\/did-dev.net\/mineddte\/pollution-de-la-lagune-ebrie-le-chef-du-gouvernement-rassure-les-riverains\/","title":{"rendered":"POLLUTION DE LA LAGUNE EBRIE : LE CHEF DU GOUVERNEMENT RASSURE LES RIVERAINS"},"content":{"rendered":"<p style=\"text-align: justify;\"><span style=\"font-family: verdana, geneva, sans-serif;\">Le Premier Ministre, Ministre des Sports et du Cadre de Vie, Monsieur Robert Beugr\u00e9 Mamb\u00e9, accompagn\u00e9 du Ministre de l\u2019Environnement, du D\u00e9veloppement Durable et de la Transition \u00c9cologique, ont effectu\u00e9 une visite du plan d\u2019eau lagunaire d\u2019Abidjan, le vendredi 10 janvier 2025. Deuxi\u00e8me visite du genre, apr\u00e8s celle effectu\u00e9e en mai 2024. Elle visait \u00e0 r\u00e9examiner l\u2019\u00e9tat de la pollution de la lagune afin de proposer des solutions durables.<\/span><\/p>\n<p style=\"text-align: justify;\"><span style=\"font-family: verdana, geneva, sans-serif;\">Plusieurs points d\u2019alerte ont \u00e9t\u00e9 identifi\u00e9s au cours de la visite, notamment l\u2019ensablement des exutoires des eaux pluviales et d\u2019assainissement, la transformation chimique de la lagune \u00e0 proximit\u00e9 des exutoires, l&#8217;envahissement du canal d&#8217;Anoumabo par les d\u00e9tritus, l\u2019extraction de sable dans certaines zones de la lagune et l&#8217;identification des points d\u2019attaches des exutoires.<\/span><\/p>\n<p style=\"text-align: justify;\"><span style=\"font-family: verdana, geneva, sans-serif;\">Le chef du Gouvernement a situ\u00e9 les enjeux de la pollution de la lagune Ebri\u00e9. \u00ab Le v\u00e9ritable enjeu est de trouver les solutions qui vont nous conduire \u00e0 rendre \u00e0 la lagune toute sa noblesse du point de vue des activit\u00e9s ludiques et du point de vue de la pr\u00e9servation de la biodiversit\u00e9 dans le domaine de la faune et la flore aquatique avec les Minist\u00e8res techniques concern\u00e9s. \u00bb, a-t-il indiqu\u00e9.<\/span><\/p>\n<p style=\"text-align: justify;\"><span style=\"font-family: verdana, geneva, sans-serif;\">Quant aux solutions, le Premier Ministre rassure les populations. \u00ab Nous avons des r\u00e9ponses \u00e0 chaque point d\u2019alerte. Des \u00e9tudes ont \u00e9t\u00e9 d\u00e9j\u00e0 engag\u00e9es. Nous allons faire des r\u00e9unions de synth\u00e8se pour que rapidement la lagune soit rendue \u00e0 elle-m\u00eame. \u00bb, a-t-il rassur\u00e9.<\/span><\/p>\n<p style=\"text-align: justify;\"><span style=\"font-family: verdana, geneva, sans-serif;\">Il a conclu en invitant la presse \u00e0 soutenir le gouvernement dans ses actions de sensibilisation des populations sur la n\u00e9cessit\u00e9 de la pr\u00e9servation de l&#8217;environnement.<\/span><\/p>\n<p style=\"text-align: justify;\"><span style=\"font-family: verdana, geneva, sans-serif;\">Notons que la visite du plan d\u2019eau lagunaire a conduit la d\u00e9l\u00e9gation \u00e0 la Baie de Cocody, au canal Orange Golf, Canal d\u2019Anoumabo, l\u2019INJS Marcory, Vridi, Azito et \u00e0 BEAGO.<\/span><\/p>\n","protected":false},"excerpt":{"rendered":"<p>Le Premier Ministre, Ministre des Sports et du Cadre de Vie, Monsieur Robert Beugr\u00e9 Mamb\u00e9, accompagn\u00e9 du Ministre de l\u2019Environnement, du D\u00e9veloppement Durable et de la Transition \u00c9cologique, ont effectu\u00e9 [&hellip;]<\/p>\n","protected":false},"author":1,"featured_media":5895,"comment_status":"closed","ping_status":"closed","sticky":false,"template":"","format":"standard","meta":{"_lmt_disableupdate":"no","_lmt_disable":"","pgc_sgb_lightbox_settings":""},"categories":[58],"tags":[],"post_folder":[59],"modified_by":"MINEDD","_links":{"self":[{"href":"https:\/\/did-dev.net\/mineddte\/wp-json\/wp\/v2\/posts\/5892"}],"collection":[{"href":"https:\/\/did-dev.net\/mineddte\/wp-json\/wp\/v2\/posts"}],"about":[{"href":"https:\/\/did-dev.net\/mineddte\/wp-json\/wp\/v2\/types\/post"}],"author":[{"embeddable":true,"href":"https:\/\/did-dev.net\/mineddte\/wp-json\/wp\/v2\/users\/1"}],"replies":[{"embeddable":true,"href":"https:\/\/did-dev.net\/mineddte\/wp-json\/wp\/v2\/comments?post=5892"}],"version-history":[{"count":1,"href":"https:\/\/did-dev.net\/mineddte\/wp-json\/wp\/v2\/posts\/5892\/revisions"}],"predecessor-version":[{"id":5899,"href":"https:\/\/did-dev.net\/mineddte\/wp-json\/wp\/v2\/posts\/5892\/revisions\/5899"}],"wp:featuredmedia":[{"embeddable":true,"href":"https:\/\/did-dev.net\/mineddte\/wp-json\/wp\/v2\/media\/5895"}],"wp:attachment":[{"href":"https:\/\/did-dev.net\/mineddte\/wp-json\/wp\/v2\/media?parent=5892"}],"wp:term":[{"taxonomy":"category","embeddable":true,"href":"https:\/\/did-dev.net\/mineddte\/wp-json\/wp\/v2\/categories?post=5892"},{"taxonomy":"post_tag","embeddable":true,"href":"https:\/\/did-dev.net\/mineddte\/wp-json\/wp\/v2\/tags?post=5892"},{"taxonomy":"post_folder","embeddable":true,"href":"https:\/\/did-dev.net\/mineddte\/wp-json\/wp\/v2\/post_folder?post=5892"}],"curies":[{"name":"wp","href":"https:\/\/api.w.org\/{rel}","templated":true}]}}