{"id":5883,"date":"2024-12-20T10:41:04","date_gmt":"2024-12-20T10:41:04","guid":{"rendered":"https:\/\/did-dev.net\/mineddte\/?p=5883"},"modified":"2025-01-14T12:19:48","modified_gmt":"2025-01-14T12:19:48","slug":"sassandra-protection-des-mangroves-le-ministere-de-lenvironnement-lance-le-plan-de-zonage-de-niani","status":"publish","type":"post","link":"https:\/\/did-dev.net\/mineddte\/sassandra-protection-des-mangroves-le-ministere-de-lenvironnement-lance-le-plan-de-zonage-de-niani\/","title":{"rendered":"SASSANDRA \/ PROTECTION DES MANGROVES\u00a0: LE MINISTERE DE L\u2019ENVIRONNEMENT LANCE LE PLAN DE ZONAGE DE NIANI"},"content":{"rendered":"<p style=\"text-align: justify;\"><span style=\"font-family: verdana, geneva, sans-serif;\">Il y a quelques d\u00e9cennies, Niani, une localit\u00e9 de Sassandra, \u00e9tait c\u00e9l\u00e8bre pour sa richesse environnementale. En effet, la r\u00e9gion abritait divers \u00e9cosyst\u00e8mes, notamment des mangroves, qui jouaient un r\u00f4le important dans la protection des c\u00f4tes, l&#8217;absorption du carbone, la pr\u00e9servation de la biodiversit\u00e9 et la fourniture de ressources halieutiques. Aujourd\u2019hui, les activit\u00e9s anthropiques, l\u2019urbanisation et la mauvaise gestion des ressources naturelles ont plong\u00e9 la localit\u00e9 dans une \u00e9rosion de sa biodiversit\u00e9 sans pr\u00e9c\u00e9dent.<\/span><\/p>\n<p style=\"text-align: justify;\"><span style=\"font-family: verdana, geneva, sans-serif;\">C\u2019est pour inverser cette situation que Niani est au centre du plan d\u2019action du FOLAB, un projet ambitieux mis en \u0153uvre par le Minist\u00e8re en charge de l\u2019Environnement et qui vise \u00e0 restaurer et conserver les paysages forestiers et la biodiversit\u00e9 en C\u00f4te d&#8217;Ivoire, avec un accent particulier sur les mangroves.<\/span><\/p>\n<p style=\"text-align: justify;\"><span style=\"font-family: verdana, geneva, sans-serif;\">Le jeudi 19 d\u00e9cembre 2024, la ville de Sassandra a donc accueilli un \u00e9v\u00e9nement majeur pour la pr\u00e9servation de l&#8217;environnement et le d\u00e9veloppement durable. Il s\u2019agit du lancement du plan de zonage des terroirs villageois de Niani, sous la pr\u00e9sidence de Monsieur YAO Kouassi Bruno, Pr\u00e9fet de la R\u00e9gion du Gb\u00f4kl\u00e8 et Pr\u00e9fet du D\u00e9partement de Sassandra. Le Directeur de Cabinet, monsieur Parfait KOUADIO, repr\u00e9sentant le Ministre de l\u2019Environnement, du D\u00e9veloppement Durable et de la Transition \u00c9cologique, Monsieur ASSAHORE Konan Jacques, \u00e9tait \u00e9galement pr\u00e9sent pour marquer l&#8217;importance de cette initiative.<\/span><\/p>\n<p style=\"text-align: justify;\"><span style=\"font-family: verdana, geneva, sans-serif;\">Dans son discours d&#8217;ouverture, le Pr\u00e9fet YAO Kouassi Bruno a chaleureusement salu\u00e9 les participants pour leur engagement. \u00ab Votre pr\u00e9sence massive traduit l&#8217;int\u00e9r\u00eat que vous manifestez pour les questions d&#8217;ordre environnemental \u00bb, a-t-il d\u00e9clar\u00e9, insistant sur l&#8217;importance de cet atelier pour la r\u00e9gion. Il a rappel\u00e9 la n\u00e9cessit\u00e9 de mobiliser toutes les parties prenantes pour garantir le succ\u00e8s de cette initiative.<\/span><\/p>\n<p style=\"text-align: justify;\"><span style=\"font-family: verdana, geneva, sans-serif;\">Le Directeur de Cabinet, repr\u00e9sentant le Ministre de l\u2019Environnement, a \u00e9galement pris la parole pour souligner l&#8217;engagement de la C\u00f4te d&#8217;Ivoire dans le m\u00e9canisme REDD+ depuis 2011, visant \u00e0 r\u00e9duire les \u00e9missions de gaz \u00e0 effet de serre issues de la d\u00e9forestation et de la d\u00e9gradation des for\u00eats, et \u00e0 atteindre 20 % de couverture foresti\u00e8re d&#8217;ici 2030.<\/span><\/p>\n<p style=\"text-align: justify;\"><span style=\"font-family: verdana, geneva, sans-serif;\">Les experts du Minist\u00e8re de l&#8217;Environnement et de la Commission Nationale de D\u00e9veloppement Durable (CNDD), dirig\u00e9e par le Docteur Ntain Jeanne, ont d\u00e9taill\u00e9 les \u00e9tapes cl\u00e9s du processus de zonage, en insistant sur la n\u00e9cessit\u00e9 d&#8217;une collaboration \u00e9troite entre toutes les parties impliqu\u00e9es.<\/span><\/p>\n<p style=\"text-align: justify;\"><span style=\"font-family: verdana, geneva, sans-serif;\">Les autorit\u00e9s locales et les communaut\u00e9s ont montr\u00e9 un engagement \u00e0 travers des \u00e9changes fructueux avec les experts pr\u00e9sents.<\/span><\/p>\n<p style=\"text-align: justify;\"><span style=\"font-family: verdana, geneva, sans-serif;\">Le zonage consiste \u00e0 assurer la planification et la gestion durable des terres et des ressources naturelles. Cela inclut la d\u00e9limitation de zones sp\u00e9cifiques pour diff\u00e9rentes utilisations, telles que les zones r\u00e9sidentielles, industrielles, agricoles, et les zones prot\u00e9g\u00e9es pour la conservation de la biodiversit\u00e9. Le cadre sp\u00e9cifique d\u2019intervention du FOLAB \u00e0 Niani vise \u00e0 r\u00e9pondre \u00e0 cette dynamique de protection des \u00e9cosyst\u00e8mes locaux.<\/span><\/p>\n<p style=\"text-align: justify;\"><span style=\"font-family: verdana, geneva, sans-serif;\">Il faut noter que le Programme des Nations Unies pour l\u2019Environnement et le Fonds pour l\u2019Environnement Mondial ont contribu\u00e9 \u00e0 l&#8217;organisation de l&#8217;atelier et \u00e0 la mise en \u0153uvre du projet.<\/span><\/p>\n","protected":false},"excerpt":{"rendered":"<p>Il y a quelques d\u00e9cennies, Niani, une localit\u00e9 de Sassandra, \u00e9tait c\u00e9l\u00e8bre pour sa richesse environnementale. En effet, la r\u00e9gion abritait divers \u00e9cosyst\u00e8mes, notamment des mangroves, qui jouaient un r\u00f4le [&hellip;]<\/p>\n","protected":false},"author":1,"featured_media":5884,"comment_status":"closed","ping_status":"closed","sticky":false,"template":"","format":"standard","meta":{"_lmt_disableupdate":"no","_lmt_disable":"","pgc_sgb_lightbox_settings":""},"categories":[58],"tags":[],"post_folder":[59],"modified_by":"MINEDD","_links":{"self":[{"href":"https:\/\/did-dev.net\/mineddte\/wp-json\/wp\/v2\/posts\/5883"}],"collection":[{"href":"https:\/\/did-dev.net\/mineddte\/wp-json\/wp\/v2\/posts"}],"about":[{"href":"https:\/\/did-dev.net\/mineddte\/wp-json\/wp\/v2\/types\/post"}],"author":[{"embeddable":true,"href":"https:\/\/did-dev.net\/mineddte\/wp-json\/wp\/v2\/users\/1"}],"replies":[{"embeddable":true,"href":"https:\/\/did-dev.net\/mineddte\/wp-json\/wp\/v2\/comments?post=5883"}],"version-history":[{"count":1,"href":"https:\/\/did-dev.net\/mineddte\/wp-json\/wp\/v2\/posts\/5883\/revisions"}],"predecessor-version":[{"id":5887,"href":"https:\/\/did-dev.net\/mineddte\/wp-json\/wp\/v2\/posts\/5883\/revisions\/5887"}],"wp:featuredmedia":[{"embeddable":true,"href":"https:\/\/did-dev.net\/mineddte\/wp-json\/wp\/v2\/media\/5884"}],"wp:attachment":[{"href":"https:\/\/did-dev.net\/mineddte\/wp-json\/wp\/v2\/media?parent=5883"}],"wp:term":[{"taxonomy":"category","embeddable":true,"href":"https:\/\/did-dev.net\/mineddte\/wp-json\/wp\/v2\/categories?post=5883"},{"taxonomy":"post_tag","embeddable":true,"href":"https:\/\/did-dev.net\/mineddte\/wp-json\/wp\/v2\/tags?post=5883"},{"taxonomy":"post_folder","embeddable":true,"href":"https:\/\/did-dev.net\/mineddte\/wp-json\/wp\/v2\/post_folder?post=5883"}],"curies":[{"name":"wp","href":"https:\/\/api.w.org\/{rel}","templated":true}]}}