{"id":5882,"date":"2024-12-18T10:48:39","date_gmt":"2024-12-18T10:48:39","guid":{"rendered":"https:\/\/did-dev.net\/mineddte\/?p=5882"},"modified":"2025-01-14T12:20:07","modified_gmt":"2025-01-14T12:20:07","slug":"environnement-trois-decrets-dapplication-valides-pour-le-bien-etre-des-populations","status":"publish","type":"post","link":"https:\/\/did-dev.net\/mineddte\/environnement-trois-decrets-dapplication-valides-pour-le-bien-etre-des-populations\/","title":{"rendered":"ENVIRONNEMENT : TROIS DECRETS D\u2019APPLICATION VALIDES POUR LE BIEN-ETRE DES POPULATIONS"},"content":{"rendered":"<p style=\"text-align: justify;\"><span style=\"font-family: verdana, geneva, sans-serif;\">La mise en \u0153uvre du code de l\u2019environnement et l\u2019am\u00e9lioration de la qualit\u00e9 de l\u2019air fait partie des objectifs que le Minist\u00e8re de l\u2019Environnement, du D\u00e9veloppement Durable et de la Transition Ecologique (MINEDDTE) envisage d\u2019atteindre. Pour ce faire, la Direction des Affaires Juridiques et du Contentieux, a organis\u00e9 diverses s\u00e9ances de travail avec les parties prenantes pour la validation de trois importants projets de d\u00e9cret d\u2019application, relatif \u00e0 la mise en place d\u2019une police de l\u2019environnement, \u00e0 la responsabilit\u00e9 \u00e9largie du producteur ainsi qu\u2019\u00e0 la cr\u00e9ation d\u2019un observatoire de la qualit\u00e9 de l\u2019air. C\u2019\u00e9tait le mardi 17 d\u00e9cembre 2024, dans un r\u00e9ceptif h\u00f4telier \u00e0 Cocody.<\/span><\/p>\n<p style=\"text-align: justify;\"><span style=\"font-family: verdana, geneva, sans-serif;\">Pour ce qui est de la loi n\u00b02023-900 du 23 novembre 2023 portant code de l\u2019environnement, il s\u2019agissait d\u2019une part pour les experts de valider le projet de d\u00e9cret relatif \u00e0 la responsabilit\u00e9 \u00e9largie du producteur. Le MINEDDTE veut encourager les entreprises \u00e0 concevoir des produits et des proc\u00e9d\u00e9s de production plus durables et recyclables. D\u2019autres parts les experts pr\u00e9sents ont analys\u00e9 le projet de d\u00e9cret portant cr\u00e9ation, attributions, organisation et fonctionnement de la police de l\u2019environnement. En effet cette police aura la lourde t\u00e2che de faire respecter les dispositions juridiques relatives \u00e0 la protection et \u00e0 la gestion de l\u2019environnement.<\/span><\/p>\n<p style=\"text-align: justify;\"><span style=\"font-family: verdana, geneva, sans-serif;\">Le MINEDDTE a initi\u00e9 un projet de d\u00e9cret n\u00b02017-125 du 22 f\u00e9vrier 2017. C\u2019est dans le cadre de sa mise en \u0153uvre qu\u2019il est pr\u00e9vu la cr\u00e9ation d\u2019un observatoire de la qualit\u00e9 de l\u2019air. Cet observatoire aura, entre autres, comme missions de produire des donn\u00e9es scientifiques sur la qualit\u00e9 de l\u2019air et d\u2019en estimer l\u2019incidence sur la sant\u00e9 des populations. Ces donn\u00e9es pourraient \u00eatre centralis\u00e9es en collaboration avec le Centre Ivoirien Antipollution (CIAPOL) qui dispose d\u00e9j\u00e0 d\u2019un camion laboratoire \u00e9quip\u00e9 de syst\u00e8me de climatisation, de r\u00e9frig\u00e9rateurs permettant la conservation des \u00e9chantillons ainsi que d\u2019appareils techniques d\u00e9di\u00e9s \u00e0 l\u2019analyse des hydrocarbures et des m\u00e9taux lourds.<\/span><\/p>\n<p style=\"text-align: justify;\"><span style=\"font-family: verdana, geneva, sans-serif;\">L\u2019activit\u00e9 a \u00e9t\u00e9 organis\u00e9e en collaboration avec le PNUE et l\u2019ouverture a \u00e9t\u00e9 pr\u00e9sid\u00e9e par le Conseiller Technique DADIE Anoma repr\u00e9sentant le Ministre de l\u2019Environnement, du D\u00e9veloppement Durable et de la Transition Ecologique.<\/span><\/p>\n","protected":false},"excerpt":{"rendered":"<p>La mise en \u0153uvre du code de l\u2019environnement et l\u2019am\u00e9lioration de la qualit\u00e9 de l\u2019air fait partie des objectifs que le Minist\u00e8re de l\u2019Environnement, du D\u00e9veloppement Durable et de la [&hellip;]<\/p>\n","protected":false},"author":1,"featured_media":5885,"comment_status":"closed","ping_status":"closed","sticky":false,"template":"","format":"standard","meta":{"_lmt_disableupdate":"no","_lmt_disable":"","pgc_sgb_lightbox_settings":""},"categories":[58],"tags":[],"post_folder":[59],"modified_by":"MINEDD","_links":{"self":[{"href":"https:\/\/did-dev.net\/mineddte\/wp-json\/wp\/v2\/posts\/5882"}],"collection":[{"href":"https:\/\/did-dev.net\/mineddte\/wp-json\/wp\/v2\/posts"}],"about":[{"href":"https:\/\/did-dev.net\/mineddte\/wp-json\/wp\/v2\/types\/post"}],"author":[{"embeddable":true,"href":"https:\/\/did-dev.net\/mineddte\/wp-json\/wp\/v2\/users\/1"}],"replies":[{"embeddable":true,"href":"https:\/\/did-dev.net\/mineddte\/wp-json\/wp\/v2\/comments?post=5882"}],"version-history":[{"count":1,"href":"https:\/\/did-dev.net\/mineddte\/wp-json\/wp\/v2\/posts\/5882\/revisions"}],"predecessor-version":[{"id":5889,"href":"https:\/\/did-dev.net\/mineddte\/wp-json\/wp\/v2\/posts\/5882\/revisions\/5889"}],"wp:featuredmedia":[{"embeddable":true,"href":"https:\/\/did-dev.net\/mineddte\/wp-json\/wp\/v2\/media\/5885"}],"wp:attachment":[{"href":"https:\/\/did-dev.net\/mineddte\/wp-json\/wp\/v2\/media?parent=5882"}],"wp:term":[{"taxonomy":"category","embeddable":true,"href":"https:\/\/did-dev.net\/mineddte\/wp-json\/wp\/v2\/categories?post=5882"},{"taxonomy":"post_tag","embeddable":true,"href":"https:\/\/did-dev.net\/mineddte\/wp-json\/wp\/v2\/tags?post=5882"},{"taxonomy":"post_folder","embeddable":true,"href":"https:\/\/did-dev.net\/mineddte\/wp-json\/wp\/v2\/post_folder?post=5882"}],"curies":[{"name":"wp","href":"https:\/\/api.w.org\/{rel}","templated":true}]}}