{"id":5881,"date":"2024-12-19T09:05:53","date_gmt":"2024-12-19T09:05:53","guid":{"rendered":"https:\/\/did-dev.net\/mineddte\/?p=5881"},"modified":"2025-01-14T12:20:26","modified_gmt":"2025-01-14T12:20:26","slug":"projet-pre-plus-de-12-milliards-de-fcfa-pour-les-acteurs-du-developpement-durable-autour-du-parc-national-de-tai","status":"publish","type":"post","link":"https:\/\/did-dev.net\/mineddte\/projet-pre-plus-de-12-milliards-de-fcfa-pour-les-acteurs-du-developpement-durable-autour-du-parc-national-de-tai\/","title":{"rendered":"PROJET PRE : PLUS DE 12 MILLIARDS DE FCFA POUR LES ACTEURS DU DEVELOPPEMENT DURABLE AUTOUR DU PARC NATIONAL DE TA\u00cf"},"content":{"rendered":"<p style=\"text-align: justify;\"><span style=\"font-family: verdana, geneva, sans-serif;\">Le Ministre de l\u2019Environnement du D\u00e9veloppement Durable et de la Transition Ecologique, Monsieur Assahor\u00e9 Konan Jacques, a pr\u00e9sid\u00e9 la c\u00e9r\u00e9monie officielle du lancement des paiements aux b\u00e9n\u00e9ficiaires du Projet de Paiement des R\u00e9ductions d\u2019\u00c9missions autour du Parc National de Ta\u00ef (PRE), le 18 d\u00e9cembre 2024, \u00e0 San Pedro.<\/span><\/p>\n<p style=\"text-align: justify;\"><span style=\"font-family: verdana, geneva, sans-serif;\">La c\u00e9r\u00e9monie a enregistr\u00e9 la pr\u00e9sence du corps pr\u00e9fectoral, des chefs traditionnels et religieux, les \u00e9lus locaux, les repr\u00e9sentants issus des Minist\u00e8res techniques, des partenaires techniques et financiers, de la soci\u00e9t\u00e9 civile et des ONG.<\/span><\/p>\n<p style=\"text-align: justify;\"><span style=\"font-family: verdana, geneva, sans-serif;\">Le Projet de Paiement des R\u00e9ductions d\u2019\u00c9missions autour du Parc National de Ta\u00ef (PRE) est initi\u00e9 par la C\u00f4te d\u2019Ivoire avec le soutien du fonds carbone de la Banque Mondiale. Il vise la conservation, la restauration et la gestion des for\u00eats \u00e0 travers le paiement de services environnementaux des communaut\u00e9s locales et des acteurs r\u00e9gionaux.<\/span><\/p>\n<p style=\"text-align: justify;\"><span style=\"font-family: verdana, geneva, sans-serif;\">Le Ministre Assahor\u00e9 Konan Jacques a salu\u00e9 les avanc\u00e9es significatives du projet, notamment l\u2019obtention d\u2019un premier paiement carbone en juin 2024, d\u2019une valeur de 35 millions de dollars, pour la r\u00e9duction d\u2019environ 7 millions de tonnes \u00e9quivalent CO2 au cours de la p\u00e9riode de 2020-2021 ; la mise en place d\u2019un processus de recensement des b\u00e9n\u00e9ficiaires lors d\u2019un appel \u00e0 manifestation d\u2019int\u00e9r\u00eat et d\u2019un m\u00e9canisme de partage des B\u00e9n\u00e9fices garantissant une redistribution \u00e9quitable et transparente des paiements carbone. Tout ce processus a abouti au paiement des b\u00e9n\u00e9ficiaires du Projet PRE.<\/span><\/p>\n<p style=\"text-align: justify;\"><span style=\"font-family: verdana, geneva, sans-serif;\">Malgr\u00e9, ces progr\u00e8s, des d\u00e9fis restent \u00e0 r\u00e9aliser : se faire enregistrer pendant les appels \u00e0 manifestation d\u2019int\u00e9r\u00eats aupr\u00e8s des diff\u00e9rents Services pertinents ; avoir fait v\u00e9rifier la r\u00e9alisation effective de son activit\u00e9 et disposer de papiers d\u2019identit\u00e9 prouvant son identit\u00e9 et permettant le paiement.<\/span><\/p>\n<p style=\"text-align: justify;\"><span style=\"font-family: verdana, geneva, sans-serif;\">\u00ab Pour ce faire, je lance un appel \u00e0 toutes les parties prenantes ici pr\u00e9sentes pour une mobilisation des b\u00e9n\u00e9ficiaires directs ne disposant pas de pi\u00e8ce d\u2019identit\u00e9 afin qu\u2019ils se rapprochent des services de l\u2019ONECI pour s\u2019en faire d\u00e9livrer. \u00bb, a-t-il d\u00e9clar\u00e9.<\/span><\/p>\n<p style=\"text-align: justify;\"><span style=\"font-family: verdana, geneva, sans-serif;\">Le Ministre a f\u00e9licit\u00e9 les b\u00e9n\u00e9ficiaires pour leur engagement dans la lutte contre les changements climatiques et la d\u00e9forestation.<\/span><\/p>\n<p style=\"text-align: justify;\"><span style=\"font-family: verdana, geneva, sans-serif;\">Ce sont 508 b\u00e9n\u00e9ficiaires directs (populations locales) pay\u00e9s par transfert mobile, pour une valeur d\u2019environ 60 millions de FCFA et 12 b\u00e9n\u00e9ficiaires indirects (Structures Techniques et Etablissements sous-tutelle) par des paiements par virement bancaire pour un montant d\u2019environ 05 milliards de FCFA.<\/span><\/p>\n<p style=\"text-align: justify;\"><span style=\"font-family: verdana, geneva, sans-serif;\">Monsieur Ay\u00e9 Firmin, prenant la parole au nom des b\u00e9n\u00e9ficiaires du paiement du PRE, a\u00a0 remerci\u00e9 le Projet pour ces paiements, qui selon lui, symbolisent non seulement la reconnaissance de leurs efforts pour la pr\u00e9servation et la restauration du patrimoine forestier, mais ils constituent une subvention qui permettra de diversifier leurs sources de revenus.<\/span><\/p>\n<p style=\"text-align: justify;\"><span style=\"font-family: verdana, geneva, sans-serif;\">Rappelons que le projet PRE intervient dans 05 r\u00e9gions du sud-ouest de la C\u00f4te d\u2019Ivoire, \u00e0 savoir Cavally, San Pedro, Gb\u00f4kl\u00e8, Gu\u00e9mon et Nawa, toutes situ\u00e9es autour du Parc National de Ta\u00ef. Ces paiements couvrent la p\u00e9riode de de notification d\u2019octobre 2020 \u00e0 d\u00e9cembre 2021 et se poursuivront par tranche jusqu\u2019au second trimestre de 2025.<\/span><\/p>\n<p style=\"text-align: justify;\"><span style=\"font-family: verdana, geneva, sans-serif;\">\u00c0 terme, ce sont plus de 100 000 b\u00e9n\u00e9ficiaires qui recevront des paiements pour un montant global estim\u00e9 \u00e0 12,5 milliards de FCFA.<\/span><\/p>\n","protected":false},"excerpt":{"rendered":"<p>Le Ministre de l\u2019Environnement du D\u00e9veloppement Durable et de la Transition Ecologique, Monsieur Assahor\u00e9 Konan Jacques, a pr\u00e9sid\u00e9 la c\u00e9r\u00e9monie officielle du lancement des paiements aux b\u00e9n\u00e9ficiaires du Projet de [&hellip;]<\/p>\n","protected":false},"author":1,"featured_media":5886,"comment_status":"closed","ping_status":"closed","sticky":false,"template":"","format":"standard","meta":{"_lmt_disableupdate":"no","_lmt_disable":"","pgc_sgb_lightbox_settings":""},"categories":[58],"tags":[],"post_folder":[59],"modified_by":"MINEDD","_links":{"self":[{"href":"https:\/\/did-dev.net\/mineddte\/wp-json\/wp\/v2\/posts\/5881"}],"collection":[{"href":"https:\/\/did-dev.net\/mineddte\/wp-json\/wp\/v2\/posts"}],"about":[{"href":"https:\/\/did-dev.net\/mineddte\/wp-json\/wp\/v2\/types\/post"}],"author":[{"embeddable":true,"href":"https:\/\/did-dev.net\/mineddte\/wp-json\/wp\/v2\/users\/1"}],"replies":[{"embeddable":true,"href":"https:\/\/did-dev.net\/mineddte\/wp-json\/wp\/v2\/comments?post=5881"}],"version-history":[{"count":1,"href":"https:\/\/did-dev.net\/mineddte\/wp-json\/wp\/v2\/posts\/5881\/revisions"}],"predecessor-version":[{"id":5890,"href":"https:\/\/did-dev.net\/mineddte\/wp-json\/wp\/v2\/posts\/5881\/revisions\/5890"}],"wp:featuredmedia":[{"embeddable":true,"href":"https:\/\/did-dev.net\/mineddte\/wp-json\/wp\/v2\/media\/5886"}],"wp:attachment":[{"href":"https:\/\/did-dev.net\/mineddte\/wp-json\/wp\/v2\/media?parent=5881"}],"wp:term":[{"taxonomy":"category","embeddable":true,"href":"https:\/\/did-dev.net\/mineddte\/wp-json\/wp\/v2\/categories?post=5881"},{"taxonomy":"post_tag","embeddable":true,"href":"https:\/\/did-dev.net\/mineddte\/wp-json\/wp\/v2\/tags?post=5881"},{"taxonomy":"post_folder","embeddable":true,"href":"https:\/\/did-dev.net\/mineddte\/wp-json\/wp\/v2\/post_folder?post=5881"}],"curies":[{"name":"wp","href":"https:\/\/api.w.org\/{rel}","templated":true}]}}