{"id":5870,"date":"2024-12-05T10:23:48","date_gmt":"2024-12-05T10:23:48","guid":{"rendered":"https:\/\/did-dev.net\/mineddte\/?p=5870"},"modified":"2024-12-24T10:47:29","modified_gmt":"2024-12-24T10:47:29","slug":"projet-transition-bas-carbone-un-projet-de-decret-en-validation-pour-la-mise-en-place-dun-systeme-national-de-la-transparence-climatique","status":"publish","type":"post","link":"https:\/\/did-dev.net\/mineddte\/projet-transition-bas-carbone-un-projet-de-decret-en-validation-pour-la-mise-en-place-dun-systeme-national-de-la-transparence-climatique\/","title":{"rendered":"PROJET TRANSITION BAS CARBONE\u00a0: UN PROJET DE DECRET EN VALIDATION POUR LA MISE EN PLACE D\u2019UN SYSTEME NATIONAL DE LA TRANSPARENCE CLIMATIQUE"},"content":{"rendered":"<p style=\"text-align: justify;\"><span style=\"font-family: verdana, geneva, sans-serif;\">Le conseiller technique du ministre de l\u2019Environnement, du D\u00e9veloppement durable et de la Transition \u00e9cologique, Mayeul Alex Lagaud, a pr\u00e9sid\u00e9, le mercredi 04 d\u00e9cembre 2024 \u00e0 Abidjan-Plateau, l&#8217;atelier de validation du projet de d\u00e9cret pour la mise en place d&#8217;un syst\u00e8me national de la transparence climatique dans le cadre de la mise en \u0153uvre du projet Transition Bas Carbone (TBC-Cl).<\/span><\/p>\n<p style=\"text-align: justify;\"><span style=\"font-family: verdana, geneva, sans-serif;\">\u00ab La C\u00f4te d&#8217;Ivoire, avec les d\u00e9crets n\u00b02024-594 du 26 juin 2024, instituant la Commission Nationale de Lutte contre les Changements Climatiques, et n\u00b02024-658 du 1er ao\u00fbt 2024, \u00e9tablissant le Bureau March\u00e9 Carbone pour renforcer son cadre institutionnel climatique, a accompli des progr\u00e8s notables. Toutefois, la mise en \u0153uvre compl\u00e8te de ce cadre passe par l&#8217;adoption d&#8217;un d\u00e9cret instituant le Syst\u00e8me National de la Transparence Climatique. Cet organe garantirait la transparence dans la mise en \u0153uvre de l&#8217;action climatique, encouragerait la confiance entre les acteurs, et renforcerait l\u2019efficacit\u00e9 des mesures d\u00e9finies dans les Contributions D\u00e9termin\u00e9es au Niveau National (CDN) de la C\u00f4te d&#8217;Ivoire \u00bb, a expliqu\u00e9 Mayeul Alex Lagaud.<\/span><\/p>\n<p style=\"text-align: justify;\"><span style=\"font-family: verdana, geneva, sans-serif;\">Par ailleurs secr\u00e9taire ex\u00e9cutif de la Commission nationale de la Lutte contre les changements climatiques, le conseiller technique a ajout\u00e9 que ce syst\u00e8me national de la Transparence climatique contribuera \u00e0 am\u00e9liorer la performance climatique du pays, en conformit\u00e9 avec les objectifs de l&#8217;Accord de Paris.<\/span><\/p>\n<p style=\"text-align: justify;\"><span style=\"font-family: verdana, geneva, sans-serif;\">Il a rappel\u00e9 que la C\u00f4te d&#8217;Ivoire a r\u00e9vis\u00e9 ses CDN pour aboutir au rehaussement de son ambition climatique, passant de 28,25% \u00e0 30,41% de r\u00e9duction de ses \u00e9missions de Gaz \u00e0 Effet de Serre (GES) d&#8217;ici \u00e0 2030.<\/span><\/p>\n<p style=\"text-align: justify;\"><span style=\"font-family: verdana, geneva, sans-serif;\">\u00ab Cet objectif correspond \u00e0 un abattement chiffr\u00e9 d&#8217;environ trente-sept (37) millions de tonnes \u00e9quivalent CO2, l\u00e0 o\u00f9 l&#8217;ambition de la C\u00f4te d&#8217;Ivoire dans le premier document CDN affichait un abattement de neuf (9) millions de tonnes \u00e9quivalent CO2 \u00bb, a dit Mayeul Alex Lagaud.<\/span><\/p>\n<p style=\"text-align: justify;\"><span style=\"font-family: verdana, geneva, sans-serif;\">Il a remerci\u00e9 l&#8217;Union Europ\u00e9enne pour son appui financier, ainsi qu\u2019Expertise France pour son assistance technique dans le cadre de la mise en \u0153uvre du Projet TBC dont l&#8217;objectif est d&#8217;accompagner le gouvernement ivoirien dans la mise en \u0153uvre et le suivi de ses engagements climatiques (tant d&#8217;att\u00e9nuation que d&#8217;adaptation) selon une approche participative et inclusive.<\/span><\/p>\n","protected":false},"excerpt":{"rendered":"<p>Le conseiller technique du ministre de l\u2019Environnement, du D\u00e9veloppement durable et de la Transition \u00e9cologique, Mayeul Alex Lagaud, a pr\u00e9sid\u00e9, le mercredi 04 d\u00e9cembre 2024 \u00e0 Abidjan-Plateau, l&#8217;atelier de validation [&hellip;]<\/p>\n","protected":false},"author":1,"featured_media":5872,"comment_status":"closed","ping_status":"closed","sticky":false,"template":"","format":"standard","meta":{"_lmt_disableupdate":"no","_lmt_disable":"","pgc_sgb_lightbox_settings":""},"categories":[58],"tags":[],"post_folder":[59],"modified_by":"MINEDD","_links":{"self":[{"href":"https:\/\/did-dev.net\/mineddte\/wp-json\/wp\/v2\/posts\/5870"}],"collection":[{"href":"https:\/\/did-dev.net\/mineddte\/wp-json\/wp\/v2\/posts"}],"about":[{"href":"https:\/\/did-dev.net\/mineddte\/wp-json\/wp\/v2\/types\/post"}],"author":[{"embeddable":true,"href":"https:\/\/did-dev.net\/mineddte\/wp-json\/wp\/v2\/users\/1"}],"replies":[{"embeddable":true,"href":"https:\/\/did-dev.net\/mineddte\/wp-json\/wp\/v2\/comments?post=5870"}],"version-history":[{"count":1,"href":"https:\/\/did-dev.net\/mineddte\/wp-json\/wp\/v2\/posts\/5870\/revisions"}],"predecessor-version":[{"id":5875,"href":"https:\/\/did-dev.net\/mineddte\/wp-json\/wp\/v2\/posts\/5870\/revisions\/5875"}],"wp:featuredmedia":[{"embeddable":true,"href":"https:\/\/did-dev.net\/mineddte\/wp-json\/wp\/v2\/media\/5872"}],"wp:attachment":[{"href":"https:\/\/did-dev.net\/mineddte\/wp-json\/wp\/v2\/media?parent=5870"}],"wp:term":[{"taxonomy":"category","embeddable":true,"href":"https:\/\/did-dev.net\/mineddte\/wp-json\/wp\/v2\/categories?post=5870"},{"taxonomy":"post_tag","embeddable":true,"href":"https:\/\/did-dev.net\/mineddte\/wp-json\/wp\/v2\/tags?post=5870"},{"taxonomy":"post_folder","embeddable":true,"href":"https:\/\/did-dev.net\/mineddte\/wp-json\/wp\/v2\/post_folder?post=5870"}],"curies":[{"name":"wp","href":"https:\/\/api.w.org\/{rel}","templated":true}]}}