{"id":5869,"date":"2024-12-04T10:29:15","date_gmt":"2024-12-04T10:29:15","guid":{"rendered":"https:\/\/did-dev.net\/mineddte\/?p=5869"},"modified":"2024-12-24T11:05:09","modified_gmt":"2024-12-24T11:05:09","slug":"atelier-de-lancement-de-lactualisation-du-cadre-national-dinvestissement-redd","status":"publish","type":"post","link":"https:\/\/did-dev.net\/mineddte\/atelier-de-lancement-de-lactualisation-du-cadre-national-dinvestissement-redd\/","title":{"rendered":"ATELIER DE LANCEMENT DE L\u2019ACTUALISATION DU CADRE NATIONAL D\u2019INVESTISSEMENT REDD+"},"content":{"rendered":"<p style=\"text-align: justify;\"><span style=\"font-family: verdana, geneva, sans-serif;\">Ce Mardi 03 D\u00e9cembre 2024 \u00e0 Abidjan, le Minist\u00e8re de l\u2019Environnement, du D\u00e9veloppement Durable et de la Transition Ecologique, \u00e0 travers le secr\u00e9tariat ex\u00e9cutif de la REDD+, a proc\u00e9d\u00e9 au lancement de l\u2019actualisation du Cadre National d\u2019Investissement (CNI) de la REDD+.<\/span><\/p>\n<p style=\"text-align: justify;\"><span style=\"font-family: verdana, geneva, sans-serif;\">Cet atelier pr\u00e9sid\u00e9 par le Conseiller technique Monsieur Mayeul LAGAUD repr\u00e9sentant du Ministre de l\u2019Environnement, du D\u00e9veloppement Durable et de la Transition Ecologique, a rassembl\u00e9 52 participants issus des minist\u00e8res, des partenaires techniques et financiers, de la soci\u00e9t\u00e9 civile, de la soci\u00e9t\u00e9 priv\u00e9e et des m\u00e9dias.<\/span><\/p>\n<p style=\"text-align: justify;\"><span style=\"font-family: verdana, geneva, sans-serif;\">L\u2019objectif de cet atelier est d&#8217;informer et d\u2019engager l\u2019ensemble des parties prenantes dans un processus consultatif pour la collecte de donn\u00e9es sur les initiatives et projets en cours et en d\u00e9veloppement en lien avec la Strat\u00e9gie Nationale REDD+ en vue de l\u2019actualisation du Cadre National d\u2019Investissement aff\u00e9rent.<\/span><\/p>\n<p style=\"text-align: justify;\"><span style=\"font-family: verdana, geneva, sans-serif;\">Les \u00e9changes ont port\u00e9 sur le Cadre National d\u2019Investissement 2018, la m\u00e9thodologie d\u2019actualisation, la collecte de donn\u00e9es et les prochaines \u00e9tapes du processus. Cet exercice vise \u00e0 produire un cadre op\u00e9rationnel capable de r\u00e9pondre aux nouveaux enjeux climatiques et de mobiliser les financements n\u00e9cessaires \u00e0 la restauration des paysages ivoiriens.<\/span><\/p>\n<p style=\"text-align: justify;\"><span style=\"font-family: verdana, geneva, sans-serif;\">Monsieur le repr\u00e9sentant du Minist\u00e8re en charge de l\u2019Environnement a soulign\u00e9 que l\u2019actualisation du CNI est essentielle pour \u00e9valuer les r\u00e9alisations pass\u00e9es, ajuster les priorit\u00e9s et mobiliser les financements en faveur de la restauration des paysages.<\/span><\/p>\n<p style=\"text-align: justify;\"><span style=\"font-family: verdana, geneva, sans-serif;\">Il a invit\u00e9 les parties prenantes \u00e0 participer activement \u00e0 la collecte de donn\u00e9es et aux r\u00e9flexions strat\u00e9giques n\u00e9cessaires pour produire un cadre refl\u00e9tant les aspirations de tous. Il a \u00e9galement remerci\u00e9 le PNUD et la FAO pour leur appui dans l\u2019\u00e9laboration et l\u2019actualisation du Cadre National d\u2019Investissement (CNI) de la REDD+.<\/span><\/p>\n<p style=\"text-align: justify;\"><span style=\"font-family: verdana, geneva, sans-serif;\">Le Conseill\u00e9 technique du PROMIRE \u00e0 la FAO, Monsieur Ouattara Zana, a r\u00e9affirm\u00e9 le soutien de la FAO pour l\u2019actualisation du CNI \u00e0 travers le projet PROMIRE et le programme ONUREDD. <em>\u00ab Ce document pr\u00e9sentera les financements requis pour mener les actions REDD+ \u00e0 l&#8217;\u00e9chelle du territoire. Il sera \u00e9galement un outil tr\u00e8s important pour la FAO qui lui permettra de mobiliser des ressources pour soutenir le gouvernement ivoirien \u00bb<\/em>, souligne-t-il.<\/span><\/p>\n<p style=\"text-align: justify;\"><span style=\"font-family: verdana, geneva, sans-serif;\">Il a termin\u00e9 en r\u00e9affirmant l&#8217;engagement de la FAO \u00e0 appuyer le MINEDDTE \u00e0 travers le SEP REDD pour l&#8217;atteinte des objectifs du m\u00e9canisme REDD+ en C\u00f4te d&#8217;Ivoire.<\/span><\/p>\n<p style=\"text-align: justify;\"><span style=\"font-family: verdana, geneva, sans-serif;\">Cet atelier marque une nouvelle \u00e9tape dans les efforts du pays pour restaurer son couvert forestier \u00e0 hauteur de 20 % d\u2019ici 2030 et renforcer son engagement en mati\u00e8re de lutte contre les changements climatiques.<\/span><\/p>\n","protected":false},"excerpt":{"rendered":"<p>Ce Mardi 03 D\u00e9cembre 2024 \u00e0 Abidjan, le Minist\u00e8re de l\u2019Environnement, du D\u00e9veloppement Durable et de la Transition Ecologique, \u00e0 travers le secr\u00e9tariat ex\u00e9cutif de la REDD+, a proc\u00e9d\u00e9 au [&hellip;]<\/p>\n","protected":false},"author":1,"featured_media":5871,"comment_status":"closed","ping_status":"closed","sticky":false,"template":"","format":"standard","meta":{"_lmt_disableupdate":"no","_lmt_disable":"","pgc_sgb_lightbox_settings":""},"categories":[58],"tags":[],"post_folder":[59],"modified_by":"MINEDD","_links":{"self":[{"href":"https:\/\/did-dev.net\/mineddte\/wp-json\/wp\/v2\/posts\/5869"}],"collection":[{"href":"https:\/\/did-dev.net\/mineddte\/wp-json\/wp\/v2\/posts"}],"about":[{"href":"https:\/\/did-dev.net\/mineddte\/wp-json\/wp\/v2\/types\/post"}],"author":[{"embeddable":true,"href":"https:\/\/did-dev.net\/mineddte\/wp-json\/wp\/v2\/users\/1"}],"replies":[{"embeddable":true,"href":"https:\/\/did-dev.net\/mineddte\/wp-json\/wp\/v2\/comments?post=5869"}],"version-history":[{"count":1,"href":"https:\/\/did-dev.net\/mineddte\/wp-json\/wp\/v2\/posts\/5869\/revisions"}],"predecessor-version":[{"id":5876,"href":"https:\/\/did-dev.net\/mineddte\/wp-json\/wp\/v2\/posts\/5869\/revisions\/5876"}],"wp:featuredmedia":[{"embeddable":true,"href":"https:\/\/did-dev.net\/mineddte\/wp-json\/wp\/v2\/media\/5871"}],"wp:attachment":[{"href":"https:\/\/did-dev.net\/mineddte\/wp-json\/wp\/v2\/media?parent=5869"}],"wp:term":[{"taxonomy":"category","embeddable":true,"href":"https:\/\/did-dev.net\/mineddte\/wp-json\/wp\/v2\/categories?post=5869"},{"taxonomy":"post_tag","embeddable":true,"href":"https:\/\/did-dev.net\/mineddte\/wp-json\/wp\/v2\/tags?post=5869"},{"taxonomy":"post_folder","embeddable":true,"href":"https:\/\/did-dev.net\/mineddte\/wp-json\/wp\/v2\/post_folder?post=5869"}],"curies":[{"name":"wp","href":"https:\/\/api.w.org\/{rel}","templated":true}]}}