{"id":5864,"date":"2024-12-03T19:41:15","date_gmt":"2024-12-03T19:41:15","guid":{"rendered":"https:\/\/did-dev.net\/mineddte\/?p=5864"},"modified":"2024-12-10T10:03:05","modified_gmt":"2024-12-10T10:03:05","slug":"cop16-a-riyad-la-cote-divoire-sengage-dans-le-partenariat-mondial-pour-la-resilience-a-la-secheresse","status":"publish","type":"post","link":"https:\/\/did-dev.net\/mineddte\/cop16-a-riyad-la-cote-divoire-sengage-dans-le-partenariat-mondial-pour-la-resilience-a-la-secheresse\/","title":{"rendered":"COP16 A RIYAD\u00a0: LA C\u00d4TE D\u2019IVOIRE S\u2019ENGAGE DANS LE PARTENARIAT MONDIAL POUR LA RESILIENCE A LA SECHERESSE"},"content":{"rendered":"<p style=\"text-align: justify;\"><span style=\"font-family: verdana, geneva, sans-serif;\">La mobilisation des financements et le renforcement de la coop\u00e9ration internationale sont au c\u0153ur de l\u2019agenda du Ministre de l\u2019Environnement, du D\u00e9veloppement Durable et de la Transition \u00c9cologique, Monsieur Assahor\u00e9 Konan Jacques, qui participe \u00e0 Riyad, en Arabie Saoudite, \u00e0 la COP16 sur la lutte contre la d\u00e9sertification.<\/span><\/p>\n<p style=\"text-align: justify;\"><span style=\"font-family: verdana, geneva, sans-serif;\">\u00c0 l\u2019occasion de cet \u00e9v\u00e8nement, le Ministre Assahor\u00e9 a eu une rencontre avec son homologue saoudien, M. Abdulrahman Al-Fadley, \u00e9galement Pr\u00e9sident de la COP16.<\/span><\/p>\n<p style=\"text-align: justify;\"><span style=\"font-family: verdana, geneva, sans-serif;\">Les discussions ont port\u00e9 sur une initiative majeure \u00e0 laquelle la C\u00f4te d\u2019Ivoire est partie prenante : le Partenariat mondial de Riyad pour la r\u00e9silience \u00e0 la s\u00e9cheresse.<\/span><\/p>\n<p style=\"text-align: justify;\"><span style=\"font-family: verdana, geneva, sans-serif;\">Lanc\u00e9 lors de la premi\u00e8re journ\u00e9e de la 16e Conf\u00e9rence des Parties \u00e0 la Convention des Nations Unies sur la lutte contre la d\u00e9sertification (COP16), ce partenariat est dot\u00e9 d\u2019un fonds d\u2019environ 150 milliards de dollars. Il vise \u00e0 am\u00e9liorer l&#8217;acc\u00e8s au cr\u00e9dit, au financement par actions, aux produits d&#8217;assurance et aux subventions financi\u00e8res, offrant ainsi un soutien crucial aux pays touch\u00e9s par la s\u00e9cheresse.<\/span><\/p>\n<p style=\"text-align: justify;\"><span style=\"font-family: verdana, geneva, sans-serif;\">\ud835\udc0b\u2019\ud835\udc1e\ud835\udc27\ud835\udc20\ud835\udc1a\ud835\udc20\ud835\udc1e\ud835\udc26\ud835\udc1e\ud835\udc27\ud835\udc2d \ud835\udc1d\ud835\udc1e \ud835\udc25\ud835\udc1a \ud835\udc02\ud835\udc28\u0302\ud835\udc2d\ud835\udc1e \ud835\udc1d\u2019\ud835\udc08\ud835\udc2f\ud835\udc28\ud835\udc22\ud835\udc2b\ud835\udc1e<\/span><\/p>\n<p style=\"text-align: justify;\"><span style=\"font-family: verdana, geneva, sans-serif;\">Le Ministre a soulign\u00e9 l\u2019importance de cette initiative pour la C\u00f4te d\u2019Ivoire et a montr\u00e9 l\u2019engagement ivoirien \u00e0 lutter contre les effets d\u00e9vastateurs de la s\u00e9cheresse.<\/span><\/p>\n<p style=\"text-align: justify;\"><span style=\"font-family: verdana, geneva, sans-serif;\"><em>\u00ab J\u2019ai r\u00e9affirm\u00e9 aupr\u00e8s de mon homologue, l\u2019int\u00e9r\u00eat de la C\u00f4te d\u2019Ivoire pour cette initiative et la volont\u00e9 du pays \u00e0 b\u00e9n\u00e9ficier de ce fonds car les vagues de s\u00e9cheresse touchent presque tous les coins de la terre, y compris notre patrie \u00bb<\/em>, a d\u00e9clar\u00e9 le Ministre Assahor\u00e9.<\/span><\/p>\n<p style=\"text-align: justify;\"><span style=\"font-family: verdana, geneva, sans-serif;\">Le Ministre saoudien a salu\u00e9 la qualit\u00e9 des relations bilat\u00e9rales entre la C\u00f4te d\u2019Ivoire et le Royaume d&#8217;Arabie Saoudite, exprimant sa satisfaction quant aux \u00e9changes fructueux. Il a \u00e9galement annonc\u00e9 la mise en \u0153uvre prochaine d&#8217;une nouvelle initiative en faveur des pays africains dans le domaine de l\u2019agriculture, renfor\u00e7ant ainsi la coop\u00e9ration et le soutien mutuel entre les nations.<\/span><\/p>\n","protected":false},"excerpt":{"rendered":"<p>La mobilisation des financements et le renforcement de la coop\u00e9ration internationale sont au c\u0153ur de l\u2019agenda du Ministre de l\u2019Environnement, du D\u00e9veloppement Durable et de la Transition \u00c9cologique, Monsieur Assahor\u00e9 [&hellip;]<\/p>\n","protected":false},"author":1,"featured_media":5865,"comment_status":"closed","ping_status":"closed","sticky":false,"template":"","format":"standard","meta":{"_lmt_disableupdate":"no","_lmt_disable":"","pgc_sgb_lightbox_settings":""},"categories":[58],"tags":[],"post_folder":[59],"modified_by":"MINEDD","_links":{"self":[{"href":"https:\/\/did-dev.net\/mineddte\/wp-json\/wp\/v2\/posts\/5864"}],"collection":[{"href":"https:\/\/did-dev.net\/mineddte\/wp-json\/wp\/v2\/posts"}],"about":[{"href":"https:\/\/did-dev.net\/mineddte\/wp-json\/wp\/v2\/types\/post"}],"author":[{"embeddable":true,"href":"https:\/\/did-dev.net\/mineddte\/wp-json\/wp\/v2\/users\/1"}],"replies":[{"embeddable":true,"href":"https:\/\/did-dev.net\/mineddte\/wp-json\/wp\/v2\/comments?post=5864"}],"version-history":[{"count":1,"href":"https:\/\/did-dev.net\/mineddte\/wp-json\/wp\/v2\/posts\/5864\/revisions"}],"predecessor-version":[{"id":5867,"href":"https:\/\/did-dev.net\/mineddte\/wp-json\/wp\/v2\/posts\/5864\/revisions\/5867"}],"wp:featuredmedia":[{"embeddable":true,"href":"https:\/\/did-dev.net\/mineddte\/wp-json\/wp\/v2\/media\/5865"}],"wp:attachment":[{"href":"https:\/\/did-dev.net\/mineddte\/wp-json\/wp\/v2\/media?parent=5864"}],"wp:term":[{"taxonomy":"category","embeddable":true,"href":"https:\/\/did-dev.net\/mineddte\/wp-json\/wp\/v2\/categories?post=5864"},{"taxonomy":"post_tag","embeddable":true,"href":"https:\/\/did-dev.net\/mineddte\/wp-json\/wp\/v2\/tags?post=5864"},{"taxonomy":"post_folder","embeddable":true,"href":"https:\/\/did-dev.net\/mineddte\/wp-json\/wp\/v2\/post_folder?post=5864"}],"curies":[{"name":"wp","href":"https:\/\/api.w.org\/{rel}","templated":true}]}}