{"id":5860,"date":"2024-11-30T17:35:07","date_gmt":"2024-11-30T17:35:07","guid":{"rendered":"https:\/\/did-dev.net\/mineddte\/?p=5860"},"modified":"2024-12-10T10:02:48","modified_gmt":"2024-12-10T10:02:48","slug":"teledetection-de-lenvironnement-le-professeur-jide-kufoniyi-appelle-lafrique-a-developper-des-politiques-et-strategies-spatiales","status":"publish","type":"post","link":"https:\/\/did-dev.net\/mineddte\/teledetection-de-lenvironnement-le-professeur-jide-kufoniyi-appelle-lafrique-a-developper-des-politiques-et-strategies-spatiales\/","title":{"rendered":"TELEDETECTION DE L\u2019ENVIRONNEMENT : LE PROFESSEUR JIDE KUFONIYI APPELLE L\u2019AFRIQUE A DEVELOPPER DES POLITIQUES ET STRATEGIES SPATIALES"},"content":{"rendered":"<p style=\"text-align: justify;\"><span style=\"font-family: verdana, geneva, sans-serif;\">Le Professeur Jide Kufoniyi a appel\u00e9, le samedi 30 novembre 2024, les gouvernements africains et l\u2019Union africaine \u00e0 soutenir la mise en \u0153uvre continue de politiques et strat\u00e9gies spatiales panafricaines.<\/span><\/p>\n<p style=\"text-align: justify;\"><span style=\"font-family: verdana, geneva, sans-serif;\">C\u2019\u00e9tait au cours de la c\u00e9r\u00e9monie de cl\u00f4ture de la 14\u00e8me conf\u00e9rence de l&#8217;Association Africaine de T\u00e9l\u00e9d\u00e9tection de l&#8217;Environnement (AARSE), qui s\u2019est d\u00e9roul\u00e9e au Sofitel H\u00f4tel Ivoire d\u2019Abidjan, sous le th\u00e8me <strong><em>\u00ab Observation de la Terre : Pilier du d\u00e9veloppement \u00e9conomique durable de l&#8217;Afrique \u00bb.<\/em><\/strong><\/span><\/p>\n<p style=\"text-align: justify;\"><span style=\"font-family: verdana, geneva, sans-serif;\">Encourageant la collaboration et les partenariats \u00e0 travers le continent sur l\u2019espace, il a exhort\u00e9 les institutions gouvernementales et les agences spatiales nationales \u00e0 rendre les donn\u00e9es de t\u00e9l\u00e9d\u00e9tection disponibles et accessibles au profit de l&#8217;\u00e9ducation, de la recherche et du d\u00e9veloppement.<\/span><\/p>\n<p style=\"text-align: justify;\"><span style=\"font-family: verdana, geneva, sans-serif;\">La c\u00e9r\u00e9monie de cl\u00f4ture a \u00e9t\u00e9 pr\u00e9sid\u00e9e par Monsieur Yessoh M\u00e9dard, Inspecteur Charg\u00e9 des Infrastructures Environnementales et des D\u00e9chets Industriels, repr\u00e9sentant le Ministre Assahor\u00e9 Konan Jacques.<\/span><\/p>\n<p style=\"text-align: justify;\"><span style=\"font-family: verdana, geneva, sans-serif;\">Dans son allocution, Monsieur Yessoh M\u00e9dard a salu\u00e9 les organisateurs et les partenaires pour le choix port\u00e9 sur la C\u00f4te d\u2019Ivoire pour la tenue de ces assises et pour leur engagement en faveur d\u2019un avenir durable pour l\u2019Afrique.<\/span><\/p>\n<p style=\"text-align: justify;\"><span style=\"font-family: verdana, geneva, sans-serif;\"><em>\u00abDe grandes r\u00e9solutions sont attendues et nous esp\u00e9rons que ces r\u00e9solutions participeront \u00e0 optimiser les grandes initiatives de d\u00e9veloppement de l&#8217;ensemble de nos pays africains qui subissent les effets pervers des cons\u00e9quences climatiques des actes de d\u00e9veloppement mise en \u0153uvre par d&#8217;autres continents.\u00bb<\/em>, a-t-il souhait\u00e9.<\/span><\/p>\n<p style=\"text-align: justify;\"><span style=\"font-family: verdana, geneva, sans-serif;\">La c\u00e9r\u00e9monie a vu la pr\u00e9sence du Professeur Affian Kouadio, Pr\u00e9sident du Comit\u00e9 Scientifique, du Dr Mahaman Bachir Saley, Coordinateur du programme GMES &amp; Afrique, des repr\u00e9sentants issus des universit\u00e9s, des institutions de recherche internationales, du secteur public et priv\u00e9 et des ONG.<\/span><\/p>\n<p style=\"text-align: justify;\"><span style=\"font-family: verdana, geneva, sans-serif;\">Pour rappel, l\u2019Association Africaine de T\u00e9l\u00e9d\u00e9tection de l\u2019Environnement (AARSE) organise chaque deux ans une conf\u00e9rence \u00e0 travers l\u2019Afrique pour sensibiliser les gouvernements, les institutions de recherche, les organisations internationales, le secteur priv\u00e9, la soci\u00e9t\u00e9 civile et les ONG aux avantages li\u00e9s au d\u00e9veloppement, l\u2019application et \u00e0 l\u2019utilisation responsable des produits et services des syst\u00e8mes d\u2019observation de la Terre et des technologies de g\u00e9o-information en Afrique. La 15\u00e8me \u00e9dition aura lieu \u00e0 Zimbabwe du 26 au 30 octobre 2026.<\/span><\/p>\n<p style=\"text-align: justify;\"><span style=\"font-family: verdana, geneva, sans-serif;\">L\u2019observation de la Terre joue un r\u00f4le important dans le d\u00e9veloppement des donn\u00e9es g\u00e9ospatiales, des informations et des connaissances pr\u00e9cises pour soutenir les efforts des nations dans la r\u00e9alisation de leur programme de d\u00e9veloppement et l\u2019atteinte des Objectifs de D\u00e9veloppement Durable (ODD).<\/span><\/p>\n","protected":false},"excerpt":{"rendered":"<p>Le Professeur Jide Kufoniyi a appel\u00e9, le samedi 30 novembre 2024, les gouvernements africains et l\u2019Union africaine \u00e0 soutenir la mise en \u0153uvre continue de politiques et strat\u00e9gies spatiales panafricaines. [&hellip;]<\/p>\n","protected":false},"author":1,"featured_media":5861,"comment_status":"closed","ping_status":"closed","sticky":false,"template":"","format":"standard","meta":{"_lmt_disableupdate":"no","_lmt_disable":"","pgc_sgb_lightbox_settings":""},"categories":[58],"tags":[],"post_folder":[59],"modified_by":"MINEDD","_links":{"self":[{"href":"https:\/\/did-dev.net\/mineddte\/wp-json\/wp\/v2\/posts\/5860"}],"collection":[{"href":"https:\/\/did-dev.net\/mineddte\/wp-json\/wp\/v2\/posts"}],"about":[{"href":"https:\/\/did-dev.net\/mineddte\/wp-json\/wp\/v2\/types\/post"}],"author":[{"embeddable":true,"href":"https:\/\/did-dev.net\/mineddte\/wp-json\/wp\/v2\/users\/1"}],"replies":[{"embeddable":true,"href":"https:\/\/did-dev.net\/mineddte\/wp-json\/wp\/v2\/comments?post=5860"}],"version-history":[{"count":1,"href":"https:\/\/did-dev.net\/mineddte\/wp-json\/wp\/v2\/posts\/5860\/revisions"}],"predecessor-version":[{"id":5862,"href":"https:\/\/did-dev.net\/mineddte\/wp-json\/wp\/v2\/posts\/5860\/revisions\/5862"}],"wp:featuredmedia":[{"embeddable":true,"href":"https:\/\/did-dev.net\/mineddte\/wp-json\/wp\/v2\/media\/5861"}],"wp:attachment":[{"href":"https:\/\/did-dev.net\/mineddte\/wp-json\/wp\/v2\/media?parent=5860"}],"wp:term":[{"taxonomy":"category","embeddable":true,"href":"https:\/\/did-dev.net\/mineddte\/wp-json\/wp\/v2\/categories?post=5860"},{"taxonomy":"post_tag","embeddable":true,"href":"https:\/\/did-dev.net\/mineddte\/wp-json\/wp\/v2\/tags?post=5860"},{"taxonomy":"post_folder","embeddable":true,"href":"https:\/\/did-dev.net\/mineddte\/wp-json\/wp\/v2\/post_folder?post=5860"}],"curies":[{"name":"wp","href":"https:\/\/api.w.org\/{rel}","templated":true}]}}