{"id":5856,"date":"2024-11-28T14:59:29","date_gmt":"2024-11-28T14:59:29","guid":{"rendered":"https:\/\/did-dev.net\/mineddte\/?p=5856"},"modified":"2024-12-04T09:39:05","modified_gmt":"2024-12-04T09:39:05","slug":"systeme-de-remontee-des-incidents-environnementaux-srie-les-acteurs-de-mise-en-oeuvre-formes-a-lutilisation-de-loutil","status":"publish","type":"post","link":"https:\/\/did-dev.net\/mineddte\/systeme-de-remontee-des-incidents-environnementaux-srie-les-acteurs-de-mise-en-oeuvre-formes-a-lutilisation-de-loutil\/","title":{"rendered":"SYSTEME DE REMONTEE DES INCIDENTS ENVIRONNEMENTAUX (SRIE) : LES ACTEURS DE MISE EN \u0152UVRE FORMES A L\u2019UTILISATION DE L\u2019OUTIL"},"content":{"rendered":"<p style=\"text-align: justify;\"><span style=\"font-family: verdana, geneva, sans-serif;\">La Direction de l\u2019Informatique et de la Documentation du Minist\u00e8re de l\u2019Environnement, du D\u00e9veloppement Durable et de la Transition \u00c9cologique (MINEDDTE) a proc\u00e9d\u00e9 au d\u00e9ploiement du prototype fonctionnel de la plateforme num\u00e9rique de saisine des incidents et des risques environnementaux, d\u00e9nomm\u00e9e \u00ab Syst\u00e8me de Remont\u00e9e des Incidents Environnementaux \u00bb (SRIE).<\/span><\/p>\n<p style=\"text-align: justify;\"><span style=\"font-family: verdana, geneva, sans-serif;\">Cette initiative visait \u00e0 rendre la plateforme SRIE op\u00e9rationnelle dans cinq r\u00e9gions pilotes et aupr\u00e8s des structures sous-tutelle du Minist\u00e8re en charge de l\u2019Environnement.<\/span><\/p>\n<p style=\"text-align: justify;\"><span style=\"font-family: verdana, geneva, sans-serif;\">Du 28 octobre au 18 novembre 2024, les Directions R\u00e9gionales des Lagunes, du Haut Sassandra, du Gontougo, du Gb\u00eak\u00ea, du Poro et les structures sous-tutelle (OIPR &#8211; CIAPOL &#8211; ANDE) ont b\u00e9n\u00e9fici\u00e9 de sessions de formation en mati\u00e8re d\u2019installation des \u00e9quipements du projet, d\u2019installation et de configuration de l\u2019application SRIE, renfor\u00e7ant ainsi les capacit\u00e9s des points focaux d\u00e9sign\u00e9s.<\/span><\/p>\n<p style=\"text-align: justify;\"><span style=\"font-family: verdana, geneva, sans-serif;\">Le SRIE permettra \u00e0 la population ivoirienne de signaler facilement les incidents et risques environnementaux pour une meilleure gestion et une protection de l\u2019environnement. C\u2019est pourquoi, cette s\u00e9rie de formation marque une \u00e9tape importante dans la mobilisation des acteurs de mise en \u0153uvre. Le MINEDDTE invite toutes les parties prenantes \u00e0 soutenir la d\u00e9marche pour un environnement plus s\u00fbr et durable.<\/span><\/p>\n","protected":false},"excerpt":{"rendered":"<p>La Direction de l\u2019Informatique et de la Documentation du Minist\u00e8re de l\u2019Environnement, du D\u00e9veloppement Durable et de la Transition \u00c9cologique (MINEDDTE) a proc\u00e9d\u00e9 au d\u00e9ploiement du prototype fonctionnel de la [&hellip;]<\/p>\n","protected":false},"author":1,"featured_media":5857,"comment_status":"closed","ping_status":"closed","sticky":false,"template":"","format":"standard","meta":{"_lmt_disableupdate":"no","_lmt_disable":"","pgc_sgb_lightbox_settings":""},"categories":[58],"tags":[],"post_folder":[59],"modified_by":"MINEDD","_links":{"self":[{"href":"https:\/\/did-dev.net\/mineddte\/wp-json\/wp\/v2\/posts\/5856"}],"collection":[{"href":"https:\/\/did-dev.net\/mineddte\/wp-json\/wp\/v2\/posts"}],"about":[{"href":"https:\/\/did-dev.net\/mineddte\/wp-json\/wp\/v2\/types\/post"}],"author":[{"embeddable":true,"href":"https:\/\/did-dev.net\/mineddte\/wp-json\/wp\/v2\/users\/1"}],"replies":[{"embeddable":true,"href":"https:\/\/did-dev.net\/mineddte\/wp-json\/wp\/v2\/comments?post=5856"}],"version-history":[{"count":1,"href":"https:\/\/did-dev.net\/mineddte\/wp-json\/wp\/v2\/posts\/5856\/revisions"}],"predecessor-version":[{"id":5858,"href":"https:\/\/did-dev.net\/mineddte\/wp-json\/wp\/v2\/posts\/5856\/revisions\/5858"}],"wp:featuredmedia":[{"embeddable":true,"href":"https:\/\/did-dev.net\/mineddte\/wp-json\/wp\/v2\/media\/5857"}],"wp:attachment":[{"href":"https:\/\/did-dev.net\/mineddte\/wp-json\/wp\/v2\/media?parent=5856"}],"wp:term":[{"taxonomy":"category","embeddable":true,"href":"https:\/\/did-dev.net\/mineddte\/wp-json\/wp\/v2\/categories?post=5856"},{"taxonomy":"post_tag","embeddable":true,"href":"https:\/\/did-dev.net\/mineddte\/wp-json\/wp\/v2\/tags?post=5856"},{"taxonomy":"post_folder","embeddable":true,"href":"https:\/\/did-dev.net\/mineddte\/wp-json\/wp\/v2\/post_folder?post=5856"}],"curies":[{"name":"wp","href":"https:\/\/api.w.org\/{rel}","templated":true}]}}