{"id":5852,"date":"2024-11-28T08:14:45","date_gmt":"2024-11-28T08:14:45","guid":{"rendered":"https:\/\/did-dev.net\/mineddte\/?p=5852"},"modified":"2024-12-02T09:33:23","modified_gmt":"2024-12-02T09:33:23","slug":"14eme-conference-de-laarse-le-ministre-assahore-appelle-a-la-reflexion-sur-lutilisation-des-technologies-dobservation-de-la-terre-pour-une-transition-ecologique-renforcee","status":"publish","type":"post","link":"https:\/\/did-dev.net\/mineddte\/14eme-conference-de-laarse-le-ministre-assahore-appelle-a-la-reflexion-sur-lutilisation-des-technologies-dobservation-de-la-terre-pour-une-transition-ecologique-renforcee\/","title":{"rendered":"14\u00c8ME CONF\u00c9RENCE DE L\u2019AARSE : LE MINISTRE ASSAHOR\u00c9 APPELLE \u00c0 LA R\u00c9FLEXION SUR L\u2019UTILISATION DES TECHNOLOGIES D&#8217;OBSERVATION DE LA TERRE POUR UNE TRANSITION \u00c9COLOGIQUE RENFORC\u00c9E"},"content":{"rendered":"<p style=\"text-align: justify;\">\u00a0<\/p>\n<p style=\"text-align: justify;\"><span style=\"font-family: verdana, geneva, sans-serif;\">La 14<sup>\u00e8me<\/sup> conf\u00e9rence de l&#8217;Association Africaine de t\u00e9l\u00e9d\u00e9tection de l&#8217;environnement (AARSE) plac\u00e9e sous le th\u00e8me <strong><em>\u00ab Observation de la Terre : Pilier du d\u00e9veloppement \u00e9conomique durable de l&#8217;Afrique \u00bb<\/em><\/strong>, s\u2019est ouverte ce mercredi 27 novembre 2024, au Sofitel h\u00f4tel Ivoire, \u00e0 Abidjan, C\u00f4te d\u2019Ivoire.<\/span><\/p>\n<p style=\"text-align: justify;\"><span style=\"font-family: verdana, geneva, sans-serif;\">La c\u00e9r\u00e9monie a \u00e9t\u00e9 pr\u00e9sid\u00e9e par le Ministre de l\u2019Environnement, du D\u00e9veloppement Durable et de la Transition Ecologique, monsieur Assahor\u00e9 Konan Jacques. Elle a enregistr\u00e9 la pr\u00e9sence d\u2019\u00e9minentes personnalit\u00e9s dont, le Professeur Jide Kufoniyi, repr\u00e9sentant le Pr\u00e9sident de l\u2019AARSE monsieur Kamal Labbassi, le Professeur Affian Kouadio, Pr\u00e9sident du Comit\u00e9 Scientifique, de Monsieur Marc Buchman, Chef de la d\u00e9l\u00e9gation de l\u2019Union Europ\u00e9enne et le Dr Tidiane Ouattara, Pr\u00e9sident du Conseil Spatial Africain.\u00a0<\/span><\/p>\n<p style=\"text-align: justify;\"><span style=\"font-family: verdana, geneva, sans-serif;\">L\u2019\u00e9dition 2024 vise \u00e0 mettre en \u00e9vidence le potentiel de transformation des technologies d&#8217;Observation de la Terre (OT) pour relever les d\u00e9fis \u00e9conomiques, environnementaux et soci\u00e9taux de l&#8217;Afrique.<\/span><\/p>\n<p style=\"text-align: justify;\"><span style=\"font-family: verdana, geneva, sans-serif;\">Face aux d\u00e9fis multiples li\u00e9s au d\u00e9veloppement \u00e9conomique, \u00e0 la durabilit\u00e9 environnementale et \u00e0 la r\u00e9silience climatique auxquels l&#8217;Afrique est confront\u00e9e, l&#8217;utilisation des technologies d&#8217;Observation de la Terre devient essentielle. Ces technologies fournissent des donn\u00e9es et des informations n\u00e9cessaires pour g\u00e9rer les ressources naturelles de l&#8217;Afrique, lutter contre le changement climatique, am\u00e9liorer la productivit\u00e9 agricole et soutenir le d\u00e9veloppement des infrastructures.<\/span><\/p>\n<p style=\"text-align: justify;\"><span style=\"font-family: verdana, geneva, sans-serif;\">Le Ministre Assahor\u00e9 a invit\u00e9 les diff\u00e9rents acteurs \u00e0 r\u00e9fl\u00e9chir sur les moyens de transformer ces technologies en outils concrets afin de favoriser la transition \u00e9cologique.<\/span><\/p>\n<p style=\"text-align: justify;\"><span style=\"font-family: verdana, geneva, sans-serif;\">Il a rappel\u00e9 les potentialit\u00e9s de l\u2019observation de la Terre qui contribuent au d\u00e9veloppement aux secteurs cl\u00e9s de l&#8217;\u00e9conomie africaine telles que l&#8217;agriculture, les ressources en eau, les infrastructures, la planification urbaine et la gestion des ressources naturelles.<\/span><\/p>\n<p style=\"text-align: justify;\"><span style=\"font-family: verdana, geneva, sans-serif;\"><em>\u00ab\u00a0Grace aux donn\u00e9es fournies par les satellites, les drones et autres outils de t\u00e9l\u00e9d\u00e9tection, il est d\u00e9sormais possible de mieux comprendre, surveiller et g\u00e9rer nos ressources naturelles tout en assurant leur pr\u00e9servation pour les g\u00e9n\u00e9rations futures.\u00a0\u00bb<\/em>, a-t-il indiqu\u00e9.<\/span><\/p>\n<p style=\"text-align: justify;\"><span style=\"font-family: verdana, geneva, sans-serif;\">Malgr\u00e9 ces potentialit\u00e9s, des d\u00e9fis restent \u00e0 relever. \u00c0 en croire le Ministre, il s\u2019agit de l\u2019acc\u00e8s \u00e9quitable aux donn\u00e9es satellitaires pour tous les pays africains\u00a0; de la formation des jeunes aux m\u00e9tiers de la t\u00e9l\u00e9d\u00e9tection et de l\u2019analyse de donn\u00e9es g\u00e9ospatiales\u00a0; et du renforcement des partenariats entre les institutions publiques et priv\u00e9es.<\/span><\/p>\n<p style=\"text-align: justify;\"><span style=\"font-family: verdana, geneva, sans-serif;\">Il a salu\u00e9 l\u2019initiative de cette conf\u00e9rence qui offre une plateforme d\u2019\u00e9change d\u2019id\u00e9es, de partage d\u2019exp\u00e9riences et d\u2019\u00e9laboration de strat\u00e9gies communes.<\/span><\/p>\n<p style=\"text-align: justify;\"><span style=\"font-family: verdana, geneva, sans-serif;\"><em>\u00ab\u00a0Les r\u00e9sultats de ces \u00e9changes permettront \u00e0 la C\u00f4te d\u2019Ivoire de renforcer ses actions d\u2019adaptation aux effets du changement climatique, de lutter contre l\u2019orpaillage clandestin, la d\u00e9sertification, la s\u00e9cheresse et d\u2019am\u00e9liorer les conditions de vie de ses populations. En mettant ces technologies au service de nos priorit\u00e9s socio-\u00e9conomiques, nous pourrons b\u00e2tir un continent r\u00e9silient, inclusif et prosp\u00e8re. \u00bb<\/em>, a-t-il conclu.<\/span><\/p>\n<p style=\"text-align: justify;\"><span style=\"font-family: verdana, geneva, sans-serif;\">Quant au Pr\u00e9sident du Comit\u00e9 Scientifique, le Professeur Affian Kouadio, Pr\u00e9sident du Comit\u00e9 Scientifique, il a invit\u00e9 le monde scientifique \u00e0 plus de responsabilit\u00e9 notamment, dans la production de connaissances de qualit\u00e9 en exploitant la technologie de t\u00e9l\u00e9d\u00e9tection et d\u2019analyses des donn\u00e9es g\u00e9o-spatiales \u00a0pour r\u00e9pondre aux besoins sp\u00e9cifique de l\u2019Afrique et de traduire ses connaissances en solutions concr\u00e8tes pour offrir aux populations des solutions pratiques.<\/span><\/p>\n<p style=\"text-align: justify;\"><span style=\"font-family: verdana, geneva, sans-serif;\">Cr\u00e9\u00e9e en 1992, l\u2019Association Africaine de T\u00e9l\u00e9d\u00e9tection de l\u2019Environnement\u00a0(AARSE) organise chaque deux ans une conf\u00e9rence \u00e0 travers l\u2019Afrique pour sensibiliser les gouvernements, les institutions, les organisations internationales, le secteur priv\u00e9, la soci\u00e9t\u00e9 civile et les ONG aux avantages li\u00e9s au d\u00e9veloppement, l\u2019application et \u00e0 l\u2019utilisation responsable des produits et services des syst\u00e8mes d\u2019Observation de la Terre et des technologies de g\u00e9o-information en Afrique. <\/span><\/p>\n<p style=\"text-align: justify;\"><span style=\"font-family: verdana, geneva, sans-serif;\">Cette 14<sup>\u00e8me<\/sup> conf\u00e9rence r\u00e9unit, dans la capitale ivoirienne du 26 au 30 novembre, des d\u00e9cideurs politiques, des scientifiques, des chefs d&#8217;entreprise et d&#8217;autres parties prenantes pour discuter du r\u00f4le essentiel de l\u2019OT dans le programme de d\u00e9veloppement de l&#8217;Afrique.<\/span><\/p>\n","protected":false},"excerpt":{"rendered":"<p>\u00a0 La 14\u00e8me conf\u00e9rence de l&#8217;Association Africaine de t\u00e9l\u00e9d\u00e9tection de l&#8217;environnement (AARSE) plac\u00e9e sous le th\u00e8me \u00ab Observation de la Terre : Pilier du d\u00e9veloppement \u00e9conomique durable de l&#8217;Afrique \u00bb, [&hellip;]<\/p>\n","protected":false},"author":1,"featured_media":5854,"comment_status":"closed","ping_status":"closed","sticky":false,"template":"","format":"standard","meta":{"_lmt_disableupdate":"no","_lmt_disable":"","pgc_sgb_lightbox_settings":""},"categories":[58],"tags":[],"post_folder":[59],"modified_by":"MINEDD","_links":{"self":[{"href":"https:\/\/did-dev.net\/mineddte\/wp-json\/wp\/v2\/posts\/5852"}],"collection":[{"href":"https:\/\/did-dev.net\/mineddte\/wp-json\/wp\/v2\/posts"}],"about":[{"href":"https:\/\/did-dev.net\/mineddte\/wp-json\/wp\/v2\/types\/post"}],"author":[{"embeddable":true,"href":"https:\/\/did-dev.net\/mineddte\/wp-json\/wp\/v2\/users\/1"}],"replies":[{"embeddable":true,"href":"https:\/\/did-dev.net\/mineddte\/wp-json\/wp\/v2\/comments?post=5852"}],"version-history":[{"count":2,"href":"https:\/\/did-dev.net\/mineddte\/wp-json\/wp\/v2\/posts\/5852\/revisions"}],"predecessor-version":[{"id":5859,"href":"https:\/\/did-dev.net\/mineddte\/wp-json\/wp\/v2\/posts\/5852\/revisions\/5859"}],"wp:featuredmedia":[{"embeddable":true,"href":"https:\/\/did-dev.net\/mineddte\/wp-json\/wp\/v2\/media\/5854"}],"wp:attachment":[{"href":"https:\/\/did-dev.net\/mineddte\/wp-json\/wp\/v2\/media?parent=5852"}],"wp:term":[{"taxonomy":"category","embeddable":true,"href":"https:\/\/did-dev.net\/mineddte\/wp-json\/wp\/v2\/categories?post=5852"},{"taxonomy":"post_tag","embeddable":true,"href":"https:\/\/did-dev.net\/mineddte\/wp-json\/wp\/v2\/tags?post=5852"},{"taxonomy":"post_folder","embeddable":true,"href":"https:\/\/did-dev.net\/mineddte\/wp-json\/wp\/v2\/post_folder?post=5852"}],"curies":[{"name":"wp","href":"https:\/\/api.w.org\/{rel}","templated":true}]}}