{"id":5849,"date":"2024-11-22T09:59:07","date_gmt":"2024-11-22T09:59:07","guid":{"rendered":"https:\/\/did-dev.net\/mineddte\/?p=5849"},"modified":"2024-11-28T14:46:10","modified_gmt":"2024-11-28T14:46:10","slug":"statistiques-de-lenvironnement-et-du-changement-climatique-le-mineddte-valide-le-rapport-diagnostic-et-les-orientations-strategiques","status":"publish","type":"post","link":"https:\/\/did-dev.net\/mineddte\/statistiques-de-lenvironnement-et-du-changement-climatique-le-mineddte-valide-le-rapport-diagnostic-et-les-orientations-strategiques\/","title":{"rendered":"STATISTIQUES DE L\u2019ENVIRONNEMENT ET DU CHANGEMENT CLIMATIQUE : LE MINEDDTE VALIDE LE RAPPORT DIAGNOSTIC ET LES ORIENTATIONS STRATEGIQUES"},"content":{"rendered":"<p style=\"text-align: justify;\">\u00a0<\/p>\n<p style=\"text-align: justify;\"><span style=\"font-family: verdana, geneva, sans-serif;\">Le jeudi 21 novembre 2024 s\u2019est tenu, l\u2019atelier de validation du rapport diagnostic et des orientations strat\u00e9giques de la premi\u00e8re Strat\u00e9gie de D\u00e9veloppement des Statistiques de l\u2019Environnement et du Changement Climatique de la C\u00f4te d\u2019Ivoire (SDSECC-I\/CI).<\/span><\/p>\n<p style=\"text-align: justify;\"><span style=\"font-family: verdana, geneva, sans-serif;\">Pr\u00e9sid\u00e9e par Monsieur Elys\u00e9e Napari YEO, Directeur de cabinet adjoint, repr\u00e9sentant le Ministre de l\u2019Environnement du D\u00e9veloppement Durable et de la Transition Ecologique, cette activit\u00e9 a r\u00e9uni plusieurs acteurs du syst\u00e8me des statistiques.<\/span><\/p>\n<p style=\"text-align: justify;\"><span style=\"font-family: verdana, geneva, sans-serif;\">Il s\u2019agissait pour eux d\u2019examiner et de valider le rapport issu de l\u2019\u00e9tat des lieux ainsi que des orientations strat\u00e9giques en vue d\u2019obtenir une base solide pour la mise en \u0153uvre de la SDSECC-1\/CI.<\/span><\/p>\n<p style=\"text-align: justify;\"><span style=\"font-family: verdana, geneva, sans-serif;\">Dans son allocution d\u2019ouverture, le Directeur de Cabinet Adjoint a tenu \u00e0 rappeler l\u2019importance de la production des donn\u00e9es statistiques.<\/span><\/p>\n<p style=\"text-align: justify;\"><span style=\"font-family: verdana, geneva, sans-serif;\">\u00ab Le d\u00e9veloppement des statistiques r\u00e9v\u00e8le une importance capitale pour notre pays notamment quand elles concernent l\u2019environnement et le changement climatiques. Ces donn\u00e9es faciliteront l\u2019\u00e9laboration des diff\u00e9rents rapports d\u2019\u00e9tudes par le code de l\u2019environnement.\u00bb, a-t-il indiqu\u00e9.<\/span><\/p>\n<p style=\"text-align: justify;\"><span style=\"font-family: verdana, geneva, sans-serif;\">Il a \u00e9galement ajout\u00e9 que ces donn\u00e9es statistiques coordonn\u00e9es et r\u00e9guli\u00e8rement actualis\u00e9es permettront de fournir des informations fiables et compl\u00e8tes pour chaque rapport.<\/span><\/p>\n<p style=\"text-align: justify;\"><span style=\"font-family: verdana, geneva, sans-serif;\">&lt;&lt;Ce qui renforce notre capacit\u00e9 \u00e0 suivre l\u2019\u00e9volution de l\u2019environnement et \u00e0 \u00e9valuer l\u2019impact de nos actions. Ainsi, gr\u00e2ce \u00e0 ces informations nous serons en mesure de mieux orienter notre politique environnementale et de r\u00e9pondre aux obligations internationales qui nous lient tout en assurant une transparence envers nos citoyens.\u00bb, a-t-il soulign\u00e9.<\/span><\/p>\n<p style=\"text-align: justify;\"><span style=\"font-family: verdana, geneva, sans-serif;\">Pour sa part, M. Bohoussou Marc a tenu a remerci\u00e9 les participants pour leur implication dans la rencontre du jour. \u00ab C\u2019est un honneur d\u2019organiser cet atelier qui marque une avanc\u00e9e significative dans notre ambition continue d\u2019am\u00e9liorer la qualit\u00e9 et la coh\u00e9rence des donn\u00e9es environnementales de notre pays.\u00bb, a-t-il d\u00e9clar\u00e9.<\/span><\/p>\n<p style=\"text-align: justify;\"><span style=\"font-family: verdana, geneva, sans-serif;\">Cet atelier s\u2019inscrit dans une dynamique de progr\u00e8s et d\u2019institutionnalisation des statistiques environnementales en C\u00f4te d\u2019Ivoire et contribuera \u00e0 renforcer la gestion et la gouvernance des politiques environnementales et climatiques du pays, assurant une meilleure prise en compte des enjeux durables au niveau national.<\/span><\/p>\n","protected":false},"excerpt":{"rendered":"<p>\u00a0 Le jeudi 21 novembre 2024 s\u2019est tenu, l\u2019atelier de validation du rapport diagnostic et des orientations strat\u00e9giques de la premi\u00e8re Strat\u00e9gie de D\u00e9veloppement des Statistiques de l\u2019Environnement et du [&hellip;]<\/p>\n","protected":false},"author":1,"featured_media":5850,"comment_status":"closed","ping_status":"closed","sticky":false,"template":"","format":"standard","meta":{"_lmt_disableupdate":"no","_lmt_disable":"","pgc_sgb_lightbox_settings":""},"categories":[58],"tags":[],"post_folder":[59],"modified_by":"MINEDD","_links":{"self":[{"href":"https:\/\/did-dev.net\/mineddte\/wp-json\/wp\/v2\/posts\/5849"}],"collection":[{"href":"https:\/\/did-dev.net\/mineddte\/wp-json\/wp\/v2\/posts"}],"about":[{"href":"https:\/\/did-dev.net\/mineddte\/wp-json\/wp\/v2\/types\/post"}],"author":[{"embeddable":true,"href":"https:\/\/did-dev.net\/mineddte\/wp-json\/wp\/v2\/users\/1"}],"replies":[{"embeddable":true,"href":"https:\/\/did-dev.net\/mineddte\/wp-json\/wp\/v2\/comments?post=5849"}],"version-history":[{"count":1,"href":"https:\/\/did-dev.net\/mineddte\/wp-json\/wp\/v2\/posts\/5849\/revisions"}],"predecessor-version":[{"id":5851,"href":"https:\/\/did-dev.net\/mineddte\/wp-json\/wp\/v2\/posts\/5849\/revisions\/5851"}],"wp:featuredmedia":[{"embeddable":true,"href":"https:\/\/did-dev.net\/mineddte\/wp-json\/wp\/v2\/media\/5850"}],"wp:attachment":[{"href":"https:\/\/did-dev.net\/mineddte\/wp-json\/wp\/v2\/media?parent=5849"}],"wp:term":[{"taxonomy":"category","embeddable":true,"href":"https:\/\/did-dev.net\/mineddte\/wp-json\/wp\/v2\/categories?post=5849"},{"taxonomy":"post_tag","embeddable":true,"href":"https:\/\/did-dev.net\/mineddte\/wp-json\/wp\/v2\/tags?post=5849"},{"taxonomy":"post_folder","embeddable":true,"href":"https:\/\/did-dev.net\/mineddte\/wp-json\/wp\/v2\/post_folder?post=5849"}],"curies":[{"name":"wp","href":"https:\/\/api.w.org\/{rel}","templated":true}]}}