{"id":5845,"date":"2024-11-20T10:55:55","date_gmt":"2024-11-20T10:55:55","guid":{"rendered":"https:\/\/did-dev.net\/mineddte\/?p=5845"},"modified":"2024-11-28T14:45:24","modified_gmt":"2024-11-28T14:45:24","slug":"financement-climatique-la-cote-divoire-est-a-lavant-garde-de-plusieurs-mecanismes","status":"publish","type":"post","link":"https:\/\/did-dev.net\/mineddte\/financement-climatique-la-cote-divoire-est-a-lavant-garde-de-plusieurs-mecanismes\/","title":{"rendered":"FINANCEMENT CLIMATIQUE\u00a0: LA COTE D\u2019IVOIRE EST A L\u2019AVANT-GARDE DE PLUSIEURS MECANISMES"},"content":{"rendered":"<p>&nbsp;<\/p>\n<p style=\"text-align: justify;\"><span style=\"font-family: verdana, geneva, sans-serif;\">\u00c0 la COP29 qui se tient \u00e0 Bakou, en Azerba\u00efdjan jusqu\u2019au 22 novembre 2024, la mobilisation des financements est au c\u0153ur de la participation de la C\u00f4te d\u2019Ivoire. Le Conseiller Technique, Professeur Kouadio Georges a repr\u00e9sent\u00e9 le Ministre de l\u2019Environnement, du D\u00e9veloppement Durable et du D\u00e9veloppement Durable \u00e0 des segments de haut niveau qui adressent la question de la finance climatique.<\/span><\/p>\n<p style=\"text-align: justify;\"><span style=\"font-family: verdana, geneva, sans-serif;\">Le mardi 19 novembre, le Conseiller Technique a ouvert un panel sur le financement climatique organis\u00e9 par la Banque Mondiale. Cet important \u00e9v\u00e9nement a pouss\u00e9 les r\u00e9flexions sur la place des march\u00e9s du carbone dans la conduite d\u2019une action climatique transformative, notamment dans les domaines de la foresterie et de l&#8217;utilisation des terres.<\/span><\/p>\n<p style=\"text-align: justify;\"><span style=\"font-family: verdana, geneva, sans-serif;\">Dans son intervention, l\u2019\u00e9missaire du Ministre Assahor\u00e9 a particuli\u00e8rement mis en avant les initiatives ivoiriennes en mati\u00e8re de cr\u00e9dits du carbone. Il a ainsi pr\u00e9sent\u00e9 les r\u00e9sultats obtenus gr\u00e2ce au projet de r\u00e9duction des \u00e9missions des \u00e9missions de carbone autour du parc national de Ta\u00ef (PRE).<\/span><\/p>\n<p style=\"text-align: justify;\"><span style=\"font-family: verdana, geneva, sans-serif;\">\u00ab Actuellement, nous avons atteint un exc\u00e9dent dans la r\u00e9duction des \u00e9missions de carbone par rapport \u00e0 notre pr\u00e9vision initiale de 10 tonnes de CO2 sur une p\u00e9riode de quatre ans. Dans une premi\u00e8re phase, nous avons r\u00e9ussi \u00e0 r\u00e9duire l&#8217;\u00e9quivalent de 7 tonnes de CO2, ce qui a permis de g\u00e9n\u00e9rer 35 millions de dollars. Ce montant a \u00e9t\u00e9 distribu\u00e9 aux personnes ayant particip\u00e9 \u00e0 la restauration du couvert forestier ainsi qu&#8217;aux structures et organismes les ayant soutenus dans cet effort \u00bb, a-t-il indiqu\u00e9.<\/span><\/p>\n<p style=\"text-align: justify;\"><span style=\"font-family: verdana, geneva, sans-serif;\">Il a \u00e9galement ajout\u00e9 que le pays pr\u00e9voyait une r\u00e9duction suppl\u00e9mentaire de 13 tonnes de CO2, dont les discussions sont en cours avec la Banque Mondiale pour une mon\u00e9tisation \u00e0 fort taux, sur le march\u00e9 du carbone.<\/span><\/p>\n<p style=\"text-align: justify;\"><span style=\"font-family: verdana, geneva, sans-serif;\">Des perspectives existent : \u00ab Il s\u2019agit de collaborer avec la Banque mondiale et solliciter un soutien suppl\u00e9mentaire pour \u00e9tendre le projet \u00e0 l&#8217;\u00e9chelle nationale. Notre objectif est de mobiliser l&#8217;ensemble de la communaut\u00e9 nationale pour restaurer le couvert forestier. Nous visons \u00e0 ce que 20 % du couvert forestier soit reconstitu\u00e9 d&#8217;ici 2030, un objectif pour lequel nous sommes d\u00e9j\u00e0 \u00e0 mi-chemin \u00bb, a soutenu le Conseiller Technique.<\/span><\/p>\n<p style=\"text-align: justify;\"><span style=\"font-family: verdana, geneva, sans-serif;\">Madame Jennifer Sara, Directrice du changement climatique \u00e0 la Banque Mondiale a salu\u00e9 les initiatives en cours.<\/span><\/p>\n<p style=\"text-align: justify;\"><span style=\"font-family: verdana, geneva, sans-serif;\">\u00ab Le gouvernement ivoirien et le pays dans son ensemble se distinguent par leurs avanc\u00e9es en mati\u00e8re de changement climatique et de d\u00e9veloppement, surpassant de nombreux autres pays. Les efforts de la C\u00f4te d&#8217;Ivoire sont remarquables et montrent un leadership exemplaire. La Banque mondiale est ravie de collaborer \u00e9troitement avec un partenaire aussi engag\u00e9 que la C\u00f4te d&#8217;Ivoire. \u00bb Jennifer Sara, Directrice du changement climatique \u00e0 la Banque Mondiale \u00bb, a-t-elle soulign\u00e9.<\/span><\/p>\n<p style=\"text-align: justify;\"><span style=\"font-family: verdana, geneva, sans-serif;\">Dans la dynamique de la mobilisation des ressources, Professeur Kouadio Georges a aussi repr\u00e9sent\u00e9 le Ministre en charge de l\u2019environnement au lancement officiellement d\u2019un hub pour l&#8217;acc\u00e9l\u00e9ration de l&#8217;adaptation du G7, un groupe initi\u00e9 par l\u2019Italie.<\/span><\/p>\n<p style=\"text-align: justify;\"><span style=\"font-family: verdana, geneva, sans-serif;\">C\u2019\u00e9tait le 20 novembre 2024. L&#8217;objectif de ce hub est de servir de plateforme cruciale pour connecter les pays avec des partenaires cl\u00e9s, y compris les banques multilat\u00e9rales de d\u00e9veloppement (BMD), les fonds climatiques et les agences techniques. L&#8217;\u00e9v\u00e9nement a r\u00e9uni des ministres et des repr\u00e9sentants de haut niveau. Ceux-ci fait des d\u00e9clarations qui marquent leur engagement politique en faveur de l&#8217;avancement des actions d&#8217;adaptation au climat conform\u00e9ment aux objectifs du Hub.<\/span><\/p>\n","protected":false},"excerpt":{"rendered":"<p>&nbsp; \u00c0 la COP29 qui se tient \u00e0 Bakou, en Azerba\u00efdjan jusqu\u2019au 22 novembre 2024, la mobilisation des financements est au c\u0153ur de la participation de la C\u00f4te d\u2019Ivoire. Le [&hellip;]<\/p>\n","protected":false},"author":1,"featured_media":5846,"comment_status":"closed","ping_status":"closed","sticky":false,"template":"","format":"standard","meta":{"_lmt_disableupdate":"no","_lmt_disable":"","pgc_sgb_lightbox_settings":""},"categories":[58],"tags":[],"post_folder":[59],"modified_by":"MINEDD","_links":{"self":[{"href":"https:\/\/did-dev.net\/mineddte\/wp-json\/wp\/v2\/posts\/5845"}],"collection":[{"href":"https:\/\/did-dev.net\/mineddte\/wp-json\/wp\/v2\/posts"}],"about":[{"href":"https:\/\/did-dev.net\/mineddte\/wp-json\/wp\/v2\/types\/post"}],"author":[{"embeddable":true,"href":"https:\/\/did-dev.net\/mineddte\/wp-json\/wp\/v2\/users\/1"}],"replies":[{"embeddable":true,"href":"https:\/\/did-dev.net\/mineddte\/wp-json\/wp\/v2\/comments?post=5845"}],"version-history":[{"count":1,"href":"https:\/\/did-dev.net\/mineddte\/wp-json\/wp\/v2\/posts\/5845\/revisions"}],"predecessor-version":[{"id":5847,"href":"https:\/\/did-dev.net\/mineddte\/wp-json\/wp\/v2\/posts\/5845\/revisions\/5847"}],"wp:featuredmedia":[{"embeddable":true,"href":"https:\/\/did-dev.net\/mineddte\/wp-json\/wp\/v2\/media\/5846"}],"wp:attachment":[{"href":"https:\/\/did-dev.net\/mineddte\/wp-json\/wp\/v2\/media?parent=5845"}],"wp:term":[{"taxonomy":"category","embeddable":true,"href":"https:\/\/did-dev.net\/mineddte\/wp-json\/wp\/v2\/categories?post=5845"},{"taxonomy":"post_tag","embeddable":true,"href":"https:\/\/did-dev.net\/mineddte\/wp-json\/wp\/v2\/tags?post=5845"},{"taxonomy":"post_folder","embeddable":true,"href":"https:\/\/did-dev.net\/mineddte\/wp-json\/wp\/v2\/post_folder?post=5845"}],"curies":[{"name":"wp","href":"https:\/\/api.w.org\/{rel}","templated":true}]}}