{"id":4504,"date":"2023-03-30T08:50:26","date_gmt":"2023-03-30T08:50:26","guid":{"rendered":"https:\/\/did-dev.net\/mineddte\/?p=4504"},"modified":"2023-05-15T11:52:47","modified_gmt":"2023-05-15T11:52:47","slug":"adaptation-aux-changements-climatiques-le-secteur-prive-contribue-au-document-du-plan-national-dadaptation-pna","status":"publish","type":"post","link":"https:\/\/did-dev.net\/mineddte\/adaptation-aux-changements-climatiques-le-secteur-prive-contribue-au-document-du-plan-national-dadaptation-pna\/","title":{"rendered":"ADAPTATION AUX CHANGEMENTS CLIMATIQUES : LE SECTEUR PRIVE CONTRIBUE AU DOCUMENT DU PLAN NATIONAL D\u2019ADAPTATION (PNA)"},"content":{"rendered":"<p style=\"text-align: justify;\"><span style=\"font-family: verdana, geneva, sans-serif;\"><img decoding=\"async\" loading=\"lazy\" class=\"size-full wp-image-4505 aligncenter\" src=\"https:\/\/did-dev.net\/mineddte\/wp-content\/uploads\/2023\/03\/PNCC-01-scaled.jpg\" alt=\"\" width=\"2560\" height=\"1003\" srcset=\"https:\/\/did-dev.net\/mineddte\/wp-content\/uploads\/2023\/03\/PNCC-01-scaled.jpg 2560w, https:\/\/did-dev.net\/mineddte\/wp-content\/uploads\/2023\/03\/PNCC-01-262x103.jpg 262w, https:\/\/did-dev.net\/mineddte\/wp-content\/uploads\/2023\/03\/PNCC-01-847x332.jpg 847w, https:\/\/did-dev.net\/mineddte\/wp-content\/uploads\/2023\/03\/PNCC-01-100x39.jpg 100w, https:\/\/did-dev.net\/mineddte\/wp-content\/uploads\/2023\/03\/PNCC-01-1536x602.jpg 1536w, https:\/\/did-dev.net\/mineddte\/wp-content\/uploads\/2023\/03\/PNCC-01-2048x803.jpg 2048w\" sizes=\"(max-width: 2560px) 100vw, 2560px\" \/><\/span><\/p>\n<p style=\"text-align: justify;\"><span style=\"font-family: verdana, geneva, sans-serif;\">Le Directeur de Cabinet du Ministre de l\u2019Environnement et du D\u00e9veloppement Durable, M. Parfait KOUADIO a proc\u00e9d\u00e9 \u00e0 l\u2019ouverture de l\u2019atelier de pr\u00e9-validation multisectorielle des acteurs du secteur priv\u00e9 dans le cadre du Plan National d\u2019Adaptation aux changements climatiques.<\/span><\/p>\n<p style=\"text-align: justify;\"><span style=\"font-family: verdana, geneva, sans-serif;\">Les assises ont d\u00e9but\u00e9 le mercredi 29 mars \u00e0 Grand-Bassam et prennent fin le vendredi 31 mars 2023.<\/span><\/p>\n<p style=\"text-align: justify;\"><span style=\"font-family: verdana, geneva, sans-serif;\">Cet atelier est organis\u00e9 par le Minist\u00e8re de l\u2019Environnement et du D\u00e9veloppement Durable (MINEDD), \u00e0 travers le Programme National Changements Climatiques (PNCC) en collaboration avec le Programme des Nations Unies pour le D\u00e9veloppement (PNUD) dans le cadre du \u00ab\u00a0Projet de renforcement de l\u2019int\u00e9gration de l\u2019adaptation aux changements climatiques dans la planification du d\u00e9veloppement en C\u00f4te d\u2019Ivoire (NAP-GCF) \u00bb financ\u00e9 par le Fonds Vert pour le Climat (GCF). \u00a0<\/span><\/p>\n<p style=\"text-align: justify;\"><span style=\"font-family: verdana, geneva, sans-serif;\">Ce projet, mis en \u0153uvre par le PNCC a pour objectif de renforcer la capacit\u00e9 du pays \u00e0 int\u00e9grer l\u2019adaptation aux changements climatiques dans les processus de planification nationaux et sectoriels. A termes, il permettra \u00e0 la C\u00f4te d\u2019Ivoire de disposer de son premier Plan National d\u2019Adaptation aux changements climatiques (PNA).<\/span><\/p>\n<p style=\"text-align: justify;\"><span style=\"font-family: verdana, geneva, sans-serif;\">Dans son mot de bienvenue, M. Jean Douglas ANAMAN, Coordonnateur du projet NAP-GCF a traduit les remerciements du PNUD au Ministre de l\u2019Environnement et du D\u00e9veloppement Durable pour sa disponibilit\u00e9 \u00e0 faciliter l\u2019avanc\u00e9e de cette initiative.<\/span><\/p>\n<p style=\"text-align: justify;\"><span style=\"font-family: verdana, geneva, sans-serif;\">Il a par ailleurs rappel\u00e9 l\u2019engagement de l\u2019institution onusienne aupr\u00e8s de l\u2019Etat de C\u00f4te d\u2019Ivoire notamment dans le processus de r\u00e9vision des Contributions D\u00e9termin\u00e9es au niveau National (CDN), la mobilisation de la finance climatique, et ce processus d\u2019\u00e9laboration du PNA en cours de finalisation.<\/span><\/p>\n<p style=\"text-align: justify;\"><span style=\"font-family: verdana, geneva, sans-serif;\">M. ANAMAN a invit\u00e9 le secteur priv\u00e9 \u00e0 apporter des contributions objectives calqu\u00e9es sur leurs r\u00e9alit\u00e9s dans leurs diff\u00e9rents domaines d\u2019activit\u00e9s.<\/span><\/p>\n<p style=\"text-align: justify;\"><span style=\"font-family: verdana, geneva, sans-serif;\">Les entreprises priv\u00e9es subissent \u00e9norm\u00e9ment des dommages lors des catastrophes naturelles et les d\u00e9r\u00e8glements climatiques. Peuvent-\u00eatre impact\u00e9s les fournisseurs, les partenaires, les chaines d\u2019approvisionnement etc,\u00a0 selon une pr\u00e9sentation du consultant KAMAN Paul.<\/span><\/p>\n<p style=\"text-align: justify;\"><span style=\"font-family: verdana, geneva, sans-serif;\">\u00ab\u00a0<em>Les d\u00e9g\u00e2ts caus\u00e9s sur les r\u00e9seaux de transport et de distribution de l\u2019\u00e9nergie, aux ports et a\u00e9roports, ainsi qu\u2019aux quartiers o\u00f9 r\u00e9sident les employ\u00e9s peuvent interrompre les activit\u00e9s et engendrer des co\u00fbts suppl\u00e9mentaires pour les entreprises. Lorsque les activit\u00e9s sont interrompues, les travailleurs qualifi\u00e9s risquent de quitter l\u2019entreprise, des parts de march\u00e9 risquent d\u2019\u00eatre perdues en faveur de la concurrence.\u00a0\u00bb,<\/em> a-il d\u00e9plor\u00e9<\/span><\/p>\n<p style=\"text-align: justify;\"><span style=\"font-family: verdana, geneva, sans-serif;\">Raison pour laquelle, l\u2019\u00e9missaire du Ministre a exhort\u00e9 les participants du secteur priv\u00e9, l\u2019une des pierres angulaires \u00e0 s\u2019approprier les enjeux du Plan National d\u2019Adaptation qui n\u00e9cessite des financements.<\/span><\/p>\n<p style=\"text-align: justify;\"><span style=\"font-family: verdana, geneva, sans-serif;\"><em>\u00ab L\u2019adaptation aux changements climatiques dont le co\u00fbt est \u00e9valu\u00e9 \u00e0 douze (12) milliards de Dollars dans les Contributions D\u00e9termin\u00e9es au niveau National (CDN) constitue un d\u00e9fi pour notre pays pour la mobilisation de ces ressources. Ainsi, pour mobiliser ces 12 milliards de dollars pour l\u2019adaptation, le secteur priv\u00e9 est un acteur majeur dans l\u2019atteinte de cet objectif\u00a0\u00bb, <\/em>a-t-il signifi\u00e9.<\/span><\/p>\n<p style=\"text-align: justify;\"><span style=\"font-family: verdana, geneva, sans-serif;\">L\u2019objectif g\u00e9n\u00e9ral de ces rencontres est de prendre en compte les avis et suggestions des parties prenantes issues des secteurs dans la version provisoire du Document cadre du Plan National d\u2019Adaptation.<\/span><\/p>\n<p style=\"text-align: justify;\"><span style=\"font-family: verdana, geneva, sans-serif;\">Cet outil de prise de d\u00e9cision et de planification exig\u00e9 par l\u2019Accord de Paris sur le climat de 2015, sera soumis \u00e0 la Convention Cadre des Nations Unies sur les Changements Climatiques (CCNUCC) par la C\u00f4te d\u2019Ivoire. Ainsi, il devra servir de cadre de r\u00e9f\u00e9rence et d\u2019orientation des politiques nationales et sectorielles visant \u00e0 renforcer la r\u00e9silience des populations face aux effets du changement climatique.<\/span><\/p>\n<p style=\"text-align: justify;\"><span style=\"font-family: verdana, geneva, sans-serif;\">Ces sessions de pr\u00e9-validation multisectorielles d\u00e9but\u00e9es depuis la semaine derni\u00e8re avec les acteurs des secteurs Agriculture, Utilisation des Terres, Ressources en Eau, Ressources C\u00f4ti\u00e8res et Sant\u00e9 traduisent la volont\u00e9 du Minist\u00e8re de l\u2019Environnement et du D\u00e9veloppement Durable \u00e0 \u00e9laborer un document participatif et inclusif.<\/span><\/p>\n<p style=\"text-align: justify;\"><span style=\"font-family: verdana, geneva, sans-serif;\">En sus, il faut souligner que le PNA qui s\u2019aligne sur les CDN r\u00e9vis\u00e9es refl\u00e8te la volont\u00e9 et l\u2019engagement du Chef de l\u2019\u00c9tat \u00e0 faire de la C\u00f4te d\u2019Ivoire, un pays r\u00e9silient face aux effets du changement climatique.\u00a0<\/span><\/p>\n","protected":false},"excerpt":{"rendered":"<p>Le Directeur de Cabinet du Ministre de l\u2019Environnement et du D\u00e9veloppement Durable, M. Parfait KOUADIO a proc\u00e9d\u00e9 \u00e0 l\u2019ouverture de l\u2019atelier de pr\u00e9-validation multisectorielle des acteurs du secteur priv\u00e9 dans [&hellip;]<\/p>\n","protected":false},"author":1,"featured_media":4505,"comment_status":"closed","ping_status":"closed","sticky":false,"template":"","format":"standard","meta":{"_lmt_disableupdate":"no","_lmt_disable":"","pgc_sgb_lightbox_settings":""},"categories":[58],"tags":[],"post_folder":[59],"modified_by":"MINEDD","_links":{"self":[{"href":"https:\/\/did-dev.net\/mineddte\/wp-json\/wp\/v2\/posts\/4504"}],"collection":[{"href":"https:\/\/did-dev.net\/mineddte\/wp-json\/wp\/v2\/posts"}],"about":[{"href":"https:\/\/did-dev.net\/mineddte\/wp-json\/wp\/v2\/types\/post"}],"author":[{"embeddable":true,"href":"https:\/\/did-dev.net\/mineddte\/wp-json\/wp\/v2\/users\/1"}],"replies":[{"embeddable":true,"href":"https:\/\/did-dev.net\/mineddte\/wp-json\/wp\/v2\/comments?post=4504"}],"version-history":[{"count":1,"href":"https:\/\/did-dev.net\/mineddte\/wp-json\/wp\/v2\/posts\/4504\/revisions"}],"predecessor-version":[{"id":4506,"href":"https:\/\/did-dev.net\/mineddte\/wp-json\/wp\/v2\/posts\/4504\/revisions\/4506"}],"wp:featuredmedia":[{"embeddable":true,"href":"https:\/\/did-dev.net\/mineddte\/wp-json\/wp\/v2\/media\/4505"}],"wp:attachment":[{"href":"https:\/\/did-dev.net\/mineddte\/wp-json\/wp\/v2\/media?parent=4504"}],"wp:term":[{"taxonomy":"category","embeddable":true,"href":"https:\/\/did-dev.net\/mineddte\/wp-json\/wp\/v2\/categories?post=4504"},{"taxonomy":"post_tag","embeddable":true,"href":"https:\/\/did-dev.net\/mineddte\/wp-json\/wp\/v2\/tags?post=4504"},{"taxonomy":"post_folder","embeddable":true,"href":"https:\/\/did-dev.net\/mineddte\/wp-json\/wp\/v2\/post_folder?post=4504"}],"curies":[{"name":"wp","href":"https:\/\/api.w.org\/{rel}","templated":true}]}}