{"id":4489,"date":"2023-03-29T10:09:58","date_gmt":"2023-03-29T10:09:58","guid":{"rendered":"https:\/\/did-dev.net\/mineddte\/?p=4489"},"modified":"2023-04-24T10:17:45","modified_gmt":"2023-04-24T10:17:45","slug":"genre-et-changement-climatique-les-acteurs-de-la-plateforme-nationale-reprennent-leurs-activites","status":"publish","type":"post","link":"https:\/\/did-dev.net\/mineddte\/genre-et-changement-climatique-les-acteurs-de-la-plateforme-nationale-reprennent-leurs-activites\/","title":{"rendered":"GENRE ET CHANGEMENT CLIMATIQUE : LES ACTEURS DE LA PLATEFORME NATIONALE REPRENNENT LEURS ACTIVITES."},"content":{"rendered":"<p style=\"text-align: justify;\"><span style=\"font-family: verdana, geneva, sans-serif;\"><img decoding=\"async\" loading=\"lazy\" class=\"alignnone size-full wp-image-4492\" src=\"https:\/\/did-dev.net\/mineddte\/wp-content\/uploads\/2023\/03\/GENRE-ET-CC-01-scaled.jpg\" alt=\"\" width=\"2560\" height=\"1003\" srcset=\"https:\/\/did-dev.net\/mineddte\/wp-content\/uploads\/2023\/03\/GENRE-ET-CC-01-scaled.jpg 2560w, https:\/\/did-dev.net\/mineddte\/wp-content\/uploads\/2023\/03\/GENRE-ET-CC-01-262x103.jpg 262w, https:\/\/did-dev.net\/mineddte\/wp-content\/uploads\/2023\/03\/GENRE-ET-CC-01-847x332.jpg 847w, https:\/\/did-dev.net\/mineddte\/wp-content\/uploads\/2023\/03\/GENRE-ET-CC-01-100x39.jpg 100w, https:\/\/did-dev.net\/mineddte\/wp-content\/uploads\/2023\/03\/GENRE-ET-CC-01-1536x602.jpg 1536w, https:\/\/did-dev.net\/mineddte\/wp-content\/uploads\/2023\/03\/GENRE-ET-CC-01-2048x803.jpg 2048w\" sizes=\"(max-width: 2560px) 100vw, 2560px\" \/><\/span><\/p>\n<p style=\"text-align: justify;\"><span style=\"font-family: verdana, geneva, sans-serif;\">Le mardi 28 mars 2023 s&#8217;est tenue la 1ere r\u00e9union annuelle de la Plateforme Nationale\u00a0 Genre et Changement Climatique(PNGCC).<\/span><\/p>\n<p style=\"text-align: justify;\"><span style=\"font-family: verdana, geneva, sans-serif;\">C&#8217;\u00e9tait \u00e0 la salle de conf\u00e9rence du Programme National du Changement Climatiques (PNCC) sis \u00e0 Cocody riviera palmeraie.<\/span><\/p>\n<p style=\"text-align: justify;\"><span style=\"font-family: verdana, geneva, sans-serif;\">L&#8217;objectif de cette rencontre est d&#8217;\u0153uvrer \u00e0 la mise en place du plan de travail annuel au titre de l&#8217;ann\u00e9e 2023.<\/span><\/p>\n<p style=\"text-align: justify;\"><span style=\"font-family: verdana, geneva, sans-serif;\">Le Coordonnateur du PNCC, M. Mohamed SANOGO a proc\u00e9d\u00e9 \u00e0 l&#8217;ouverture de cette r\u00e9union.<\/span><\/p>\n<p style=\"text-align: justify;\"><span style=\"font-family: verdana, geneva, sans-serif;\">Pour lui, elle permettra de mieux cerner la feuille de route concernant les orientations techniques en mati\u00e8re de genre, d\u2019environnement, de changement climatique et de d\u00e9veloppement durable.\u00a0<\/span><\/p>\n<p style=\"text-align: justify;\"><span style=\"font-family: verdana, geneva, sans-serif;\">Il a aussi remerci\u00e9 les participants de leurs pr\u00e9sences et a souhait\u00e9 de fructueux travaux.<\/span><\/p>\n<p style=\"text-align: justify;\"><span style=\"font-family: verdana, geneva, sans-serif;\">Pour rench\u00e9rir, la repr\u00e9sentante de la\u00a0 Ministre de la Femme de la Famille et de l&#8217;Enfant (MFFE), Mme SYLLA a transmis ses mots d&#8217;encouragements de la part de Mme la Ministre.<\/span><\/p>\n<p style=\"text-align: justify;\"><span style=\"font-family: verdana, geneva, sans-serif;\">Mme KOFFI Ana, responsable de la Cellule Genre et Inclusion Sociale (CGIS) a proc\u00e9d\u00e9 au bilan\u00a0 des activit\u00e9s de l&#8217;ann\u00e9e pr\u00e9c\u00e9dente.<\/span><\/p>\n<p style=\"text-align: justify;\"><span style=\"font-family: verdana, geneva, sans-serif;\">Rappelons que cette activit\u00e9 est une initiative du PNCC\u00a0 en collaboration avec les Partenaires Techniques et Financiers. Les missions de la Plateforme sont entre autres : fournir toute orientation technique en mati\u00e8re de genre et changements climatiques ; reporting des activit\u00e9s en lien avec le genre et le changement climatique ; renforcement des capacit\u00e9s&#8230;<\/span><\/p>\n<p style=\"text-align: justify;\"><span style=\"font-family: verdana, geneva, sans-serif;\">Ce sont plusieurs minist\u00e8res, structures priv\u00e9es et la soci\u00e9t\u00e9 civile qui\u00a0 ont pris part \u00e0 cet \u00e9change. Il est important de souligner que depuis 2019 l\u2019appui technique et financier de l\u2019Institut International du D\u00e9veloppement Durable (IISD)\u00a0 a permis de r\u00e9aliser plusieurs activit\u00e9s, entre autres la mobilisation de conseillers nationaux genre, le renforcement des capacit\u00e9s des parties prenantes cl\u00e9s, des s\u00e9ances de travail techniques en pr\u00e9sentiel et en ligne. Elles ont eu pour cons\u00e9quence une meilleure appropriation du lien genre et changements climatiques et des avanc\u00e9es notables. Tout ce processus s\u2019inscrit dans la mise en \u0153uvre de la strat\u00e9gie nationale genre et changements climatiques (2020-2024) de la C\u00f4te d\u2019Ivoire.<\/span><\/p>\n","protected":false},"excerpt":{"rendered":"<p>Le mardi 28 mars 2023 s&#8217;est tenue la 1ere r\u00e9union annuelle de la Plateforme Nationale\u00a0 Genre et Changement Climatique(PNGCC). C&#8217;\u00e9tait \u00e0 la salle de conf\u00e9rence du Programme National du Changement [&hellip;]<\/p>\n","protected":false},"author":1,"featured_media":4492,"comment_status":"closed","ping_status":"closed","sticky":false,"template":"","format":"standard","meta":{"_lmt_disableupdate":"no","_lmt_disable":"","pgc_sgb_lightbox_settings":""},"categories":[58],"tags":[],"post_folder":[59],"modified_by":"MINEDD","_links":{"self":[{"href":"https:\/\/did-dev.net\/mineddte\/wp-json\/wp\/v2\/posts\/4489"}],"collection":[{"href":"https:\/\/did-dev.net\/mineddte\/wp-json\/wp\/v2\/posts"}],"about":[{"href":"https:\/\/did-dev.net\/mineddte\/wp-json\/wp\/v2\/types\/post"}],"author":[{"embeddable":true,"href":"https:\/\/did-dev.net\/mineddte\/wp-json\/wp\/v2\/users\/1"}],"replies":[{"embeddable":true,"href":"https:\/\/did-dev.net\/mineddte\/wp-json\/wp\/v2\/comments?post=4489"}],"version-history":[{"count":1,"href":"https:\/\/did-dev.net\/mineddte\/wp-json\/wp\/v2\/posts\/4489\/revisions"}],"predecessor-version":[{"id":4494,"href":"https:\/\/did-dev.net\/mineddte\/wp-json\/wp\/v2\/posts\/4489\/revisions\/4494"}],"wp:featuredmedia":[{"embeddable":true,"href":"https:\/\/did-dev.net\/mineddte\/wp-json\/wp\/v2\/media\/4492"}],"wp:attachment":[{"href":"https:\/\/did-dev.net\/mineddte\/wp-json\/wp\/v2\/media?parent=4489"}],"wp:term":[{"taxonomy":"category","embeddable":true,"href":"https:\/\/did-dev.net\/mineddte\/wp-json\/wp\/v2\/categories?post=4489"},{"taxonomy":"post_tag","embeddable":true,"href":"https:\/\/did-dev.net\/mineddte\/wp-json\/wp\/v2\/tags?post=4489"},{"taxonomy":"post_folder","embeddable":true,"href":"https:\/\/did-dev.net\/mineddte\/wp-json\/wp\/v2\/post_folder?post=4489"}],"curies":[{"name":"wp","href":"https:\/\/api.w.org\/{rel}","templated":true}]}}