{"id":4485,"date":"2023-03-25T09:47:50","date_gmt":"2023-03-25T09:47:50","guid":{"rendered":"https:\/\/did-dev.net\/mineddte\/?p=4485"},"modified":"2023-04-24T10:21:48","modified_gmt":"2023-04-24T10:21:48","slug":"prix-national-dexcellence-2022-le-ministre-jean-luc-assi-celebre-les-laureats-de-ledition-2022-du-secteur-de-lenvironnement-et-du-developpement-durable","status":"publish","type":"post","link":"https:\/\/did-dev.net\/mineddte\/prix-national-dexcellence-2022-le-ministre-jean-luc-assi-celebre-les-laureats-de-ledition-2022-du-secteur-de-lenvironnement-et-du-developpement-durable\/","title":{"rendered":"PRIX NATIONAL D\u2019EXCELLENCE 2022 : LE MINISTRE JEAN-LUC ASSI CELEBRE LES LAUREATS DE L\u2019EDITION 2022 DU SECTEUR DE L\u2019ENVIRONNEMENT ET DU DEVELOPPEMENT DURABLE"},"content":{"rendered":"<p style=\"text-align: justify;\"><span style=\"font-family: verdana, geneva, sans-serif;\"><img decoding=\"async\" loading=\"lazy\" class=\"size-full wp-image-4486 aligncenter\" src=\"https:\/\/www.environnement.gouv.ci\/wp-content\/uploads\/2023\/03\/ACTU-01-scaled.jpg\" alt=\"\" width=\"2560\" height=\"1003\" srcset=\"https:\/\/did-dev.net\/mineddte\/wp-content\/uploads\/2023\/03\/ACTU-01-scaled.jpg 2560w, https:\/\/did-dev.net\/mineddte\/wp-content\/uploads\/2023\/03\/ACTU-01-262x103.jpg 262w, https:\/\/did-dev.net\/mineddte\/wp-content\/uploads\/2023\/03\/ACTU-01-847x332.jpg 847w, https:\/\/did-dev.net\/mineddte\/wp-content\/uploads\/2023\/03\/ACTU-01-100x39.jpg 100w, https:\/\/did-dev.net\/mineddte\/wp-content\/uploads\/2023\/03\/ACTU-01-1536x602.jpg 1536w, https:\/\/did-dev.net\/mineddte\/wp-content\/uploads\/2023\/03\/ACTU-01-2048x803.jpg 2048w\" sizes=\"(max-width: 2560px) 100vw, 2560px\" \/><\/span><\/p>\n<p style=\"text-align: justify;\"><span style=\"font-family: verdana, geneva, sans-serif;\">Le ministre de l\u2019Environnement et du D\u00e9veloppement Durable, monsieur Jean-Luc ASSI a proc\u00e9d\u00e9 \u00e0 la remise des prix des laur\u00e9ats class\u00e9s 2<sup>\u00e8me<\/sup> et 3<sup>\u00e8me<\/sup> du Prix National d\u2019Excellence, \u00e9dition 2022, du secteur des aires prot\u00e9g\u00e9es et des entreprises \u00e9cocitoyennes, ce jeudi 23 mars 2023, \u00e0 son Cabinet minist\u00e9riel sis au Plateau, Cit\u00e9 Administrative, Tour D.<\/span><\/p>\n<p style=\"text-align: justify;\"><span style=\"font-family: verdana, geneva, sans-serif;\"><em>\u00ab\u00a0Vous avez \u00e9t\u00e9 consacr\u00e9s 2<sup>\u00e8me<\/sup> et 3<sup>\u00e8me <\/sup>dans le secteur des aires prot\u00e9g\u00e9es et des entreprises \u00e9cocitoyennes. Vous avez travaill\u00e9 avec abn\u00e9gation, pour \u00eatre des Comit\u00e9s de Gestion et des entreprises de valeur, des mod\u00e8les pour les autres Comit\u00e9s de Gestion et Entreprises et pour l\u2019ensemble de la communaut\u00e9 environnementale\u00a0\u00bb,<\/em> s\u2019est-il adress\u00e9 aux laur\u00e9ats.<\/span><\/p>\n<p style=\"text-align: justify;\"><span style=\"font-family: verdana, geneva, sans-serif;\">Cette ann\u00e9e, le choix des membres du jury s\u2019est port\u00e9 sur deux (02) Comit\u00e9s de Gestion Locale d\u2019aires prot\u00e9g\u00e9es et deux (2) entreprises \u00e9co-citoyennes.<\/span><\/p>\n<p style=\"text-align: justify;\"><span style=\"font-family: verdana, geneva, sans-serif;\">Le 2<sup>\u00e8me<\/sup> Prix d\u2019Excellence du meilleur Comit\u00e9 local de Gestion des aires prot\u00e9g\u00e9es est revenu au pr\u00e9fet Ch\u00e9rif Brahima, pr\u00e9sident du Comit\u00e9 de Gestion locale du Parc National d\u2019Azagny, dans le d\u00e9partement de Grand-Lahou et le 3<sup>\u00e8me<\/sup> au le pr\u00e9fet Kouadio Eug\u00e8ne, pr\u00e9sident de celui de la R\u00e9serve Scientifique de Lamto, dans le d\u00e9partement de Taabo.<\/span><\/p>\n<p style=\"text-align: justify;\"><span style=\"font-family: verdana, geneva, sans-serif;\">Quant au Prix d\u2019Excellence d\u00e9di\u00e9 aux entreprises \u00e9co-citoyennes, le 2<sup>\u00e8me<\/sup> Prix est revenu \u00e0 la Soci\u00e9t\u00e9 Ivoirienne de Raffinerie (SIR) et le 3<sup>\u00e8me<\/sup> \u00e0 la Soci\u00e9t\u00e9 des Caoutchoucs de Grand B\u00e9r\u00e9by (SOGB).<\/span><\/p>\n<p style=\"text-align: justify;\"><span style=\"font-family: verdana, geneva, sans-serif;\">Le pr\u00e9fet Ch\u00e9rif Brahima a, aux noms des r\u00e9cipiendaires, salu\u00e9 l\u2019organisation de cette c\u00e9r\u00e9monie et a exprim\u00e9 l\u2019engagement de ses pairs \u00e0 poursuivre les actions de sauvegarde dans leurs diff\u00e9rents domaines.<\/span><\/p>\n<p style=\"text-align: justify;\"><span style=\"font-family: verdana, geneva, sans-serif;\">Pour rappel, la c\u00e9l\u00e9bration de la Journ\u00e9e Nationale d\u2019Excellence, instaur\u00e9e\u00a0 depuis 10 ans, vise \u00e0 mettre en lumi\u00e8re les Ivoiriens, les administrations et les entreprises, qui se distinguent par la qualit\u00e9 de leur contribution au rayonnement de la C\u00f4te d\u2019Ivoire dans les domaines prioritaires du d\u00e9veloppement social, \u00e9conomique et environnemental.\u00a0<\/span><\/p>\n","protected":false},"excerpt":{"rendered":"<p>Le ministre de l\u2019Environnement et du D\u00e9veloppement Durable, monsieur Jean-Luc ASSI a proc\u00e9d\u00e9 \u00e0 la remise des prix des laur\u00e9ats class\u00e9s 2\u00e8me et 3\u00e8me du Prix National d\u2019Excellence, \u00e9dition 2022, [&hellip;]<\/p>\n","protected":false},"author":1,"featured_media":4486,"comment_status":"closed","ping_status":"closed","sticky":false,"template":"","format":"standard","meta":{"_lmt_disableupdate":"no","_lmt_disable":"","pgc_sgb_lightbox_settings":""},"categories":[58],"tags":[],"post_folder":[59],"modified_by":"MINEDD","_links":{"self":[{"href":"https:\/\/did-dev.net\/mineddte\/wp-json\/wp\/v2\/posts\/4485"}],"collection":[{"href":"https:\/\/did-dev.net\/mineddte\/wp-json\/wp\/v2\/posts"}],"about":[{"href":"https:\/\/did-dev.net\/mineddte\/wp-json\/wp\/v2\/types\/post"}],"author":[{"embeddable":true,"href":"https:\/\/did-dev.net\/mineddte\/wp-json\/wp\/v2\/users\/1"}],"replies":[{"embeddable":true,"href":"https:\/\/did-dev.net\/mineddte\/wp-json\/wp\/v2\/comments?post=4485"}],"version-history":[{"count":2,"href":"https:\/\/did-dev.net\/mineddte\/wp-json\/wp\/v2\/posts\/4485\/revisions"}],"predecessor-version":[{"id":4496,"href":"https:\/\/did-dev.net\/mineddte\/wp-json\/wp\/v2\/posts\/4485\/revisions\/4496"}],"wp:featuredmedia":[{"embeddable":true,"href":"https:\/\/did-dev.net\/mineddte\/wp-json\/wp\/v2\/media\/4486"}],"wp:attachment":[{"href":"https:\/\/did-dev.net\/mineddte\/wp-json\/wp\/v2\/media?parent=4485"}],"wp:term":[{"taxonomy":"category","embeddable":true,"href":"https:\/\/did-dev.net\/mineddte\/wp-json\/wp\/v2\/categories?post=4485"},{"taxonomy":"post_tag","embeddable":true,"href":"https:\/\/did-dev.net\/mineddte\/wp-json\/wp\/v2\/tags?post=4485"},{"taxonomy":"post_folder","embeddable":true,"href":"https:\/\/did-dev.net\/mineddte\/wp-json\/wp\/v2\/post_folder?post=4485"}],"curies":[{"name":"wp","href":"https:\/\/api.w.org\/{rel}","templated":true}]}}