{"id":4484,"date":"2023-03-27T09:57:17","date_gmt":"2023-03-27T09:57:17","guid":{"rendered":"https:\/\/did-dev.net\/mineddte\/?p=4484"},"modified":"2023-04-24T10:17:29","modified_gmt":"2023-04-24T10:17:29","slug":"adaptation-aux-changements-climatiques-une-session-de-pre-validation-du-document-cadre-du-plan-national-dadaptation-reunit-les-sectoriels","status":"publish","type":"post","link":"https:\/\/did-dev.net\/mineddte\/adaptation-aux-changements-climatiques-une-session-de-pre-validation-du-document-cadre-du-plan-national-dadaptation-reunit-les-sectoriels\/","title":{"rendered":"ADAPTATION AUX CHANGEMENTS CLIMATIQUES: UNE SESSION DE PRE-VALIDATION DU DOCUMENT CADRE DU PLAN NATIONAL D\u2019ADAPTATION REUNIT LES SECTORIELS"},"content":{"rendered":"<p style=\"text-align: justify;\"><span style=\"font-family: verdana, geneva, sans-serif;\"><img decoding=\"async\" loading=\"lazy\" class=\"alignnone size-full wp-image-4491\" src=\"https:\/\/did-dev.net\/mineddte\/wp-content\/uploads\/2023\/03\/CC-01-1-scaled.jpg\" alt=\"\" width=\"2560\" height=\"1003\" srcset=\"https:\/\/did-dev.net\/mineddte\/wp-content\/uploads\/2023\/03\/CC-01-1-scaled.jpg 2560w, https:\/\/did-dev.net\/mineddte\/wp-content\/uploads\/2023\/03\/CC-01-1-262x103.jpg 262w, https:\/\/did-dev.net\/mineddte\/wp-content\/uploads\/2023\/03\/CC-01-1-847x332.jpg 847w, https:\/\/did-dev.net\/mineddte\/wp-content\/uploads\/2023\/03\/CC-01-1-100x39.jpg 100w, https:\/\/did-dev.net\/mineddte\/wp-content\/uploads\/2023\/03\/CC-01-1-1536x602.jpg 1536w, https:\/\/did-dev.net\/mineddte\/wp-content\/uploads\/2023\/03\/CC-01-1-2048x803.jpg 2048w\" sizes=\"(max-width: 2560px) 100vw, 2560px\" \/><\/span><\/p>\n<p style=\"text-align: justify;\"><span style=\"font-family: verdana, geneva, sans-serif;\">La finalisation du Document cadre du PNA (Plan National d\u2019Adaptation) est en bonne phase. C\u2019est l\u2019objet du pr\u00e9sent \u00a0atelier de pr\u00e9-validation multisectorielle entre les diff\u00e9rentes parties prenantes organis\u00e9 par le Minist\u00e8re de l\u2019Environnement et du D\u00e9veloppement Durable (MINEDD), \u00e0 travers le Programme National Changements Climatiques (PNCC).<\/span><\/p>\n<p style=\"text-align: justify;\"><span style=\"font-family: verdana, geneva, sans-serif;\">Cette \u00a0s\u00e9rie de consultation qui s\u2019\u00e9tendra jusqu\u2019au 31 mars 2023, s\u2019est ouverte le lundi 20 mars 2023, \u00e0 Grand-Bassam avec les secteurs\u00a0 \u2018\u2019agriculture et utilisation des terres <strong>\u2019\u2019, <\/strong>sous la pr\u00e9sidence \u00a0de Monsieur Parfait KOUADIO, Directeur de Cabinet du Ministre de l\u2019Environnement et du D\u00e9veloppement Durable.<\/span><\/p>\n<p style=\"text-align: justify;\"><span style=\"font-family: verdana, geneva, sans-serif;\">Elle a connu la pr\u00e9sence de\u00a0 Mme Monan KAMAGATE, Team Leader D\u00e9veloppement Durable Inclusif du Programme des Nations Unies pour le D\u00e9veloppement (PNUD) repr\u00e9sentant madame la Repr\u00e9sentante R\u00e9sidente, \u00a0M. Mohamed SANOGO, Coordonnateur du PNCC, M. Jean Douglas ANAMAN, Coordonnateur du Projet \u2018\u2019Renforcement de l\u2019int\u00e9gration de l\u2019adaptation au changement climatique dans la planification du d\u00e9veloppement en C\u00f4te d\u2019Ivoire&#8221; (NAP-GCF), ainsi que les repr\u00e9sentants des minist\u00e8res, structures sous tutelle, Universit\u00e9s, Centre de recherches etc.<\/span><\/p>\n<p style=\"text-align: justify;\"><span style=\"font-family: verdana, geneva, sans-serif;\">L\u2019objectif g\u00e9n\u00e9ral de ces rencontres \u00e9tait de prendre en compte les avis et suggestions des parties prenantes issues des secteurs \u00a0dans la version provisoire du Document cadre du Plan National d\u2019Adaptation.<\/span><\/p>\n<p style=\"text-align: justify;\"><span style=\"font-family: verdana, geneva, sans-serif;\">En dehors des secteurs cit\u00e9s, le PNA se penche \u00e9galement sur les th\u00e9matiques\u00a0: Ressources c\u00f4ti\u00e8res, Ressources en eau, Sant\u00e9 et la dimension Genre.<\/span><\/p>\n<p style=\"text-align: justify;\"><span style=\"font-family: verdana, geneva, sans-serif;\">Engag\u00e9e\u00a0 depuis 2019 dans le processus d\u2019\u00e9laboration de ce document de prise de d\u00e9cision, la C\u00f4te d\u2019Ivoire b\u00e9n\u00e9ficie d\u2019un financement du\u00a0 Fonds Vert pour le Climat (GCF) ex\u00e9cut\u00e9 par le Programme des Nations Unies pour le D\u00e9veloppement (PNUD) dans le cadre du \u00ab\u00a0Projet de renforcement de l\u2019int\u00e9gration de l\u2019adaptation aux changements climatiques dans la planification du d\u00e9veloppement en C\u00f4te d\u2019Ivoire ( NAP-GCF) \u00bb<\/span><\/p>\n<p style=\"text-align: justify;\"><span style=\"font-family: verdana, geneva, sans-serif;\">Ce stade du travail de pr\u00e9-validation \u00a0vient couronner plusieurs r\u00e9flexions men\u00e9es en amont selon le repr\u00e9sentant du Ministre Jean-Luc ASSI. <em>\u00ab\u00a0L\u2019\u00e9laboration du Plan National d\u2019Adaptation aux changements climatiques est l\u2019aboutissement de plusieurs activit\u00e9s notamment\u00a0: des \u00e9tudes de vuln\u00e9rabilit\u00e9s et d\u2019identification des options d\u2019adaptation, des sessions de consultation et de renforcement des capacit\u00e9s des experts nationaux et des parties prenantes sectorielles de m\u00eame que des missions de terrain. Aussi, des travaux pr\u00e9liminaires de l\u2019\u00e9quipe pluridisciplinaire d\u2019experts ont-ils abouti \u00e0 la consolidation d\u2019une premi\u00e8re version du Plan National d\u2019Adaptation.\u00a0\u00bb<\/em><\/span><\/p>\n<p style=\"text-align: justify;\"><span style=\"font-family: verdana, geneva, sans-serif;\">Monsieur Parfait KOUADIO a indiqu\u00e9 par ailleurs que la session r\u00e9pond \u00e0 quatre (04) objectifs majeurs notamment\u00a0: le Passage en revue des points critiques du document provisoire du Plan National d\u2019Adaptation aux changements climatiques\u00a0; l\u2019 Identification des potentiels points d\u2019entr\u00e9e pouvant permettre la mise en \u0153uvre du Plan National d\u2019Adaptation au niveau sectoriel ; la D\u00e9termination\u00a0 des options d\u2019investissements potentiels pour les 7 prochaines ann\u00e9es, c\u2019est \u00e0 dire la p\u00e9riode 2023 \u00e0 2030\u00a0; et le Recueillement des commentaires et les recommandations structur\u00e9s des sectoriels.\u00a0<\/span><\/p>\n<p style=\"text-align: justify;\"><span style=\"font-family: verdana, geneva, sans-serif;\"><em>\u00a0<\/em>Pour sa part, Mme Monan KAMAGATE, \u00e9missaire du PNUD a relev\u00e9 les alertes du r\u00e9chauffement de la plan\u00e8te sur les activit\u00e9s humaines.<\/span><\/p>\n<p style=\"text-align: justify;\"><span style=\"font-family: verdana, geneva, sans-serif;\"><em>\u00ab\u00a0 La communaut\u00e9 internationale et notamment les Nations Unies, le Groupe Intergouvernemental sur l\u2019\u00c9volution du Climat ne cessent d\u2019attirer l\u2019attention de tous sur les effets n\u00e9fastes des changements climatiques qui vont continuer \u00e0 s\u2019accentuer si nous ne prenons pas des mesures vigoureuses pour y faire face, si nous ne changeons pas les modes de consommations et de production et si nous ne nous adaptons pas et n\u2019int\u00e9grons pas le risque climatique dans notre vie au quotidien, dans nos secteurs d\u2019activit\u00e9s.\u00a0\u00bb,<\/em> a-t-elle rappel\u00e9.<\/span><\/p>\n<p style=\"text-align: justify;\"><span style=\"font-family: verdana, geneva, sans-serif;\">Le manque d\u2019action pourrait aggraver les co\u00fbts de l\u2019adaptation. Face \u00e0 cette situation, Mme KAMAGATE \u00a0a salu\u00e9 la franche collaboration entre le Gouvernement de C\u00f4te d\u2019Ivoire qui fait du PNUD le principal partenaire pour la r\u00e9alisation du Plan National d\u2019Adaptation, donc un acteur de premier plan.<\/span><\/p>\n<p style=\"text-align: justify;\"><span style=\"font-family: verdana, geneva, sans-serif;\"><em>\u00ab\u00a0Selon les chiffres, le co\u00fbt de l&#8217;adaptation aux changements climatiques dans les pays en d\u00e9veloppement pourrait atteindre entre 140 et 300 milliards de dollars par an en d\u2019ici 2030, et entre 280 et 500 milliards de dollars par an d&#8217;ici 2050. Ces chiffres nous imposent de prendre des actions d\u00e8s maintenant car le co\u00fbt de l\u2019inaction sera plus \u00e9lev\u00e9 pour nos pays.\u00a0\u00bb, <\/em>a-t-elle pr\u00e9cis\u00e9.<\/span><\/p>\n<p style=\"text-align: justify;\"><span style=\"font-family: verdana, geneva, sans-serif;\">Pour rappel, le Document cadre du PNA a pour objectif de renforcer la capacit\u00e9 de la C\u00f4te d\u2019Ivoire, \u00e0 int\u00e9grer l\u2019adaptation aux changements climatiques dans les processus de planification nationaux et sectoriels. A terme, il devra permettre au pays de disposer de son premier Plan National d\u2019Adaptation aux changements climatiques.<\/span><\/p>\n<p style=\"text-align: justify;\"><span style=\"font-family: verdana, geneva, sans-serif;\">Ce document exig\u00e9 par l\u2019accord cadre de Paris sur le climat de 2015, devra \u00eatre soumis \u00e0 la Convention Cadre des Nations Unies sur les Changements Climatiques (CCNUCC). Ainsi, il devra servir de cadre de r\u00e9f\u00e9rence et d\u2019orientation des politiques nationales et sectorielles visant \u00e0 renforcer la r\u00e9silience des populations face aux effets du changement climatique.<\/span><\/p>\n<p style=\"text-align: justify;\"><span style=\"font-family: verdana, geneva, sans-serif;\">La s\u00e9rie des consultations s\u2019est poursuivie du 23 au 25 mars avec les sectoriels\u00a0: \u2018\u2019Ressources en eau, Ressources c\u00f4ti\u00e8res et sant\u00e9. Le secteur priv\u00e9 sera en atelier du 28 au 31 mars prochain.<\/span><\/p>\n","protected":false},"excerpt":{"rendered":"<p>La finalisation du Document cadre du PNA (Plan National d\u2019Adaptation) est en bonne phase. C\u2019est l\u2019objet du pr\u00e9sent \u00a0atelier de pr\u00e9-validation multisectorielle entre les diff\u00e9rentes parties prenantes organis\u00e9 par le [&hellip;]<\/p>\n","protected":false},"author":1,"featured_media":4491,"comment_status":"closed","ping_status":"closed","sticky":false,"template":"","format":"standard","meta":{"_lmt_disableupdate":"no","_lmt_disable":"","pgc_sgb_lightbox_settings":""},"categories":[58],"tags":[],"post_folder":[59],"modified_by":"MINEDD","_links":{"self":[{"href":"https:\/\/did-dev.net\/mineddte\/wp-json\/wp\/v2\/posts\/4484"}],"collection":[{"href":"https:\/\/did-dev.net\/mineddte\/wp-json\/wp\/v2\/posts"}],"about":[{"href":"https:\/\/did-dev.net\/mineddte\/wp-json\/wp\/v2\/types\/post"}],"author":[{"embeddable":true,"href":"https:\/\/did-dev.net\/mineddte\/wp-json\/wp\/v2\/users\/1"}],"replies":[{"embeddable":true,"href":"https:\/\/did-dev.net\/mineddte\/wp-json\/wp\/v2\/comments?post=4484"}],"version-history":[{"count":1,"href":"https:\/\/did-dev.net\/mineddte\/wp-json\/wp\/v2\/posts\/4484\/revisions"}],"predecessor-version":[{"id":4493,"href":"https:\/\/did-dev.net\/mineddte\/wp-json\/wp\/v2\/posts\/4484\/revisions\/4493"}],"wp:featuredmedia":[{"embeddable":true,"href":"https:\/\/did-dev.net\/mineddte\/wp-json\/wp\/v2\/media\/4491"}],"wp:attachment":[{"href":"https:\/\/did-dev.net\/mineddte\/wp-json\/wp\/v2\/media?parent=4484"}],"wp:term":[{"taxonomy":"category","embeddable":true,"href":"https:\/\/did-dev.net\/mineddte\/wp-json\/wp\/v2\/categories?post=4484"},{"taxonomy":"post_tag","embeddable":true,"href":"https:\/\/did-dev.net\/mineddte\/wp-json\/wp\/v2\/tags?post=4484"},{"taxonomy":"post_folder","embeddable":true,"href":"https:\/\/did-dev.net\/mineddte\/wp-json\/wp\/v2\/post_folder?post=4484"}],"curies":[{"name":"wp","href":"https:\/\/api.w.org\/{rel}","templated":true}]}}