{"id":4475,"date":"2023-03-08T08:37:08","date_gmt":"2023-03-08T08:37:08","guid":{"rendered":"https:\/\/did-dev.net\/mineddte\/?p=4475"},"modified":"2023-03-31T13:48:49","modified_gmt":"2023-03-31T13:48:49","slug":"conserver-les-paysages-forestiers-et-la-biodiversite-par-le-financement-dactivites-generatrices-de-revenus-au-profit-des-populations-au-coeur-des-axes-strategiques-du-proje","status":"publish","type":"post","link":"https:\/\/did-dev.net\/mineddte\/conserver-les-paysages-forestiers-et-la-biodiversite-par-le-financement-dactivites-generatrices-de-revenus-au-profit-des-populations-au-coeur-des-axes-strategiques-du-proje\/","title":{"rendered":"\u00ab CONSERVER LES PAYSAGES FORESTIERS ET LA BIODIVERSITE PAR LE FINANCEMENT D\u2019ACTIVITES GENERATRICES DE REVENUS AU PROFIT DES POPULATIONS\u00a0\u00bb AU C\u0152UR DES AXES STRATEGIQUES DU PROJET FOLAB POUR 2023"},"content":{"rendered":"<p style=\"text-align: justify;\"><span style=\"font-family: verdana, geneva, sans-serif;\"><img decoding=\"async\" loading=\"lazy\" class=\"alignnone size-full wp-image-4478\" src=\"https:\/\/did-dev.net\/mineddte\/wp-content\/uploads\/2023\/03\/FOLAB-01-scaled.jpg\" alt=\"\" width=\"2560\" height=\"1003\" srcset=\"https:\/\/did-dev.net\/mineddte\/wp-content\/uploads\/2023\/03\/FOLAB-01-scaled.jpg 2560w, https:\/\/did-dev.net\/mineddte\/wp-content\/uploads\/2023\/03\/FOLAB-01-262x103.jpg 262w, https:\/\/did-dev.net\/mineddte\/wp-content\/uploads\/2023\/03\/FOLAB-01-847x332.jpg 847w, https:\/\/did-dev.net\/mineddte\/wp-content\/uploads\/2023\/03\/FOLAB-01-100x39.jpg 100w, https:\/\/did-dev.net\/mineddte\/wp-content\/uploads\/2023\/03\/FOLAB-01-1536x602.jpg 1536w, https:\/\/did-dev.net\/mineddte\/wp-content\/uploads\/2023\/03\/FOLAB-01-2048x803.jpg 2048w\" sizes=\"(max-width: 2560px) 100vw, 2560px\" \/><\/span><\/p>\n<p style=\"text-align: justify;\"><span style=\"font-family: verdana, geneva, sans-serif;\">La baisse drastique de la couverture foresti\u00e8re a des cons\u00e9quences incommensurables sur le changement climatique, la biodiversit\u00e9 et les services \u00e9cosyst\u00e9miques.<\/span><\/p>\n<p style=\"text-align: justify;\"><span style=\"font-family: verdana, geneva, sans-serif;\">Face \u00e0 ce constat, les pouvoirs publics d\u00e9ploient d\u2019importants moyens, depuis plusieurs ann\u00e9es pour freiner la destruction de la for\u00eat, voire\u00a0 la reconstituer.<\/span><\/p>\n<p style=\"text-align: justify;\"><span style=\"font-family: verdana, geneva, sans-serif;\">Ainsi, Le mardi 7 mars dernier \u00e0 Cocody\u00a0; les membre du comit\u00e9 de pilotage du projet \u00ab\u00a0 approche de durabilit\u00e9 et de mise \u00e0 l\u2019\u00e9chelle pour la transformation de la gestion, la restauration et la conservation des paysages forestiers et de la biodiversit\u00e9 en c\u00f4te d\u2019ivoire \u00ab\u00a0SSATMARC-FOLAB \u00bb ont tenu leur\u00a0 2<sup>e<\/sup> r\u00e9union.<\/span><\/p>\n<p style=\"text-align: justify;\"><span style=\"font-family: verdana, geneva, sans-serif;\">Dr N\u2019tain Jeanne, Directrice Nationale du Projet FOLAB a souhait\u00e9 la cordiale bienvenue aux convi\u00e9s du jour. Elle a par la suite proc\u00e9d\u00e9 \u00e0 l\u2019ouverture de l\u2019atelier et a remerci\u00e9 les participants tout en souhaitant des fructueux travaux au nom de Monsieur le Ministre de l\u2019Environnement et du D\u00e9veloppement Durable, Jean-Luc ASSI.<\/span><\/p>\n<p style=\"text-align: justify;\"><span style=\"font-family: verdana, geneva, sans-serif;\">Les objectifs de ce projet sont de renforcer les mangroves, lutter contre la d\u00e9forestation et la d\u00e9gradation des for\u00eats, r\u00e9fl\u00e9chir sur les m\u00e9canismes innovants afin de booster la mise en \u0153uvre pratique du projet.<\/span><\/p>\n<p style=\"text-align: justify;\"><span style=\"font-family: verdana, geneva, sans-serif;\">Cette rencontre a enregistr\u00e9 la pr\u00e9sence de Patrick PEDIA, Coordonnateur du projet pour qui, ce projet est primordial car il permettra de trouver des solutions idoines pour le couvert forestier en C\u00f4te d\u2019Ivoire.<\/span><\/p>\n<p style=\"text-align: justify;\"><span style=\"font-family: verdana, geneva, sans-serif;\">Madame KONE ALIMATA, Secr\u00e9taire Permanent du Fond pour l\u2019Environnement Mondial (CN-FEM) a rench\u00e9ri en disant que c\u2019\u00e9tait une priorit\u00e9 pour le FEM de mettre en place plusieurs guichets de financement afin de rem\u00e9dier aux difficult\u00e9s que subit notre environnement.<\/span><\/p>\n<p style=\"text-align: justify;\"><span style=\"font-family: verdana, geneva, sans-serif;\">Ce sont plusieurs repr\u00e9sentants issus des Minist\u00e8res et Directions Techniques qui se sont mobilis\u00e9s pour la bonne marche dudit projet.<\/span><\/p>\n<p style=\"text-align: justify;\"><span style=\"font-family: verdana, geneva, sans-serif;\">Notons que ce projet est subventionn\u00e9 par le Fond pour l\u2019Environnement Mondial et \u00a0la 1<sup>ere <\/sup>r\u00e9union s\u2019est tenue le vendredi 22 avril 2022.<\/span><\/p>\n","protected":false},"excerpt":{"rendered":"<p>La baisse drastique de la couverture foresti\u00e8re a des cons\u00e9quences incommensurables sur le changement climatique, la biodiversit\u00e9 et les services \u00e9cosyst\u00e9miques. Face \u00e0 ce constat, les pouvoirs publics d\u00e9ploient d\u2019importants [&hellip;]<\/p>\n","protected":false},"author":1,"featured_media":4478,"comment_status":"closed","ping_status":"closed","sticky":false,"template":"","format":"standard","meta":{"_lmt_disableupdate":"no","_lmt_disable":"","pgc_sgb_lightbox_settings":""},"categories":[58],"tags":[],"post_folder":[59],"modified_by":"MINEDD","_links":{"self":[{"href":"https:\/\/did-dev.net\/mineddte\/wp-json\/wp\/v2\/posts\/4475"}],"collection":[{"href":"https:\/\/did-dev.net\/mineddte\/wp-json\/wp\/v2\/posts"}],"about":[{"href":"https:\/\/did-dev.net\/mineddte\/wp-json\/wp\/v2\/types\/post"}],"author":[{"embeddable":true,"href":"https:\/\/did-dev.net\/mineddte\/wp-json\/wp\/v2\/users\/1"}],"replies":[{"embeddable":true,"href":"https:\/\/did-dev.net\/mineddte\/wp-json\/wp\/v2\/comments?post=4475"}],"version-history":[{"count":1,"href":"https:\/\/did-dev.net\/mineddte\/wp-json\/wp\/v2\/posts\/4475\/revisions"}],"predecessor-version":[{"id":4479,"href":"https:\/\/did-dev.net\/mineddte\/wp-json\/wp\/v2\/posts\/4475\/revisions\/4479"}],"wp:featuredmedia":[{"embeddable":true,"href":"https:\/\/did-dev.net\/mineddte\/wp-json\/wp\/v2\/media\/4478"}],"wp:attachment":[{"href":"https:\/\/did-dev.net\/mineddte\/wp-json\/wp\/v2\/media?parent=4475"}],"wp:term":[{"taxonomy":"category","embeddable":true,"href":"https:\/\/did-dev.net\/mineddte\/wp-json\/wp\/v2\/categories?post=4475"},{"taxonomy":"post_tag","embeddable":true,"href":"https:\/\/did-dev.net\/mineddte\/wp-json\/wp\/v2\/tags?post=4475"},{"taxonomy":"post_folder","embeddable":true,"href":"https:\/\/did-dev.net\/mineddte\/wp-json\/wp\/v2\/post_folder?post=4475"}],"curies":[{"name":"wp","href":"https:\/\/api.w.org\/{rel}","templated":true}]}}