{"id":4474,"date":"2023-03-16T14:54:22","date_gmt":"2023-03-16T14:54:22","guid":{"rendered":"https:\/\/did-dev.net\/mineddte\/?p=4474"},"modified":"2023-03-31T13:49:39","modified_gmt":"2023-03-31T13:49:39","slug":"visibilite-des-actions-du-ministere-de-lenvironnement-les-acteurs-de-la-communication-definissent-une-feuille-de-route-de-coordination-pour-2023","status":"publish","type":"post","link":"https:\/\/did-dev.net\/mineddte\/visibilite-des-actions-du-ministere-de-lenvironnement-les-acteurs-de-la-communication-definissent-une-feuille-de-route-de-coordination-pour-2023\/","title":{"rendered":"VISIBILITE DES ACTIONS DU MINISTERE DE L\u2019ENVIRONNEMENT : LES ACTEURS DE LA COMMUNICATION DEFINISSENT UNE FEUILLE DE ROUTE DE COORDINATION POUR 2023"},"content":{"rendered":"<p style=\"text-align: justify;\"><span style=\"font-family: verdana, geneva, sans-serif;\"><img decoding=\"async\" loading=\"lazy\" class=\"alignnone size-full wp-image-4476\" src=\"https:\/\/did-dev.net\/mineddte\/wp-content\/uploads\/2023\/03\/SERCOM-01-scaled.jpg\" alt=\"\" width=\"2560\" height=\"1003\" srcset=\"https:\/\/did-dev.net\/mineddte\/wp-content\/uploads\/2023\/03\/SERCOM-01-scaled.jpg 2560w, https:\/\/did-dev.net\/mineddte\/wp-content\/uploads\/2023\/03\/SERCOM-01-262x103.jpg 262w, https:\/\/did-dev.net\/mineddte\/wp-content\/uploads\/2023\/03\/SERCOM-01-847x332.jpg 847w, https:\/\/did-dev.net\/mineddte\/wp-content\/uploads\/2023\/03\/SERCOM-01-100x39.jpg 100w, https:\/\/did-dev.net\/mineddte\/wp-content\/uploads\/2023\/03\/SERCOM-01-1536x602.jpg 1536w, https:\/\/did-dev.net\/mineddte\/wp-content\/uploads\/2023\/03\/SERCOM-01-2048x803.jpg 2048w\" sizes=\"(max-width: 2560px) 100vw, 2560px\" \/><\/span><\/p>\n<p style=\"text-align: justify;\"><span style=\"font-family: verdana, geneva, sans-serif;\"><em>\u00abNotre objectif principal pour 2023 est de renforcer la visibilit\u00e9 du MINEDD \u00e0 travers la coordination des actions de communication de toutes les entit\u00e9s du minist\u00e8re pour mieux r\u00e9pondre aux besoins d\u2019information et de communication internes et externes \u00bb, <\/em>s\u2019est exprim\u00e9e Madame GOUELI Frida Kahiba Chef du Service Communication et des Relations Publiques (SERCOM-RP) du Minist\u00e8re de L\u2019Environnement et du D\u00e9veloppement Durable (MINEDD).<\/span><\/p>\n<p style=\"text-align: justify;\"><span style=\"font-family: verdana, geneva, sans-serif;\">C\u2019\u00e9tait le mercredi 15 mars 2023, \u00e0 la salle de conf\u00e9rence du Minist\u00e8re de l\u2019Environnement et du D\u00e9veloppement Durable, sise \u00e0 Bonoumin.<\/span><\/p>\n<p style=\"text-align: justify;\"><span style=\"font-family: verdana, geneva, sans-serif;\">Pour atteindre cet objectif, des axes prioritaires de communications pour l\u2019ann\u00e9e 2023 ont \u00e9t\u00e9 \u00e9num\u00e9r\u00e9es \u00e0 savoir ; la production du magazine, le d\u00e9marrage prochain d\u2019une Web TV, la Production d\u2019un film documentaire et la participation du minist\u00e8re \u00e0 des \u00e9missions t\u00e9l\u00e9s et radios.<\/span><\/p>\n<p style=\"text-align: justify;\"><span style=\"font-family: verdana, geneva, sans-serif;\">Il faut dire que, les diff\u00e9rents acteurs pr\u00e9sents ont salu\u00e9 l\u2019initiative du SERCOM-RP, pour beaucoup d\u2019entre eux cette activit\u00e9 leur a permis de renforcer leurs capacit\u00e9s en terme de communication interne et externe.<\/span><\/p>\n<p style=\"text-align: justify;\"><span style=\"font-family: verdana, geneva, sans-serif;\">Cet atelier a mobilis\u00e9 38 acteurs de la communication issus des Directions et Services, des programmes et projets du MINEDD. Il a permis par ailleurs, de mettre en place un cadre de coordination et de planification pour une communication et une diffusion efficace des informations.<\/span><\/p>\n<p style=\"text-align: justify;\"><span style=\"font-family: verdana, geneva, sans-serif;\">A ce sujet, une feuille de route a \u00e9t\u00e9 d\u00e9finie pour consolider tous les acquis de l\u2019atelier.<\/span><\/p>\n","protected":false},"excerpt":{"rendered":"<p>\u00abNotre objectif principal pour 2023 est de renforcer la visibilit\u00e9 du MINEDD \u00e0 travers la coordination des actions de communication de toutes les entit\u00e9s du minist\u00e8re pour mieux r\u00e9pondre aux [&hellip;]<\/p>\n","protected":false},"author":1,"featured_media":4476,"comment_status":"closed","ping_status":"closed","sticky":false,"template":"","format":"standard","meta":{"_lmt_disableupdate":"no","_lmt_disable":"","pgc_sgb_lightbox_settings":""},"categories":[58],"tags":[],"post_folder":[59],"modified_by":"MINEDD","_links":{"self":[{"href":"https:\/\/did-dev.net\/mineddte\/wp-json\/wp\/v2\/posts\/4474"}],"collection":[{"href":"https:\/\/did-dev.net\/mineddte\/wp-json\/wp\/v2\/posts"}],"about":[{"href":"https:\/\/did-dev.net\/mineddte\/wp-json\/wp\/v2\/types\/post"}],"author":[{"embeddable":true,"href":"https:\/\/did-dev.net\/mineddte\/wp-json\/wp\/v2\/users\/1"}],"replies":[{"embeddable":true,"href":"https:\/\/did-dev.net\/mineddte\/wp-json\/wp\/v2\/comments?post=4474"}],"version-history":[{"count":2,"href":"https:\/\/did-dev.net\/mineddte\/wp-json\/wp\/v2\/posts\/4474\/revisions"}],"predecessor-version":[{"id":4483,"href":"https:\/\/did-dev.net\/mineddte\/wp-json\/wp\/v2\/posts\/4474\/revisions\/4483"}],"wp:featuredmedia":[{"embeddable":true,"href":"https:\/\/did-dev.net\/mineddte\/wp-json\/wp\/v2\/media\/4476"}],"wp:attachment":[{"href":"https:\/\/did-dev.net\/mineddte\/wp-json\/wp\/v2\/media?parent=4474"}],"wp:term":[{"taxonomy":"category","embeddable":true,"href":"https:\/\/did-dev.net\/mineddte\/wp-json\/wp\/v2\/categories?post=4474"},{"taxonomy":"post_tag","embeddable":true,"href":"https:\/\/did-dev.net\/mineddte\/wp-json\/wp\/v2\/tags?post=4474"},{"taxonomy":"post_folder","embeddable":true,"href":"https:\/\/did-dev.net\/mineddte\/wp-json\/wp\/v2\/post_folder?post=4474"}],"curies":[{"name":"wp","href":"https:\/\/api.w.org\/{rel}","templated":true}]}}