{"id":4468,"date":"2023-03-14T12:20:36","date_gmt":"2023-03-14T12:20:36","guid":{"rendered":"https:\/\/did-dev.net\/mineddte\/?p=4468"},"modified":"2023-03-30T11:00:06","modified_gmt":"2023-03-30T11:00:06","slug":"celebration-en-cote-divoire-du-cinquantenaire-de-la-journee-mondiale-de-lenvironnement-le-ministre-jean-luc-assi-lance-les-preparatifs","status":"publish","type":"post","link":"https:\/\/did-dev.net\/mineddte\/celebration-en-cote-divoire-du-cinquantenaire-de-la-journee-mondiale-de-lenvironnement-le-ministre-jean-luc-assi-lance-les-preparatifs\/","title":{"rendered":"CELEBRATION EN COTE D\u2019IVOIRE, DU CINQUANTENAIRE DE LA JOURNEE MONDIALE DE L\u2019ENVIRONNEMENT : LE MINISTRE JEAN-LUC ASSI LANCE LES PREPARATIFS"},"content":{"rendered":"<p style=\"text-align: justify;\"><span style=\"font-family: verdana, geneva, sans-serif;\"><em><img decoding=\"async\" loading=\"lazy\" class=\"alignnone size-full wp-image-4469\" src=\"https:\/\/www.environnement.gouv.ci\/wp-content\/uploads\/2023\/03\/JME-01-scaled.jpg\" alt=\"\" width=\"2560\" height=\"1003\" srcset=\"https:\/\/did-dev.net\/mineddte\/wp-content\/uploads\/2023\/03\/JME-01-scaled.jpg 2560w, https:\/\/did-dev.net\/mineddte\/wp-content\/uploads\/2023\/03\/JME-01-262x103.jpg 262w, https:\/\/did-dev.net\/mineddte\/wp-content\/uploads\/2023\/03\/JME-01-847x332.jpg 847w, https:\/\/did-dev.net\/mineddte\/wp-content\/uploads\/2023\/03\/JME-01-100x39.jpg 100w, https:\/\/did-dev.net\/mineddte\/wp-content\/uploads\/2023\/03\/JME-01-1536x602.jpg 1536w, https:\/\/did-dev.net\/mineddte\/wp-content\/uploads\/2023\/03\/JME-01-2048x803.jpg 2048w\" sizes=\"(max-width: 2560px) 100vw, 2560px\" \/><\/em><\/span><\/p>\n<p style=\"text-align: justify;\"><span style=\"font-family: verdana, geneva, sans-serif;\"><em>\u00ab Cette ann\u00e9e 2023 au niveau mondial, la C\u00f4te d\u2019Ivoire est le pays h\u00f4te de la Journ\u00e9e Mondiale de l\u2019Environnement (JME 2023). Nous avons tous le devoir de faire de cet \u00e9v\u00e8nement une r\u00e9ussite totale, comme l\u2019a \u00e9t\u00e9 l\u2019organisation de la COP15 sur la lutte contre la D\u00e9sertification et la S\u00e9cheresse \u00bb,<\/em> a annonc\u00e9 le Ministre de l\u2019Environnement et du D\u00e9veloppement Durable, Monsieur Jean-Luc ASSI. C\u2019\u00e9tait le lundi 13 mars 2023, \u00e0 l\u2019h\u00f4tel Pullman.<\/span><\/p>\n<p style=\"text-align: justify;\"><span style=\"font-family: verdana, geneva, sans-serif;\">Marquant le 50\u00e8me anniversaire de l\u2019engagement mondiale des Nations Unies pour un environnement durable dans tous les pays, la c\u00e9l\u00e9bration de la JME 2023 en C\u00f4te d\u2019Ivoire est plac\u00e9e sous le th\u00e8me <em>\u00ab solutions \u00e0 la pollution plastique \u00bb<\/em>. Elle aura lieu le 05 juin 2023, sur les bords de la lagune Ebri\u00e9. En effet, il faut dire que la quantit\u00e9 de plastiques produite par an est estim\u00e9e \u00e0 plus de 400 millions de tonnes dont 95% se retrouvent dans les lacs, les fleuves, les mers et les oc\u00e9ans. Ces plastiques, en plus d\u2019\u00eatre contenus dans la nourriture, l&#8217;eau et l&#8217;air sous forme de microplastiques, se retrouvent dans la consommation des hommes \u00e0 hauteur de 50 000 microparticules de plastique par an.<\/span><\/p>\n<p style=\"text-align: justify;\"><span style=\"font-family: verdana, geneva, sans-serif;\">C\u2019est pour juguler ce fl\u00e9au que <em>\u00ab l&#8217;Assembl\u00e9e des Nations Unies pour l&#8217;Environnement a pris la r\u00e9solution pour l\u2019\u00e9laboration d\u2019un instrument juridiquement contraignant sur la pollution plastique, y compris dans l&#8217;environnement marin. Les n\u00e9gociations en cours devraient s\u2019achever d&#8217;ici \u00e0 la fin 2024 \u00bb<\/em>, a indiqu\u00e9 Jean-Luc ASSI dans son allocution.<\/span><\/p>\n<p style=\"text-align: justify;\"><span style=\"font-family: verdana, geneva, sans-serif;\">Toutefois, il a rappel\u00e9 que la C\u00f4te d\u2019Ivoire continue de mener des actions en renfor\u00e7ant le partenariat public-priv\u00e9, en accompagnant plusieurs entreprises dans la gestion durable des d\u00e9chets plastiques \u00e0 travers la promotion de l\u2019\u00e9conomie circulaire et la cr\u00e9ation d\u2019emplois verts. Aussi, un cadre juridique a \u00e9t\u00e9 \u00e9labor\u00e9 en 2014 pour renforcer les actions de lutte contre la pollution plastique.<\/span><\/p>\n<p style=\"text-align: justify;\"><span style=\"font-family: verdana, geneva, sans-serif;\">Plusieurs personnalit\u00e9s ont pris part \u00e0 cette c\u00e9r\u00e9monie, dont les Ministres Bouak\u00e9 FOFANA de l\u2019Hydraulique, de l\u2019Assainissement et de la Salubrit\u00e9 et Fran\u00e7oise REMARCK de la Culture et la Francophonie, les Repr\u00e9sentants issus du syst\u00e8me des Nations Unies, des partenaires techniques et financiers, du Corps diplomatique et du secteur priv\u00e9.<\/span><\/p>\n<p style=\"text-align: justify;\"><span style=\"font-family: verdana, geneva, sans-serif;\">La JME 2023 sera soutenue par le gouvernement des Pays-Bas, qui fait partie des pays cit\u00e9s en exemple dans le cadre des initiatives de gestion durable des plastiques.<\/span><\/p>\n","protected":false},"excerpt":{"rendered":"<p>\u00ab Cette ann\u00e9e 2023 au niveau mondial, la C\u00f4te d\u2019Ivoire est le pays h\u00f4te de la Journ\u00e9e Mondiale de l\u2019Environnement (JME 2023). Nous avons tous le devoir de faire de [&hellip;]<\/p>\n","protected":false},"author":1,"featured_media":4469,"comment_status":"closed","ping_status":"closed","sticky":false,"template":"","format":"standard","meta":{"_lmt_disableupdate":"no","_lmt_disable":"","pgc_sgb_lightbox_settings":""},"categories":[58],"tags":[],"post_folder":[59],"modified_by":"MINEDD","_links":{"self":[{"href":"https:\/\/did-dev.net\/mineddte\/wp-json\/wp\/v2\/posts\/4468"}],"collection":[{"href":"https:\/\/did-dev.net\/mineddte\/wp-json\/wp\/v2\/posts"}],"about":[{"href":"https:\/\/did-dev.net\/mineddte\/wp-json\/wp\/v2\/types\/post"}],"author":[{"embeddable":true,"href":"https:\/\/did-dev.net\/mineddte\/wp-json\/wp\/v2\/users\/1"}],"replies":[{"embeddable":true,"href":"https:\/\/did-dev.net\/mineddte\/wp-json\/wp\/v2\/comments?post=4468"}],"version-history":[{"count":1,"href":"https:\/\/did-dev.net\/mineddte\/wp-json\/wp\/v2\/posts\/4468\/revisions"}],"predecessor-version":[{"id":4470,"href":"https:\/\/did-dev.net\/mineddte\/wp-json\/wp\/v2\/posts\/4468\/revisions\/4470"}],"wp:featuredmedia":[{"embeddable":true,"href":"https:\/\/did-dev.net\/mineddte\/wp-json\/wp\/v2\/media\/4469"}],"wp:attachment":[{"href":"https:\/\/did-dev.net\/mineddte\/wp-json\/wp\/v2\/media?parent=4468"}],"wp:term":[{"taxonomy":"category","embeddable":true,"href":"https:\/\/did-dev.net\/mineddte\/wp-json\/wp\/v2\/categories?post=4468"},{"taxonomy":"post_tag","embeddable":true,"href":"https:\/\/did-dev.net\/mineddte\/wp-json\/wp\/v2\/tags?post=4468"},{"taxonomy":"post_folder","embeddable":true,"href":"https:\/\/did-dev.net\/mineddte\/wp-json\/wp\/v2\/post_folder?post=4468"}],"curies":[{"name":"wp","href":"https:\/\/api.w.org\/{rel}","templated":true}]}}