{"id":4461,"date":"2023-03-08T14:41:15","date_gmt":"2023-03-08T14:41:15","guid":{"rendered":"https:\/\/did-dev.net\/mineddte\/?p=4461"},"modified":"2023-03-30T10:58:48","modified_gmt":"2023-03-30T10:58:48","slug":"financement-climatique-la-cote-divoire-partage-ses-experiences-aux-pays-beneficiaires-des-fonds-dinvestissement-climatiques-cif","status":"publish","type":"post","link":"https:\/\/did-dev.net\/mineddte\/financement-climatique-la-cote-divoire-partage-ses-experiences-aux-pays-beneficiaires-des-fonds-dinvestissement-climatiques-cif\/","title":{"rendered":"FINANCEMENT CLIMATIQUE\u00a0: LA COTE D\u2019IVOIRE PARTAGE SES EXPERIENCES AUX PAYS BENEFICIAIRES DES FONDS D\u2019INVESTISSEMENT CLIMATIQUES (CIF)"},"content":{"rendered":"<p style=\"text-align: justify;\"><span style=\"font-family: verdana, geneva, sans-serif;\"><img decoding=\"async\" loading=\"lazy\" class=\"size-full wp-image-4462\" src=\"https:\/\/did-dev.net\/mineddte\/wp-content\/uploads\/2023\/03\/ACTU-CIF-01-scaled.jpg\" alt=\"\" width=\"2560\" height=\"1003\" srcset=\"https:\/\/did-dev.net\/mineddte\/wp-content\/uploads\/2023\/03\/ACTU-CIF-01-scaled.jpg 2560w, https:\/\/did-dev.net\/mineddte\/wp-content\/uploads\/2023\/03\/ACTU-CIF-01-262x103.jpg 262w, https:\/\/did-dev.net\/mineddte\/wp-content\/uploads\/2023\/03\/ACTU-CIF-01-847x332.jpg 847w, https:\/\/did-dev.net\/mineddte\/wp-content\/uploads\/2023\/03\/ACTU-CIF-01-100x39.jpg 100w, https:\/\/did-dev.net\/mineddte\/wp-content\/uploads\/2023\/03\/ACTU-CIF-01-1536x602.jpg 1536w, https:\/\/did-dev.net\/mineddte\/wp-content\/uploads\/2023\/03\/ACTU-CIF-01-2048x803.jpg 2048w\" sizes=\"(max-width: 2560px) 100vw, 2560px\" \/><\/span><\/p>\n<p style=\"text-align: justify;\"><span style=\"font-family: verdana, geneva, sans-serif;\">Le Ministre de l\u2019Environnement et du D\u00e9veloppement Durable, monsieur Jean-Luc ASSI a proc\u00e9d\u00e9 \u00e0 l\u2019ouverture de l\u2019\u00e9v\u00e8nement de partage des connaissances des pays b\u00e9n\u00e9ficiaires de l\u2019appui du CIF-Afrique et de la Banque Africaine de D\u00e9veloppement (BAD) dans le cadre du programme d\u2019investissement forestier. C\u2019\u00e9tait ce lundi 06 mars 2023, dans un r\u00e9ceptif h\u00f4telier, \u00e0 Abidjan.<\/span><\/p>\n<p style=\"text-align: justify;\"><span style=\"font-family: verdana, geneva, sans-serif;\">Cet \u00e9v\u00e9nement qui est le premier du genre organis\u00e9 sur le continent Africain, est le fruit d\u2019une collaboration entre le Fonds d\u2019Investissement Climatique (CIF), le Gouvernement ivoirien et la Banque Africaine de D\u00e9veloppement (BAD). Il a r\u00e9uni d\u2019une centaine de participants issus des pays b\u00e9n\u00e9ficiaires du CIF, des Partenaires Techniques et Financiers, des ONG et de la soci\u00e9t\u00e9 civile.<\/span><\/p>\n<p style=\"text-align: justify;\"><span style=\"font-family: verdana, geneva, sans-serif;\">L\u2019objectif vis\u00e9 est un partage de connaissances et de le\u00e7ons sur 15 ans d&#8217;exp\u00e9rience de terrain des Fonds d\u2019investissement climatiques (CIF) dans les pays africains. L\u2019\u00e9v\u00e9nement a port\u00e9 sur les exp\u00e9riences du Programme d&#8217;investissement forestier (FIP) et du Programme pilote pour la r\u00e9silience climatique (PPCR) avec une vision prospective vers le Programme d&#8217;investissement \u00ab\u00a0Nature, People and Climate\u00a0\u00bb des Fonds d\u2019investissement climatiques.<\/span><\/p>\n<p style=\"text-align: justify;\"><span style=\"font-family: verdana, geneva, sans-serif;\">Il a par ailleurs, offert l\u2019occasion aux pays africains de pr\u00e9senter des innovations et des r\u00e9sultats, de discuter des d\u00e9fis rencontr\u00e9s et des le\u00e7ons apprises dans la mise en \u0153uvre de programmes sur la foresterie durable, la r\u00e9silience climatique et des solutions bas\u00e9es sur la nature \u00e0 travers les projets FIP et PPCR.<\/span><\/p>\n<p style=\"text-align: justify;\"><span style=\"font-family: verdana, geneva, sans-serif;\">En r\u00e9ponse au fort recul de sa couverture foresti\u00e8re estim\u00e9e actuellement \u00e0 2,5 millions d\u2019hectare contre 16 millions dans les ann\u00e9es 60, le ministre Jean-Luc ASSI a indiqu\u00e9 que <em>\u00ab\u00a0la C\u00f4te d\u2019Ivoire a sollicit\u00e9 et obtenu des financements du CIF pour op\u00e9rationnaliser ses strat\u00e9gies de la gestion foresti\u00e8re et de r\u00e9duction des \u00e9missions des gaz \u00e0 effet de serre dues \u00e0 la d\u00e9forestation et \u00e0 la d\u00e9gradation des for\u00eats\u00a0\u00bb.<\/em> Aussi, Apr\u00e8s la phase de pr\u00e9paration \u00e0 la REDD+, <em>\u00ab\u00a0le CIF a soutenu la C\u00f4te d\u2019Ivoire pour le financement des phases 1 et 2 du PIF et du Dons aux Communaut\u00e9s Riveraines (DGM) pour un montant global de 177 millions de dollars US\u00a0\u00bb,<\/em> a-t-il rench\u00e9ri.<\/span><\/p>\n<p style=\"text-align: justify;\"><span style=\"font-family: verdana, geneva, sans-serif;\">La mise en \u0153uvre de ses projets ont permis \u00e0 la C\u00f4te d\u2019Ivoire d\u2019\u00e9laborer sa strat\u00e9gie nationale REDD+\u00a0; d\u2019initier l\u2019\u00e9laboration des plans d\u2019am\u00e9nagement participatif des for\u00eats class\u00e9es fortement occup\u00e9es par les populations au sud-ouest du pays\u00a0; de r\u00e9aliser plus de 20 000 ha d\u2019agroforesterie cacaoy\u00e8re et de reboisement avec une forte implication des femmes\u00a0; de renforcer la protection du Parc national de Ta\u00ef, le plus grand bloc de for\u00eat primaire de l\u2019Afrique de l\u2019Ouest\u00a0; d\u2019initier des conventions avec les associations de femmes et des partenaires pour la gestion public-priv\u00e9 des for\u00eats class\u00e9es.<\/span><\/p>\n<p style=\"text-align: justify;\"><span style=\"font-family: verdana, geneva, sans-serif;\">Pour sa part, Mme Mafalda Duarte, Directrice G\u00e9n\u00e9rale du Fond d\u2019Investissement Climatique, s\u2019est dite satisfait du bilan des projets r\u00e9alis\u00e9s dans le cadre la lutte contre les effets du changement climatique dans les pays africains b\u00e9n\u00e9ficiaires et a r\u00e9it\u00e9r\u00e9 la disponibilit\u00e9 du Fond \u00e0 accompagner techniquement et financi\u00e8rement tous les pays du CIF.<\/span><\/p>\n<p style=\"text-align: justify;\"><span style=\"font-family: verdana, geneva, sans-serif;\">Rappelons que cet \u00e9v\u00e8nement va du 06 au 09 mars 2023 et sera meubl\u00e9 de panels d\u2019experts sur le climat et d\u2019expositions dans les stands des pays du CIF.<\/span><\/p>\n<p style=\"text-align: justify;\"><span style=\"font-family: verdana, geneva, sans-serif;\">Les CIF sont \u00e0 ce jour, les plus importants instruments \u00e0 proc\u00e9dure acc\u00e9l\u00e9r\u00e9e de financement de la lutte contre les changements climatiques au monde. Ils ont vocation \u00e0 offrir l\u2019appui dont les pays ont d\u2019urgence besoin pour h\u00e2ter l\u2019\u00e9v\u00e8nement d\u2019un d\u00e9veloppement sobre en carbone et r\u00e9silient aux changements climatiques. Ils soutiennent \u00e9galement des initiatives dans plus de 70 pays \u00e0 revenu faible et interm\u00e9diaire.<\/span><\/p>\n","protected":false},"excerpt":{"rendered":"<p>Le Ministre de l\u2019Environnement et du D\u00e9veloppement Durable, monsieur Jean-Luc ASSI a proc\u00e9d\u00e9 \u00e0 l\u2019ouverture de l\u2019\u00e9v\u00e8nement de partage des connaissances des pays b\u00e9n\u00e9ficiaires de l\u2019appui du CIF-Afrique et de [&hellip;]<\/p>\n","protected":false},"author":1,"featured_media":4462,"comment_status":"closed","ping_status":"closed","sticky":false,"template":"","format":"standard","meta":{"_lmt_disableupdate":"no","_lmt_disable":"","pgc_sgb_lightbox_settings":""},"categories":[58],"tags":[],"post_folder":[59],"modified_by":"MINEDD","_links":{"self":[{"href":"https:\/\/did-dev.net\/mineddte\/wp-json\/wp\/v2\/posts\/4461"}],"collection":[{"href":"https:\/\/did-dev.net\/mineddte\/wp-json\/wp\/v2\/posts"}],"about":[{"href":"https:\/\/did-dev.net\/mineddte\/wp-json\/wp\/v2\/types\/post"}],"author":[{"embeddable":true,"href":"https:\/\/did-dev.net\/mineddte\/wp-json\/wp\/v2\/users\/1"}],"replies":[{"embeddable":true,"href":"https:\/\/did-dev.net\/mineddte\/wp-json\/wp\/v2\/comments?post=4461"}],"version-history":[{"count":1,"href":"https:\/\/did-dev.net\/mineddte\/wp-json\/wp\/v2\/posts\/4461\/revisions"}],"predecessor-version":[{"id":4464,"href":"https:\/\/did-dev.net\/mineddte\/wp-json\/wp\/v2\/posts\/4461\/revisions\/4464"}],"wp:featuredmedia":[{"embeddable":true,"href":"https:\/\/did-dev.net\/mineddte\/wp-json\/wp\/v2\/media\/4462"}],"wp:attachment":[{"href":"https:\/\/did-dev.net\/mineddte\/wp-json\/wp\/v2\/media?parent=4461"}],"wp:term":[{"taxonomy":"category","embeddable":true,"href":"https:\/\/did-dev.net\/mineddte\/wp-json\/wp\/v2\/categories?post=4461"},{"taxonomy":"post_tag","embeddable":true,"href":"https:\/\/did-dev.net\/mineddte\/wp-json\/wp\/v2\/tags?post=4461"},{"taxonomy":"post_folder","embeddable":true,"href":"https:\/\/did-dev.net\/mineddte\/wp-json\/wp\/v2\/post_folder?post=4461"}],"curies":[{"name":"wp","href":"https:\/\/api.w.org\/{rel}","templated":true}]}}